{"id":7998,"date":"2014-10-17T17:01:20","date_gmt":"2014-10-17T15:01:20","guid":{"rendered":"https:\/\/wp.muchomaas.com\/la-folle-semaine-du-gouvernement7998\/"},"modified":"2023-06-23T23:18:00","modified_gmt":"2023-06-23T21:18:00","slug":"la-folle-semaine-du-gouvernement7998","status":"publish","type":"post","link":"https:\/\/archives.regards.fr\/?p=7998","title":{"rendered":"La folle semaine du gouvernement"},"content":{"rendered":"<p class=\"post_excerpt\">&#8220;Le patron est devenu fou&#8221;, pourrait-on lire sur la vitrine de cet ex\u00e9cutif qui liquide la protection sociale, multiplie les d\u00e9clarations tragi-comiques et les mesures fantaisistes. R\u00e9sum\u00e9 d&#8217;une semaine gouvernementale particuli\u00e8rement agit\u00e9e.<\/p>\n<p><strong><em>Lundi : totem et tabou<br \/>\n<\/strong><\/em><\/p>\n<p>La veille, dans le <em>Journal du dimanche<\/em>, le ministre de l&#8217;\u00c9conomie Emmanuel Macron a d\u00e9clar\u00e9 \u00e0 propos de l&#8217;assurance ch\u00f4mage :<em> \u00ab Il ne doit pas y avoir de tabou ni de posture, il y a eu une r\u00e9forme, elle est insuffisante. \u00bb<\/em> Toll\u00e9 au sein m\u00eame du PS, et r\u00e9plique de Jean-Christophe Cambad\u00e9lis : <em>\u00ab S\u2019il n\u2019y a pas de tabou \u00e0 gauche, il y a des totems. Et le premier totem c\u2019est : quand le pr\u00e9sident de la R\u00e9publique parle, les ministres ne viennent pas derri\u00e8re le contredire. \u00bb<\/em> En d&#8217;autres termes, ce n&#8217;est pas sur le fond que le premier secr\u00e9taire rappelle le patron de Bercy \u00e0 l&#8217;ordre, mais sur la discipline. L&#8217;ordre \u00e9conomique et l&#8217;ordre partisan doivent r\u00e9gner ensemble.<\/p>\n<p><strong><em>Mardi : gratuit\u00e9 le week-end, soldes sur le th\u00e9\u00e2tre<br \/>\n<\/strong><\/em><\/p>\n<p>En grande forme apr\u00e8s l&#8217;annonce du report <em>sine die<\/em> de l&#8217;\u00e9cotaxe, la ministre de l&#8217;\u00c9cologie S\u00e9gol\u00e8ne Royal r\u00e9clame aux soci\u00e9t\u00e9s d&#8217;autoroute une baisse de leurs tarifs, et sugg\u00e8re qu&#8217;elles pratiquent la gratuit\u00e9 le week-end. En pr\u00f4nant une mesure favorisant le trafic automobile le jour o\u00f9 elle pr\u00e9sente la loi sur la transition \u00e9nerg\u00e9tique, la ministre est d&#8217;une coh\u00e9rence inversement proportionnelle au caract\u00e8re farfelu de sa proposition. Instantan\u00e9ment, les demandes en faveur de la gratuit\u00e9 le week-end se multiplient sur les r\u00e9seaux sociaux (restaurants, logement, etc.). <\/p>\n<p>Fleur Pellerin, accompagn\u00e9e d&#8217;Anne Hidalgo, d\u00e9clare lors du cinquanti\u00e8me anniversaire de l&#8217;association pour le soutien du th\u00e9\u00e2tre priv\u00e9 : <em>\u00ab Le th\u00e9\u00e2tre fran\u00e7ais marche sur deux jambes (publics et priv\u00e9s), c&#8217;est ce qui fait sa force. Pour pr\u00e9server cet \u00e9quilibre, il faut encourager le travail en commun. \u00bb<\/em> Pendant le mandat de Bertrand Delano\u00eb, la Mairie de Paris a introduit la notion de recette propre dans la gestion de ses \u00e9quipements culturels. Cons\u00e9quences : mont\u00e9e en fl\u00e8che des tarifs et diminution des aides \u00e0 la cr\u00e9ation. D\u00e9velopp\u00e9e au niveau national, un telle politique aurait des cons\u00e9quences dramatiques sur l&#8217;acc\u00e8s \u00e0 la culture et la vie de la cr\u00e9ation contemporaine.<\/p>\n<p><strong><em>Mercredi : le sceptre d&#8217;autocar<br \/>\n<\/strong><\/em><\/p>\n<p>Le ministre de l&#8217;\u00c9conomie, au lendemain de l&#8217;adoption de la loi sur la transition \u00e9nerg\u00e9tique, glisse une id\u00e9e de g\u00e9nie parmi ses propositions \u2013 ouvertement &#8220;r\u00e9formistes&#8221; car il s&#8217;agit de rassurer Bruxelles et Berlin \u2013 pour s&#8217;attaquer aux <em>\u00ab trois maladies de la France \u00bb<\/em> (la d\u00e9fiance, la complexit\u00e9 et les corporatismes) : relancer le transport par autocar. Il a d\u00fb penser qu&#8217;il n&#8217;y avait pas assez de poids-lourds sur les autoroutes, et que les gueux ont bien besoin du r\u00e9tablissement de la troisi\u00e8me classe. \u00c0 noter qu&#8217;\u00e0 cette occasion, empruntant une devise \u00e0 Jean Tirole, tout neuf prix &#8220;Nobel&#8221; d\u2019\u00e9conomie, le ministre a aussi l\u00e2ch\u00e9 : <em>\u00ab \u00c0 force de trop prot\u00e9ger, on ne prot\u00e8ge rien \u00bb<\/em>.<\/p>\n<p><strong><em>Jeudi : ni philosophie, ni universalit\u00e9<br \/>\n<\/strong><\/em><\/p>\n<p>Alors que la mobilisation des chercheurs prend de l&#8217;ampleur, le Coll\u00e8ge International de Philosophie, fond\u00e9 notamment par Jacques Derrida avec le soutien du gouvernement socialiste en 1983, se voit aujourd&#8217;hui menac\u00e9 d&#8217;extinction. Pour la premi\u00e8re fois depuis trente-et-un ans, la dotation publique qui assurait sa p\u00e9rennit\u00e9 est <em>\u00ab en passe de n&#8217;\u00eatre pas vers\u00e9e \u00bb<\/em>, a indiqu\u00e9 le Coll\u00e8ge dans un communiqu\u00e9. La disparition du Coll\u00e8ge serait un symbole : seule institution philosophique en France \u00e0 \u00eatre ouverte et novatrice, foyer de la pens\u00e9e critique ces trente derni\u00e8res ann\u00e9es, elle marquerait un \u00e9ni\u00e8me reniement du gouvernement socialiste actuel.<\/p>\n<p>L&#8217;\u00c9lys\u00e9e a tranch\u00e9\u2026 dans une \u00e9ni\u00e8me promesse \u00e9lectorale de Fran\u00e7ois Hollande. C&#8217;en est fini de l&#8217;universalit\u00e9 des prestations familiales, principe r\u00e9publicain d\u00e9fendu aussi bien \u00e0 droite qu&#8217;\u00e0 gauche. Les allocations seront modul\u00e9es en fonction des revenus. Au-del\u00e0 du principe, la mesure ouvre la porte \u00e0 un d\u00e9mant\u00e8lement plus large, et surtout fragilise gravement un mod\u00e8le qui inclut aussi la progressivit\u00e9 de l&#8217;imp\u00f4t \u2013 qu&#8217;il sera encore plus facile de prendre d&#8217;assaut. <a href=\"http:\/\/www.mnlienemann.fr\/2014\/10\/moduler-les-allocations-familiales-une-erreur\/?utm_source=rss&#038;utm_medium=rss&#038;utm_campaign=moduler-les-allocations-familiales-une-erreur\">Comme le r\u00e9sume Marie-No\u00eblle Lienemann<\/a>, c&#8217;est une logique dangereuse : <em>\u00ab r\u00e9duction de la protection collective, de l\u2019\u00e9galit\u00e9 des prestations, mont\u00e9e de l\u2019assurance individuelle, &#8220;flat tax&#8221; en lieu et place de la solidarit\u00e9 collective, de l\u2019\u00e9galit\u00e9 des droits, de la mutualisation et d\u2019un imp\u00f4t juste donc progressif. \u00bb<\/em><\/p>\n<p><strong><em>Vendredi : pas d&#8217;ISF pour les collectionneurs<br \/>\n<\/strong><\/em><\/p>\n<p>D\u00e9bord\u00e9, le gouvernement l&#8217;est aussi sur sa gauche\u2026 par l&#8217;UDI. Le parti centriste avait en effet d\u00e9pos\u00e9 un amendement visant \u00e0 assujettir les \u0153uvres d&#8217;art \u00e0 l&#8217;Imp\u00f4t de solidarit\u00e9 sur la fortune (ISF), estimant qu&#8217;elles rel\u00e8vent d&#8217;un march\u00e9 sp\u00e9culatif et que leur exon\u00e9ration n&#8217;aide en rien la culture et la cr\u00e9ation. Du c\u00f4t\u00e9 des parlementaires PS Aur\u00e9lie Filippetti et Patrick Bloche, on a estim\u00e9 que cette mesure entra\u00eenerait <em>\u00ab l&#8217;effondrement du march\u00e9 de l&#8217;art en France \u00bb<\/em> et remettrait en cause <em>\u00ab la place de la France sur un march\u00e9 mondial hypercomp\u00e9titif \u00bb<\/em> (cit\u00e9s par lemonde.fr). Le march\u00e9, la comp\u00e9titivit\u00e9 : les socialistes savent bien ce qu&#8217;ils d\u00e9fendent. Heureusement, ils ont re\u00e7u le soutien de l&#8217;UMP, qui a aussi vot\u00e9 contre. Ce jour encore, ils ont pu se f\u00e9liciter de leur courage, s&#8217;agissant de ne rien c\u00e9der aux <a href=\"https:\/\/wp.muchomaas.com\/web\/les-chercheurs-tirent-la-sonnette,7995\">chercheurs mobilis\u00e9s depuis trois semaines<\/a>. Bravo !<br \/>\n<div id='gallery-1' class='gallery galleryid-7998 gallery-columns-3 gallery-size-thumbnail'><figure class='gallery-item'>\n\t\t\t<div class='gallery-icon landscape'>\n\t\t\t\t<a href='https:\/\/archives.regards.fr\/wp-content\/uploads\/2014\/10\/semaine-gouvernement-6f9.jpg'><img loading=\"lazy\" decoding=\"async\" width=\"150\" height=\"150\" src=\"https:\/\/archives.regards.fr\/wp-content\/uploads\/2014\/10\/semaine-gouvernement-6f9-150x150.jpg\" class=\"attachment-thumbnail size-thumbnail\" alt=\"semaine-gouvernement.jpg\" \/><\/a>\n\t\t\t<\/div><\/figure>\n\t\t<\/div>\n<\/p>\n","protected":false},"excerpt":{"rendered":"<p>&#8220;Le patron est devenu fou&#8221;, pourrait-on lire sur la vitrine de cet ex\u00e9cutif qui liquide la protection sociale, multiplie les d\u00e9clarations tragi-comiques et les mesures fantaisistes. R\u00e9sum\u00e9 d&#8217;une semaine gouvernementale particuli\u00e8rement agit\u00e9e.<\/p>\n","protected":false},"author":643,"featured_media":20784,"comment_status":"open","ping_status":"open","sticky":false,"template":"","format":"standard","meta":{"_themeisle_gutenberg_block_has_review":false,"footnotes":""},"categories":[157],"tags":[],"class_list":["post-7998","post","type-post","status-publish","format-standard","has-post-thumbnail","hentry","category-web"],"_links":{"self":[{"href":"https:\/\/archives.regards.fr\/index.php?rest_route=\/wp\/v2\/posts\/7998","targetHints":{"allow":["GET"]}}],"collection":[{"href":"https:\/\/archives.regards.fr\/index.php?rest_route=\/wp\/v2\/posts"}],"about":[{"href":"https:\/\/archives.regards.fr\/index.php?rest_route=\/wp\/v2\/types\/post"}],"author":[{"embeddable":true,"href":"https:\/\/archives.regards.fr\/index.php?rest_route=\/wp\/v2\/users\/643"}],"replies":[{"embeddable":true,"href":"https:\/\/archives.regards.fr\/index.php?rest_route=%2Fwp%2Fv2%2Fcomments&post=7998"}],"version-history":[{"count":0,"href":"https:\/\/archives.regards.fr\/index.php?rest_route=\/wp\/v2\/posts\/7998\/revisions"}],"wp:featuredmedia":[{"embeddable":true,"href":"https:\/\/archives.regards.fr\/index.php?rest_route=\/wp\/v2\/media\/20784"}],"wp:attachment":[{"href":"https:\/\/archives.regards.fr\/index.php?rest_route=%2Fwp%2Fv2%2Fmedia&parent=7998"}],"wp:term":[{"taxonomy":"category","embeddable":true,"href":"https:\/\/archives.regards.fr\/index.php?rest_route=%2Fwp%2Fv2%2Fcategories&post=7998"},{"taxonomy":"post_tag","embeddable":true,"href":"https:\/\/archives.regards.fr\/index.php?rest_route=%2Fwp%2Fv2%2Ftags&post=7998"}],"curies":[{"name":"wp","href":"https:\/\/api.w.org\/{rel}","templated":true}]}}