{"id":7976,"date":"2014-10-08T09:31:51","date_gmt":"2014-10-08T07:31:51","guid":{"rendered":"https:\/\/wp.muchomaas.com\/l-ecologie-politique-point-de7976\/"},"modified":"2014-10-08T09:31:51","modified_gmt":"2014-10-08T07:31:51","slug":"l-ecologie-politique-point-de7976","status":"publish","type":"post","link":"https:\/\/archives.regards.fr\/?p=7976","title":{"rendered":"L\u2019\u00e9cologie politique, point de convergence de la gauche ?"},"content":{"rendered":"<p class=\"post_excerpt\">Reporterre organisait \u00e0 Paris, lundi soir, une rencontre intitul\u00e9e &#8220;L&#8217;\u00e9cologie au c\u0153ur de la reconstruction politique&#8221;, pour confronter les points de vue sur le mode de la participation citoyenne, et pour amorcer un renouvellement de la gauche.<\/p>\n<p>Apr\u00e8s le r\u00e9sultat calamiteux des \u00e9lections municipales et europ\u00e9ennes de ce d\u00e9but d\u2019ann\u00e9e, les initiatives pour r\u00e9initialiser le logiciel de la gauche fleurissent. Lundi 6 octobre au soir, c\u2019est le site <a href=\"http:\/\/www.reporterre.net\/spip.php?article6393\">Reporterre<\/a> qui organise une rencontre d\u00e9bat sur le r\u00f4le de l\u2019\u00e9cologie politique dans l\u2019alternative. Le th\u00e9\u00e2tre Dejazet accueille l\u2019\u00e9v\u00e9nement et est rapidement plein d\u2019une foule venue interpeller autant qu\u2019\u00e9couter les responsables politiques. Sur la suggestion des organisateurs, la salle fait entendre \u00e0 la tribune qu\u2019elle entend voir les organisations s\u2019entendre sur des aspects tr\u00e8s concrets.<\/p>\n<p><strong><em>L&#8217;exp\u00e9rience des luttes communes<br \/>\n<\/strong><\/em><\/p>\n<p>Herv\u00e9 Kempf, co-ma\u00eetre de c\u00e9r\u00e9monie de la soir\u00e9e avec \u00c9lise Aubry, insiste sur la n\u00e9cessit\u00e9 de d\u00e9passer le constat de la<em> \u00ab trahison \u00bb<\/em> du Parti socialiste et de sa <em>\u00ab d\u00e9rive oligarchique \u00bb<\/em> pour aller vers la mise en lumi\u00e8re de propositions communes aux forces qui ont mis l\u2019\u00e9cologie au c\u0153ur de leur projet politique. Il appuie son invitation sur les propos des internautes collect\u00e9s par Reporterre en amont du d\u00e9bat. La salle t\u00e9moigne, au travers de ses questions, de la m\u00eame volont\u00e9.<\/p>\n<p>Les intervenants, repr\u00e9sentant &#8220;petits&#8221; et &#8220;grands&#8221; partis mais aussi des mouvements politiques comme Utopia ou eux-m\u00eames, ne se font pas prier. De <a href=\"https:\/\/wp.muchomaas.com\/web\/pierre-larrouturou-on-peut-changer,7747\">Pierre Larrouturou<\/a> (Nouvelle donne) \u00e0 No\u00ebl Mam\u00e8re (d\u00e9put\u00e9 apparent\u00e9 Europe \u00c9cologie-les Verts), chacun affirme que l\u2019\u00e9cologie est incompatible avec le capitalisme. Filant la coh\u00e9rence, et r\u00e9pondant \u00e0 l\u2019invitation du premier orateur \u00e0 mettre le sujet sur la table, le porte-parole d\u2019EELV Julien Bayou, la n\u00e9cessit\u00e9 d\u2019une action r\u00e9solue contre le projet de <a href=\"https:\/\/wp.muchomaas.com\/web\/c-est-quoi-le-partenariat,7683\">Grand march\u00e9 transatlantique<\/a> (GMT ou TAFTA) appara\u00eet comme le premier point sur lequel la diversit\u00e9 politique repr\u00e9sent\u00e9e peut s\u2019entendre. Tout un chacun s\u2019accorde sur la n\u00e9cessit\u00e9 de r\u00e9ussir la mobilisation europ\u00e9enne du 11 octobre contre le Trait\u00e9 transatlantique.<\/p>\n<p>Les participants, au demeurant, ont d\u00e9j\u00e0 <em>\u00ab l\u2019exp\u00e9rience de nombreuses luttes communes \u00bb<\/em>, rel\u00e8ve Corinne Morel-Darleux, du Parti de gauche, en les listant : sortie du nucl\u00e9aire, refus des gaz de schiste, Notre-Dame-des-Landes, ZAD du Testet dans le Tarn ou <a href=\"https:\/\/wp.muchomaas.com\/web\/ferme-des-1-000-vaches-la-negation,7952\">ferme des mille vaches<\/a>\u2026 Elle estime que <em>\u00ab l\u2019enjeu du climat<\/em> [ndlr qui fera l\u2019objet d\u2019une conf\u00e9rence internationale en 2015 \u00e0 Paris] <em>devrait suffire \u00e0 cr\u00e9er des convergences \u00bb.<\/em> Avant de relativiser l\u2019enjeu \u00e9cologique s\u2019il n\u2019est pas assorti d\u2019une prise en compte des dimensions sociales et d\u00e9mocratiques. Un point de vue partag\u00e9 par No\u00ebl Mam\u00e8re, jamais avare d\u2019une remise en cause : <em>\u00ab Aucun d\u2019entre nous ne peut dire que l\u2019\u00e9cologie va r\u00e9gler tous les probl\u00e8mes. Ce serait de l\u2019\u00e9co-totalitarisme. \u00bb<\/em><\/p>\n<p><strong><em>\u00ab Un changement venu du bas \u00bb<br \/>\n<\/strong><\/em><\/p>\n<p>Reprenant la balle au bond, la d\u00e9put\u00e9e socialiste frondeuse Barbara Romagnan souhaite que la loi de transition \u00e9nerg\u00e9tique, dont l\u2019examen vient de commencer \u00e0 l\u2019Assembl\u00e9e nationale, devienne <em>\u00ab un outil de r\u00e9partition des richesses au profit des 8 millions de personnes qui souffrent de pr\u00e9carit\u00e9 \u00e9nerg\u00e9tique \u00bb<\/em>. Ce projet de loi, dans sa pr\u00e9sentation actuelle, est d\u2019ailleurs loin de satisfaire la parlementaire ou les autres intervenants. &#8220;Projet bas carbone&#8221;, il appara\u00eet loin des ambitions en mati\u00e8re de recherche d\u2019\u00e9nergies nouvelles et encore plus loin d\u2019une v\u00e9ritable &#8220;transition \u00e9cologique&#8221;. Le texte de loi t\u00e9moigne plut\u00f4t de la difficult\u00e9 qu\u2019ont les partis <em>\u00ab \u00e0 \u00eatre le creuset de l\u2019action et de la cr\u00e9ation politiques de demain \u00bb<\/em>, selon les mots d\u2019Anne Le Strat, qui repr\u00e9sente le mouvement Utopia. <\/p>\n<p>Dans la critique des partis &#8220;traditionnels&#8221;, Vincent Liegey, du Parti de la d\u00e9croissance, n\u2019y va pas de main morte. Il appelle \u00e0 <em>\u00ab rompre avec les vieilles pratiques \u00bb<\/em> pour promouvoir <em>\u00ab un changement venu du bas, bas\u00e9 sur la r\u00e9appropriation des espaces, la r\u00e9appropriation des communs \u00bb<\/em>, mettant en exergue les exp\u00e9riences des Indign\u00e9s, d\u2019Occupy ou de <a href=\"https:\/\/wp.muchomaas.com\/web\/jorge-lago-podemos-nous-voulons,7792\">Podemos<\/a> en Espagne. Pierre Larrouturou poursuit en rappelant que <em>\u00ab le mur de Berlin n\u2019est pas tomb\u00e9 gr\u00e2ce \u00e0 une coalition de partis, mais \u00e0 la convergence joyeuse des citoyens \u00bb. <\/em> Pour autant, l\u2019\u00e9conomiste pass\u00e9 par le PS et les Verts invite \u00e0 <em>\u00ab se donner les moyens d\u2019incarner une alternative avec le soutien des partis \u00bb.<\/em> Il souhaite aussi <em>\u00ab construire les d\u00e9saccords en allant jusqu\u2019au bout des d\u00e9bats de fond \u00bb<\/em>. Une d\u00e9marche qui trouve \u00e9cho dans la proposition faite, au nom d\u2019Ensemble ! par Myriam Martin, de tenir partout en France des <em>\u00ab assises de la gauche radicale pour construire les conditions de l\u2019alternative politique \u00bb<\/em>. <\/p>\n<p>La tribune converge, enfin, \u00e0 diagnostiquer une soci\u00e9t\u00e9 o\u00f9 <em>\u00ab le mal-\u00eatre domine \u00bb, \u00ab une soci\u00e9t\u00e9 en d\u00e9pression qui augure des replis identitaires, du renfermement \u00bb, <\/em> souligne Barbara Romagnan. Ce qui am\u00e8ne chacun \u00e0 proposer de r\u00e9introduire de la <em>\u00ab po\u00e9sie \u00bb<\/em>, selon le mot de Corinne Morel-Darleux, <em>\u00ab dans un nouvel imaginaire collectif \u00bb.<\/em> Les boucles du Magnetic Band, groupe de musiciens qui a anim\u00e9 toute la soir\u00e9e, ont sembl\u00e9 indiquer que c\u2019\u00e9tait possible.<\/p>\n","protected":false},"excerpt":{"rendered":"<p>Reporterre organisait \u00e0 Paris, lundi soir, une rencontre intitul\u00e9e &#8220;L&#8217;\u00e9cologie au c\u0153ur de la reconstruction politique&#8221;, pour confronter les points de vue sur le mode de la participation citoyenne, et pour amorcer un renouvellement de la gauche.<\/p>\n","protected":false},"author":1149,"featured_media":0,"comment_status":"open","ping_status":"open","sticky":false,"template":"","format":"standard","meta":{"_themeisle_gutenberg_block_has_review":false,"footnotes":""},"categories":[157],"tags":[],"class_list":["post-7976","post","type-post","status-publish","format-standard","hentry","category-web"],"_links":{"self":[{"href":"https:\/\/archives.regards.fr\/index.php?rest_route=\/wp\/v2\/posts\/7976","targetHints":{"allow":["GET"]}}],"collection":[{"href":"https:\/\/archives.regards.fr\/index.php?rest_route=\/wp\/v2\/posts"}],"about":[{"href":"https:\/\/archives.regards.fr\/index.php?rest_route=\/wp\/v2\/types\/post"}],"author":[{"embeddable":true,"href":"https:\/\/archives.regards.fr\/index.php?rest_route=\/wp\/v2\/users\/1149"}],"replies":[{"embeddable":true,"href":"https:\/\/archives.regards.fr\/index.php?rest_route=%2Fwp%2Fv2%2Fcomments&post=7976"}],"version-history":[{"count":0,"href":"https:\/\/archives.regards.fr\/index.php?rest_route=\/wp\/v2\/posts\/7976\/revisions"}],"wp:attachment":[{"href":"https:\/\/archives.regards.fr\/index.php?rest_route=%2Fwp%2Fv2%2Fmedia&parent=7976"}],"wp:term":[{"taxonomy":"category","embeddable":true,"href":"https:\/\/archives.regards.fr\/index.php?rest_route=%2Fwp%2Fv2%2Fcategories&post=7976"},{"taxonomy":"post_tag","embeddable":true,"href":"https:\/\/archives.regards.fr\/index.php?rest_route=%2Fwp%2Fv2%2Ftags&post=7976"}],"curies":[{"name":"wp","href":"https:\/\/api.w.org\/{rel}","templated":true}]}}