{"id":7974,"date":"2014-10-07T10:48:17","date_gmt":"2014-10-07T08:48:17","guid":{"rendered":"https:\/\/wp.muchomaas.com\/philharmonie-de-paris-le-prix-de-l7974\/"},"modified":"2014-10-07T10:48:17","modified_gmt":"2014-10-07T08:48:17","slug":"philharmonie-de-paris-le-prix-de-l7974","status":"publish","type":"post","link":"https:\/\/archives.regards.fr\/?p=7974","title":{"rendered":"Philharmonie de Paris : le prix de l&#8217;architecte"},"content":{"rendered":"<p class=\"post_excerpt\">La Philharmonie de Jean Nouvel \u00e0 Paris, r\u00e9alisation aussi spectaculaire sur le plan esth\u00e9tique que dispendieuse sur celui de son co\u00fbt, pose la question de la responsabilit\u00e9 de l&#8217;architecte envers la sobri\u00e9t\u00e9 que devrait requ\u00e9rir l&#8217;\u00e9poque.<\/p>\n<p>Jean Nouvel, auteur de la Philharmonie de Paris, est le plus c\u00e9l\u00e8bre des architectes fran\u00e7ais, un des rares titulaires du Pritzker, le Nobel de l\u2019architecture. L\u2019un de ses tout premiers b\u00e2timents, le premier peut-\u00eatre qu\u2019il ait construit \u00e0 titre personnel, \u00e9tait une maison. Le projet qu\u2019il avait pr\u00e9sent\u00e9 ne convenait pas aux instructeurs qui exig\u00e8rent un toit. Jean Nouvel r\u00e9agit avec humour en diff\u00e9renciant par la teinte des briques ce qu\u2019il souhaitait faire et les volumes suppl\u00e9mentaires qui lui \u00e9taient impos\u00e9s.<\/p>\n<p><strong><em>Iconiquement correct, \u00e9conomiquement exorbitant<br \/>\n<\/strong><\/em><\/p>\n<p>Aujourd\u2019hui, alors qu\u2019il est au fa\u00eete de sa gloire et de son art, on peut analyser son op\u00e9ration de la Philharmonie de la m\u00eame fa\u00e7on. \u00c0 un noyau rationnel et n\u00e9cessaire s\u2019ajoutent des excroissances qui, en l\u2019occurrence, ne r\u00e9pondent pas au bureaucratiquement correct mais \u00e0 l\u2019iconiquement correct, c\u2019est-\u00e0-dire aux images dominantes qui font la loi dans les jurys d\u2019architecture. Aujourd\u2019hui, le <em>morphing<\/em> que permettent les ordinateurs et la vogue de Zaha Hadid ou de Franck Gehry affolent les uns et les autres. Ce dernier construit dans le bois de Boulogne un b\u00e2timent \u00e0 deux niveaux\u2026 de quarante-deux m\u00e8tres de haut. Si son m\u00e9c\u00e8ne veut bien d\u00e9bourser 250 millions d&#8217;euros (toutes d\u00e9penses confondues) pour b\u00e2tir 10.000 m\u00e8tres carr\u00e9s, soit environ quinze fois plus au m\u00e8tre carr\u00e9 qu\u2019un HLM, nous avons en contrepartie la perfection sculpturale et technique de l\u2019\u0153uvre et le fait que cet argent est priv\u00e9 (discuter de son accumulation est un autre probl\u00e8me !).<\/p>\n<p>N\u2019importe quel automobiliste passant sur le p\u00e9riph\u00e9rique, n\u2019importe quel pi\u00e9ton se promenant sur les boulevards des mar\u00e9chaux ou depuis le parc de la Villette peut voir que le noyau et l\u2019\u00e9cume des formes coexistent dans le b\u00e2timent de la Philharmonie, et que leurs intersections, comme leur coexistence, ne sont en rien pacifiques. Cela peut ressortir d\u2019une volont\u00e9 esth\u00e9tique, certes, mais ce b\u00e2timent est financ\u00e9 dans son premier investissement, comme dans son entretien, par l\u2019argent public. Sa fragilit\u00e9 volontaire, un certain souci du mal foutu, rejoignent les b\u00e9tons grossi\u00e8rement banch\u00e9s qui ont fait la gloire de le Corbusier. Si l&#8217;on peut en admettre le principe, il ne peut \u00eatre r\u00e9alis\u00e9 \u00e0 cette \u00e9chelle et \u00e0 ce co\u00fbt, dans l\u2019explosion des budgets qui caract\u00e9risent cette op\u00e9ration, dont la cons\u00e9quence est \u00e0 la fois \u00e0 la mise sous tutelle de l\u2019architecte sur le chantier et le refus de la ville de Paris de combler le trou \u2013 qui n\u2019est celui des Halles (ceci est une autre affaire\u2026).<\/p>\n<p>Ce projet installe pourtant la musique au c\u0153ur d\u2019un quartier populaire, en bordure du p\u00e9riph\u00e9rique m\u00eame, dans le parc de la Villette, \u00e0 c\u00f4t\u00e9 de la Cit\u00e9 de la musique et du Z\u00e9nith. L\u2019id\u00e9e d\u2019une salle o\u00f9 les spectateurs sont r\u00e9partis tout autour des musiciens, comme celle des toits accessibles \u00e0 la promenade font partie des atouts du projet.<\/p>\n<p><strong><em>La sobri\u00e9t\u00e9 comme n\u00e9cessit\u00e9<br \/>\n<\/strong><\/em><\/p>\n<p>Pouss\u00e9s dans leurs retranchements, les d\u00e9fenseurs du ce dernier mettent en regard son co\u00fbt et celui d\u2019un avion de combat, d\u2019un missile sophistiqu\u00e9, d\u2019une journ\u00e9e de guerre. Mais c\u2019est comparer ce projet au g\u00e2chis, \u00e0 la destruction que de se r\u00e9fugier derri\u00e8re ces paravents. Un monde sobre, un monde fonctionnel, un monde solidaire a une attitude autre envers l\u2019argent \u2013pas celui des casinos \u2013 mais celui du travail fig\u00e9, celui de la peine des hommes, celui des ressources limit\u00e9es de notre plan\u00e8te.<\/p>\n<p>Il est difficile d\u2019entendre d\u00e9noncer quotidiennement, la hausse des imp\u00f4ts, de l\u2019\u00e9nergie, des transports en commun, des loyers et de voir 386 millions (le triple du budget initial) d\u2019argent public d\u00e9pens\u00e9s pour 20.000 m\u00e8tres carr\u00e9s construits, soit pr\u00e8s de 20.000 euros le m\u00e8tre carr\u00e9. Le prix de deux v\u00e9hicules populaires au m\u00e8tre carr\u00e9 (ce qui revient \u00e0 dire que le m\u00e8tre carr\u00e9 d\u2019un b\u00e2timent fixe co\u00fbte six fois plus cher que celui d\u2019un objet motoris\u00e9 !). <\/p>\n<p>Ne soyons pas mis\u00e9rabilistes, mais ce projet co\u00fbte au moins quatre fois le prix d\u2019un th\u00e9\u00e2tre habituel. Cette d\u00e9fense et illustration de l\u2019inventivit\u00e9 et du talent de Jean Nouvel ne risquent-t-elles pas, \u00e0 ces niveaux de prix, de se retourner contre l\u2019id\u00e9e m\u00eame de la d\u00e9pense culturelle ? Au niveau du smic actuel, c\u2019est 22.000 ans ou la vie enti\u00e8re de travail de plus de cinq cent salari\u00e9s pay\u00e9s au smic (ils sont encore trois millions en France) qui sont l\u00e0 investis. La sobri\u00e9t\u00e9 est une n\u00e9cessit\u00e9 du monde o\u00f9 nous vivons, elle est la condition d\u2019une meilleure distribution des richesses et des biens, dans les pays riches certes, comme la France, mais aussi entre pays pauvres et pays riches. Les interventions r\u00e9centes de la France en Afrique nous le rappellent. Et pour illustrer cette attitude sobre, Picasso, auteur de quelques formules \u00e0 l\u2019emporte pi\u00e8ce que sa pratique justifiait, avait le culot d\u2019affirmer : <em>\u00ab Quand je n\u2019ai pas de rouge, je prends du bleu. \u00bb<\/em><\/p>\n<p><strong><em>La culture et la responsabilit\u00e9<br \/>\n<\/strong><\/em><\/p>\n<p>On a envie de dire \u00e0 Jean Nouvel, quand l\u2019argent public s\u2019installe durablement dans la raret\u00e9, de faire la preuve de son talent authentique et singulier dans des budgets compatibles avec les moyens de la soci\u00e9t\u00e9. Des roses sans aucun doute, mais aussi du pain. Et puisque la culture ne saurait \u00eatre l\u2019apanage d\u2019une seule \u00e9lite, ce n\u2019est pas en augmentant, sans raison, le prix des b\u00e2timents, et donc leur co\u00fbt de fonctionnement, et donc celui des places, que l\u2019on d\u00e9mocratisera l\u2019\u00e9coute de Mahler ni m\u00eame de Mozart.<\/p>\n<p>La culture ne peut vivre sans subventions \u2013 si elle doit \u00e9chapper \u00e0 la logique marchande \u2013, mais cela engage d\u2019autant plus la responsabilit\u00e9 de tous ceux qui contribuent \u00e0 la faire vivre. Abu Dhabi peut sans doute faire construire une coupole de 180 m\u00e8tres de diam\u00e8tre flottant sur l\u2019eau. Est-ce l\u00e0 l\u2019id\u00e9al auquel nous aspirons ? Est-ce la repr\u00e9sentation d\u2019une culture qui serait \u00e9litiste pour tous, selon le slogan ? <\/p>\n<p>La d\u00e9mocratie a besoin de symboles, la Tour Eiffel ou Beaubourg ont marqu\u00e9 leurs si\u00e8cles. Le Mucem \u00e0 Marseille a tout r\u00e9cemment frapp\u00e9 les esprits, mais ce dernier b\u00e2timent a co\u00fbt\u00e9 quatre fois moins au m\u00e8tre carr\u00e9 que la Philharmonie. Leurs programmes ne sont pas comparables, certes, mais l\u2019expressivit\u00e9, l\u2019invention sont les m\u00eames. Si des b\u00e2timents publics quittent les chemins de la rationalit\u00e9 pour aller vers le caprice ou l\u2019intention sculpturale, ont-ils besoin de s\u2019exprimer \u00e0 de telles \u00e9chelles ? La magnificence du Taj Mahal avait pour contrepartie l\u2019esclavage.<\/p>\n<p>\u00c0 l\u2019oppos\u00e9, Ronchamp, en son temps \u2013 modeste chapelle, sculpture totale \u2013 a boulevers\u00e9 le monde architectural. Il n\u2019est pas besoin de gigantisme pour<em> \u00ab amener \u00e0 la culture par l\u2019architecture \u00bb, <\/em> comme le dit Jean Nouvel. On souhaiterait que cette exigence se manifeste aussi et d\u2019abord dans le logement des hommes, aujourd\u2019hui abandonn\u00e9 aux logiques du march\u00e9 et du produit, m\u00eame quand ils sont emball\u00e9s comme des paquets cadeaux. Sa premi\u00e8re maison de culture architecturale, c\u2019est tout de m\u00eame le logis de chacun, et \u00e0 vouloir transmettre la culture architecturale uniquement par quelques projets d\u2019exception, ne recr\u00e9e t-on pas des conditions d\u2019un \u00e9litisme que l\u2019ont dit vouloir combattre ?<\/p>\n","protected":false},"excerpt":{"rendered":"<p>La Philharmonie de Jean Nouvel \u00e0 Paris, r\u00e9alisation aussi spectaculaire sur le plan esth\u00e9tique que dispendieuse sur celui de son co\u00fbt, pose la question de la responsabilit\u00e9 de l&#8217;architecte envers la sobri\u00e9t\u00e9 que devrait requ\u00e9rir l&#8217;\u00e9poque.<\/p>\n","protected":false},"author":1,"featured_media":0,"comment_status":"open","ping_status":"open","sticky":false,"template":"","format":"standard","meta":{"_themeisle_gutenberg_block_has_review":false,"footnotes":""},"categories":[157],"tags":[423],"class_list":["post-7974","post","type-post","status-publish","format-standard","hentry","category-web","tag-architecture"],"_links":{"self":[{"href":"https:\/\/archives.regards.fr\/index.php?rest_route=\/wp\/v2\/posts\/7974","targetHints":{"allow":["GET"]}}],"collection":[{"href":"https:\/\/archives.regards.fr\/index.php?rest_route=\/wp\/v2\/posts"}],"about":[{"href":"https:\/\/archives.regards.fr\/index.php?rest_route=\/wp\/v2\/types\/post"}],"author":[{"embeddable":true,"href":"https:\/\/archives.regards.fr\/index.php?rest_route=\/wp\/v2\/users\/1"}],"replies":[{"embeddable":true,"href":"https:\/\/archives.regards.fr\/index.php?rest_route=%2Fwp%2Fv2%2Fcomments&post=7974"}],"version-history":[{"count":0,"href":"https:\/\/archives.regards.fr\/index.php?rest_route=\/wp\/v2\/posts\/7974\/revisions"}],"wp:attachment":[{"href":"https:\/\/archives.regards.fr\/index.php?rest_route=%2Fwp%2Fv2%2Fmedia&parent=7974"}],"wp:term":[{"taxonomy":"category","embeddable":true,"href":"https:\/\/archives.regards.fr\/index.php?rest_route=%2Fwp%2Fv2%2Fcategories&post=7974"},{"taxonomy":"post_tag","embeddable":true,"href":"https:\/\/archives.regards.fr\/index.php?rest_route=%2Fwp%2Fv2%2Ftags&post=7974"}],"curies":[{"name":"wp","href":"https:\/\/api.w.org\/{rel}","templated":true}]}}