{"id":7966,"date":"2014-09-30T11:27:51","date_gmt":"2014-09-30T09:27:51","guid":{"rendered":"https:\/\/wp.muchomaas.com\/securite-sociale-les-familles7966\/"},"modified":"2023-06-23T23:17:57","modified_gmt":"2023-06-23T21:17:57","slug":"securite-sociale-les-familles7966","status":"publish","type":"post","link":"https:\/\/archives.regards.fr\/?p=7966","title":{"rendered":"S\u00e9curit\u00e9 sociale : les familles cibl\u00e9es par l\u2019aust\u00e9rit\u00e9"},"content":{"rendered":"<p class=\"post_excerpt\">Le gouvernement socialiste poursuit son programme de d\u00e9tricotage social. Lundi, la ministre de la Sant\u00e9 Marisol Touraine a d\u00e9taill\u00e9 une s\u00e9rie de pistes devant permettre de r\u00e9aliser 700 millions d\u2019\u00e9conomies sur la branche famille de la S\u00e9cu en 2015. <\/p>\n<p>Au menu du minist\u00e8re : r\u00e9duction de la dur\u00e9e du cong\u00e9 parental pour les m\u00e8res, division par trois de la prime de naissance, (actuellement de 923 euros), \u00e0 partir du deuxi\u00e8me enfant et baisse des aides \u00e0 la garde d\u2019enfant pour les familles ais\u00e9es. Cette derni\u00e8re mesure n\u2019est pas aussi juste qu\u2019elle en a l\u2019air : car le gouvernement semble habituellement consid\u00e9rer comme &#8220;famille ais\u00e9e&#8221; un couple avec deux enfants gagnant 53.000 euros par an (soit 2.200 euros mensuels chacun). Ce ne sont donc pas les quelques millionnaires qui sont vis\u00e9s. De fait, <a href=\"http:\/\/www.inegalites.fr\/spip.php?article1432&#038;id_rubrique=171&#038;id_groupe=9&#038;id_mot=130\">l&#8217;Observatoire fran\u00e7ais des in\u00e9galit\u00e9s<\/a> consid\u00e8re que l\u2019on est riche lorsque l\u2019on gagne plus de deux fois le revenu m\u00e9dian, soit au-del\u00e0 de 7.683 euros par mois pour un couple avec deux enfants. <\/p>\n<p><strong><em>C&#8217;est la crise qui creuse le &#8220;trou&#8221;<br \/>\n<\/strong><\/em><\/p>\n<p>En plus des \u00e9conomies sur la branche famille, Marisol Touraine a pr\u00e9sent\u00e9 un plan d\u2019\u00e9conomies de 3,2 milliards sur la branche maladie. \u00c9videmment, c\u2019est pour la bonne cause : selon la commission des comptes de la S\u00e9curit\u00e9 sociale, le d\u00e9ficit du r\u00e9gime g\u00e9n\u00e9ral en France s&#8217;aggraverait \u00e0 14,7 milliards d&#8217;euros en 2015 sans mesure nouvelle d&#8217;\u00e9conomies. Apr\u00e8s avoir servi \u00e0 justifier les d\u00e9remboursements de m\u00e9dicaments, le ticket mod\u00e9rateur, la franchise m\u00e9dicale et le forfait hospitalier pay\u00e9s par les patients, le fameux &#8220;trou de la s\u00e9cu&#8221; est une fois de plus mobilis\u00e9 pour signaler que nous vivons <em>\u00ab au-dessus de nos moyens \u00bb <\/em> et pour l\u00e9gitimer de nouvelles coupes dans les d\u00e9penses publiques. <\/p>\n<p>Mais ce que le gouvernement feint d\u2019ignorer, c\u2019est qu\u2019il est normal qu\u2019en p\u00e9riode de crise, les recettes en baisse ne suffisent pas \u00e0 satisfaire les besoins en financement. Autrement dit le &#8220;trou&#8221; n\u2019est pas le fait de d\u00e9penses <em>\u00ab excessives \u00bb<\/em> mais de la chute de la masse salariale et des rentr\u00e9es fiscales. Sans compter le manque \u00e0 gagner que repr\u00e9sentent les fraudes patronales. Selon le tout r\u00e9cent rapport annuel de la Cour des comptes, le niveau des fraudes aux cotisations s&#8217;est \u00e9tabli \u00e0 un niveau record en 2012, avec un montant estim\u00e9 entre 20,1 et 24,9 milliards d&#8217;euros. Ce sont ainsi pr\u00e8s de 5% des recettes de la S\u00e9cu qui manquent chaque ann\u00e9e dans les caisses. \u00c9tonnamment, on entend peu Marisol Touraine sur ce sujet.<\/p>\n<p><strong><em>Baisse du &#8220;co\u00fbt&#8221; du travail et ass\u00e8chement des ressources<br \/>\n<\/strong><\/em><\/p>\n<p>Au-del\u00e0 de l\u2019impact de la fraude, comment s\u2019\u00e9tonner que le d\u00e9ficit se creuse quand l\u2019\u00c9tat ne cesse de multiplier les all\u00e8gements et exon\u00e9rations de cotisations, alors que les d\u00e9penses de sant\u00e9 sont structurellement amen\u00e9es \u00e0 augmenter pour des raisons d\u2019am\u00e9lioration des soins et de vieillissement de la population ? Depuis les ann\u00e9es 90, les gouvernements Balladur, Jupp\u00e9, Jospin et Fillon ont successivement mis en place des dispositifs fiscaux destin\u00e9s \u00e0 faire baisser le &#8220;co\u00fbt du travail&#8221; au nom de la comp\u00e9titivit\u00e9 des entreprises fran\u00e7aises, mais qui n\u2019ont fait qu\u2019ass\u00e9cher progressivement les ressources de la S\u00e9curit\u00e9 sociale. Un mauvais calcul du point de vue aussi bien social que macro\u00e9conomique puisque les familles priv\u00e9es d\u2019allocations ou de couverture sant\u00e9 sont incit\u00e9es \u00e0 se serrer la ceinture pour se soigner ou pour \u00e9pargner, ce qui r\u00e9duit la consommation et entrave la reprise. <\/p>\n<p>Manuel Valls emboite d\u00e9sormais le pas \u00e0 ses pr\u00e9d\u00e9cesseurs avec ses 30 milliards d\u2019euros d\u2019all\u00e8gements fiscaux et sociaux inclus dans le Pacte de responsabilit\u00e9. Et il ose encore pr\u00e9tendre que <em>\u00ab r\u00e9former, ce n\u2019est pas casser notre mod\u00e8le social \u00bb<\/em>.<br \/>\n<div id='gallery-1' class='gallery galleryid-7966 gallery-columns-3 gallery-size-thumbnail'><figure class='gallery-item'>\n\t\t\t<div class='gallery-icon landscape'>\n\t\t\t\t<a href='https:\/\/archives.regards.fr\/wp-content\/uploads\/2014\/09\/touraine-secu-e25.jpg'><img loading=\"lazy\" decoding=\"async\" width=\"150\" height=\"150\" src=\"https:\/\/archives.regards.fr\/wp-content\/uploads\/2014\/09\/touraine-secu-e25-150x150.jpg\" class=\"attachment-thumbnail size-thumbnail\" alt=\"touraine-secu.jpg\" \/><\/a>\n\t\t\t<\/div><\/figure>\n\t\t<\/div>\n<\/p>\n","protected":false},"excerpt":{"rendered":"<p>Le gouvernement socialiste poursuit son programme de d\u00e9tricotage social. Lundi, la ministre de la Sant\u00e9 Marisol Touraine a d\u00e9taill\u00e9 une s\u00e9rie de pistes devant permettre de r\u00e9aliser 700 millions d\u2019\u00e9conomies sur la branche famille de la S\u00e9cu en 2015. <\/p>\n","protected":false},"author":1098,"featured_media":20740,"comment_status":"open","ping_status":"open","sticky":false,"template":"","format":"standard","meta":{"_themeisle_gutenberg_block_has_review":false,"footnotes":""},"categories":[157],"tags":[],"class_list":["post-7966","post","type-post","status-publish","format-standard","has-post-thumbnail","hentry","category-web"],"_links":{"self":[{"href":"https:\/\/archives.regards.fr\/index.php?rest_route=\/wp\/v2\/posts\/7966","targetHints":{"allow":["GET"]}}],"collection":[{"href":"https:\/\/archives.regards.fr\/index.php?rest_route=\/wp\/v2\/posts"}],"about":[{"href":"https:\/\/archives.regards.fr\/index.php?rest_route=\/wp\/v2\/types\/post"}],"author":[{"embeddable":true,"href":"https:\/\/archives.regards.fr\/index.php?rest_route=\/wp\/v2\/users\/1098"}],"replies":[{"embeddable":true,"href":"https:\/\/archives.regards.fr\/index.php?rest_route=%2Fwp%2Fv2%2Fcomments&post=7966"}],"version-history":[{"count":0,"href":"https:\/\/archives.regards.fr\/index.php?rest_route=\/wp\/v2\/posts\/7966\/revisions"}],"wp:featuredmedia":[{"embeddable":true,"href":"https:\/\/archives.regards.fr\/index.php?rest_route=\/wp\/v2\/media\/20740"}],"wp:attachment":[{"href":"https:\/\/archives.regards.fr\/index.php?rest_route=%2Fwp%2Fv2%2Fmedia&parent=7966"}],"wp:term":[{"taxonomy":"category","embeddable":true,"href":"https:\/\/archives.regards.fr\/index.php?rest_route=%2Fwp%2Fv2%2Fcategories&post=7966"},{"taxonomy":"post_tag","embeddable":true,"href":"https:\/\/archives.regards.fr\/index.php?rest_route=%2Fwp%2Fv2%2Ftags&post=7966"}],"curies":[{"name":"wp","href":"https:\/\/api.w.org\/{rel}","templated":true}]}}