{"id":7963,"date":"2014-09-29T00:05:00","date_gmt":"2014-09-28T22:05:00","guid":{"rendered":"https:\/\/wp.muchomaas.com\/echanger-pour-changer-la-gauche-se7963\/"},"modified":"2014-09-29T00:05:00","modified_gmt":"2014-09-28T22:05:00","slug":"echanger-pour-changer-la-gauche-se7963","status":"publish","type":"post","link":"https:\/\/archives.regards.fr\/?p=7963","title":{"rendered":"\u00ab \u00c9changer pour changer \u00bb : la gauche se met \u00e0 l\u2019\u00e9coute du mouvement social"},"content":{"rendered":"<p class=\"post_excerpt\">Samedi \u00e0 Paris, des acteurs du mouvement social ont fait part \u00e0 des responsables politiques de leurs critiques de la politique gouvernementale, mais aussi de leurs propositions pour renouer le lien entre gauche politique et gauche sociale.<\/p>\n<p>C\u2019est un format in\u00e9dit pour une situation politique in\u00e9dite. Samedi 27 septembre, dans la salle charg\u00e9e de symboles de la Bellevilloise, quatre cents personnes ont assist\u00e9 \u00e0 une rencontre rare entre le monde politique et des repr\u00e9sentants du mouvement social. Rare, parce qu&#8217;\u00e0 l\u2019exception de l\u2019invitant, le d\u00e9put\u00e9 socialiste &#8220;frondeur&#8221; Pouria Amirshahi, les politiques ont \u00e9t\u00e9 convi\u00e9s \u00e0 \u00e9couter en silence les acteurs de la soci\u00e9t\u00e9 civile, du mouvement syndical, associatif, altermondialiste. Une <em>\u00ab premi\u00e8re \u00bb<\/em> destin\u00e9e \u00e0 refaire connaissance et qui pourrait g\u00e9n\u00e9rer de nouvelles \u00e9tapes. Elle s\u2019inscrit dans le vaste mouvement de r\u00e9\u00e9criture du logiciel de la gauche en cours depuis plusieurs ann\u00e9es.<\/p>\n<p><strong><em>\u00ab La liste des exasp\u00e9rations ne suffit pas \u00bb<br \/>\n<\/strong><\/em><\/p>\n<p>Parmi les politiques qui ont r\u00e9pondu \u00e0 l\u2019invitation, outre de nombreux d\u00e9put\u00e9s plus ou moins &#8220;frondeurs&#8221; (Jean-Marc Germain, Laurent Baumel, Emmanuel Maurel, Jerome Guedj, Barbara Romagnan, Pascal Cherki, Christian Paul, Guillaume Balas, Fan\u00e9lie Carrey-Conte, Michel Pouzol, Daniel Goldberg), Cl\u00e9mentine Autain pour Ensemble, Emmanuelle Cosse, secr\u00e9taire g\u00e9n\u00e9rale d\u2019Europe Ecologie-les Verts (EELV), C\u00e9cile Duflot, ancienne ministre EELV, Lucien Jallamion, animateur de R\u00e9publique et socialisme, Pierre Laurent, secr\u00e9taire national du PCF\u2026 La f\u00e9ministe Caroline de Haas est \u00e9galement dans la salle. R\u00e9partis de part et d\u2019autre de la sc\u00e8ne sur laquelle vont se succ\u00e9der les intervenants, ils vont devoir \u00e9couter la succession des constats, des critiques. Mais aussi, r\u00e9pondant \u00e0 l\u2019injonction de leur h\u00f4te pour lequel <em>\u00ab la liste des exasp\u00e9rations ne suffit pas \u00bb<\/em>, des id\u00e9es pour l\u2019avenir.<\/p>\n<p>Pourtant, le magistrat Serge Portelli commence par \u00e9voquer <em>\u00ab la d\u00e9ception, la col\u00e8re \u00bb<\/em> quant aux promesses non tenues. Il est rejoint par Aur\u00e9lie Trouv\u00e9, co-pr\u00e9sidente du conseil scientifique d\u2019ATTAC, qui rel\u00e8ve qu&#8217;apr\u00e8s le discours du Bourget,<em> \u00ab Fran\u00e7ois Hollande, pr\u00e9sident de la r\u00e9publique, est devenu l\u2019ami de la finance \u00bb<\/em>. Avec un humour grin\u00e7ant, Anne-C\u00e9cile Mailfert, porte-parole d\u2019Osez le f\u00e9minisme, pointe un pr\u00e9sident <em>\u00ab qui utilise le droit des femmes pour justifier des guerres et d\u00e9serte, en France, le terrain de la guerre faite aux femmes \u00bb<\/em>. Mohamed Mechmache d\u2019AC le feu ! exprime ensuite la frustration des quartiers populaires, <em>\u00ab qui ont vot\u00e9 massivement \u00e0 gauche, mais dont la main tendue n\u2019a pas \u00e9t\u00e9 saisie \u00bb<\/em>.<\/p>\n<p><strong><em>\u00ab R\u00e9concilier la gauche et ceux qui l\u2019ont \u00e9lue \u00bb<br \/>\n<\/strong><\/em><\/p>\n<p>Contribuant par vid\u00e9o, le com\u00e9dien Philippe Torreton questionne <em>\u00ab qui est \u00e0 bout de souffle ? \u00bb<\/em>, allusion \u00e0 la mani\u00e8re dont Manuel Valls a qualifi\u00e9 le r\u00e9gime des intermittents du spectacle. L\u2019acteur, qui a incarn\u00e9 Jaur\u00e8s \u00e0 l\u2019\u00e9cran, enfonce le clou en utilisant \u00e0 dessein les mots de l\u2019adversaire : <em>\u00ab Un intermittent &#8220;co\u00fbte&#8221; 3.000 euros par an quand un emploi aid\u00e9 par le Pacte de responsabilit\u00e9 &#8220;co\u00fbte&#8221; 160.000 euros par an&#8221;\u00a0\u00bb<\/em>. Le registre des mots est au c\u0153ur de la contribution du psychanalyste G\u00e9rard Miller :<em> \u00ab Quand Fran\u00e7ois Hollande en campagne \u00e9lectorale dit au Bourget : &#8220;Mon adversaire, c&#8217;est la finance!&#8221;, il est parfaitement entendu. C&#8217;est apr\u00e8s qu&#8217;il y a eu un probl\u00e8me d&#8217;audition par le peuple <\/em> (\u2026) <em>\u00c0 force de parler comme la droite, la gauche pense comme la droite et agit comme la droite. \u00bb<\/em> En \u00e9cho, Olivier Leberquier, des ex-Fralibs et un des animateurs de la SCOP qui reprend les activit\u00e9s de l\u2019\u00c9l\u00e9phant, tranche : <em>\u00ab Nous ne sommes pas un co\u00fbt ! Nous sommes des hommes et des femmes qui produisons de la richesse.<\/em> (\u2026) <em>Et nous ne sommes pas des partenaires sociaux : celui qui nous exploite n\u2019est pas notre partenaire. \u00bb<\/em><\/p>\n<p>Les mots tapent fort et juste, fortement applaudis par la salle. En apart\u00e9, Michel Pouzol, d\u00e9put\u00e9 PS de l\u2019Essonne, se r\u00e9jouit de ce que des d\u00e9put\u00e9s de gauche cr\u00e9ent un espace <em>\u00ab o\u00f9 ces mots sont possibles sans que personne ne crie au crime de l\u00e8se-majest\u00e9 \u00bb.<\/em> Ils sont d\u2019autant mieux accueillis que la plupart des intervenants insistent pour dire que <em>\u00ab le mandat n\u2019est pas fini \u00bb. \u00ab Il y a des r\u00e9formes symboliques, qui ne co\u00fbtent pas cher, qui peuvent encore r\u00e9concilier la gauche et ceux qui l\u2019ont \u00e9lue \u00bb,<\/em> explique Mohamed Mechmache. Parmi elles, <em>\u00ab la fin du contr\u00f4le au faci\u00e8s \u00bb<\/em> ou <em>\u00ab le pr\u00e9l\u00e8vement de 10 % des r\u00e9serves parlementaires pour financer des initiatives citoyennes \u00bb<\/em>, propose l\u2019animateur de la coordination citoyenne Pas sans nous. M\u00eame philosophie du c\u00f4t\u00e9 de Nadia Nguyen, du R\u00e9seau \u00c9ducation sans fronti\u00e8res (RESF), qui profite de sa tribune pour interpeller les parlementaires pr\u00e9sents afin que les jeunes sans papiers scolaris\u00e9s <em>\u00ab soient r\u00e9gularis\u00e9s et b\u00e9n\u00e9ficient d\u2019un titre de s\u00e9jour p\u00e9renne \u00bb.<\/em><\/p>\n<p><strong><em>\u00ab R\u00e9-enchanter la gauche en \u00e9crivant le nouvel imaginaire d\u00e9mocratique \u00bb<br \/>\n<\/strong><\/em><\/p>\n<p>Autant de propositions qui t\u00e9moignent d\u2019un refus du renoncement et qui <em>\u00ab montrent qu\u2019il y a une alternative possible \u00bb<\/em>, conclut Edwy Plenel, co-fondateur de M\u00e9diapart. Se f\u00e9licitant \u00e0 mots couverts de la pr\u00e9sence d\u2019une gauche diverse, il mart\u00e8le : <em>\u00ab L\u2019enjeu n\u2019est pas d\u2019avoir raison tout seul mais de rassembler au-del\u00e0 des \u00e9tiquettes. C\u2019est ainsi que nous pourrons r\u00e9-enchanter la gauche en \u00e9crivant le nouvel imaginaire d\u00e9mocratique \u00e0 l\u2019heure de la troisi\u00e8me r\u00e9volution industrielle. \u00bb <\/em> Dans la salle, l\u2019applaudim\u00e8tre est \u00e0 son comble. Et Bocar Niane, pr\u00e9sident de l\u2019association Cit\u00e9 en mouvement, peut se r\u00e9jouir : <em>\u00ab Quand on voit cette salle, on se dit qu\u2019on est pas seuls. \u00c7a donne du courage ! \u00bb<\/em><\/p>\n<p>Du courage et de la confiance. C\u2019est en tout cas ce qui marque Pierre Laurent. <em>\u00ab Ces moments sont indispensables pour remettre au travail, ensemble, les forces de la gauche politique et du mouvement social. \u00bb<\/em> Dans le m\u00eame sens, Emmanuelle Cosse, qui r\u00e9fute l\u2019id\u00e9e d\u2019une <em>\u00ab c\u00e9sure entre la gauche et la soci\u00e9t\u00e9 civile \u00bb<\/em>, se f\u00e9licite de ces temps de <em>\u00ab construction nouvelle \u00e0 gauche \u00bb<\/em>, tout en pr\u00e9venant : <em>\u00ab Il y a aussi un combat \u00e0 mener contre la droite qui, elle, a son projet id\u00e9ologique. \u00bb<\/em> Et Pouria Amirshahi peut conclure <em>\u00ab sans propositions programmatiques ni consignes \u00bb<\/em>. Il souhaite juste que d\u2019autres r\u00e9unions aient lieu. Sur le trottoir devant la Bellevilloise, Catherine, militante Front de gauche sans parti du 19e arrondissement de Paris, interpelle une connaissance : <em>\u00ab On fait une r\u00e9plique entre le 19e et le 10e ? \u00bb<\/em><\/p>\n","protected":false},"excerpt":{"rendered":"<p>Samedi \u00e0 Paris, des acteurs du mouvement social ont fait part \u00e0 des responsables politiques de leurs critiques de la politique gouvernementale, mais aussi de leurs propositions pour renouer le lien entre gauche politique et gauche sociale.<\/p>\n","protected":false},"author":1149,"featured_media":0,"comment_status":"open","ping_status":"open","sticky":false,"template":"","format":"standard","meta":{"_themeisle_gutenberg_block_has_review":false,"footnotes":""},"categories":[157],"tags":[],"class_list":["post-7963","post","type-post","status-publish","format-standard","hentry","category-web"],"_links":{"self":[{"href":"https:\/\/archives.regards.fr\/index.php?rest_route=\/wp\/v2\/posts\/7963","targetHints":{"allow":["GET"]}}],"collection":[{"href":"https:\/\/archives.regards.fr\/index.php?rest_route=\/wp\/v2\/posts"}],"about":[{"href":"https:\/\/archives.regards.fr\/index.php?rest_route=\/wp\/v2\/types\/post"}],"author":[{"embeddable":true,"href":"https:\/\/archives.regards.fr\/index.php?rest_route=\/wp\/v2\/users\/1149"}],"replies":[{"embeddable":true,"href":"https:\/\/archives.regards.fr\/index.php?rest_route=%2Fwp%2Fv2%2Fcomments&post=7963"}],"version-history":[{"count":0,"href":"https:\/\/archives.regards.fr\/index.php?rest_route=\/wp\/v2\/posts\/7963\/revisions"}],"wp:attachment":[{"href":"https:\/\/archives.regards.fr\/index.php?rest_route=%2Fwp%2Fv2%2Fmedia&parent=7963"}],"wp:term":[{"taxonomy":"category","embeddable":true,"href":"https:\/\/archives.regards.fr\/index.php?rest_route=%2Fwp%2Fv2%2Fcategories&post=7963"},{"taxonomy":"post_tag","embeddable":true,"href":"https:\/\/archives.regards.fr\/index.php?rest_route=%2Fwp%2Fv2%2Ftags&post=7963"}],"curies":[{"name":"wp","href":"https:\/\/api.w.org\/{rel}","templated":true}]}}