{"id":7956,"date":"2014-09-24T10:06:59","date_gmt":"2014-09-24T08:06:59","guid":{"rendered":"https:\/\/wp.muchomaas.com\/sous-la-pression-le-gouvernement7956\/"},"modified":"2023-06-23T23:17:56","modified_gmt":"2023-06-23T21:17:56","slug":"sous-la-pression-le-gouvernement7956","status":"publish","type":"post","link":"https:\/\/archives.regards.fr\/?p=7956","title":{"rendered":"Sous la pression, le gouvernement espagnol renonce \u00e0 limiter l&#8217;IVG"},"content":{"rendered":"<p class=\"post_excerpt\">Confront\u00e9 \u00e0 de nouveaux enjeux \u00e9lectoraux, Mariano Rajoy a annonc\u00e9 l&#8217;annulation du projet de loi sur l&#8217;avortement, texte ayant suscit\u00e9 la consternation et dans lequel les Espagnoles voyaient leurs droits revenir \u00e0 un cadre encore plus restrictif qu&#8217;en 1985.<\/p>\n<p>Le premier ministre, Mariano Rajoy, a retir\u00e9 ce 23 septembre son projet de loi visant \u00e0 interdire l&#8217;avortement. Tr\u00e8s d\u00e9cri\u00e9, m\u00eame au sein de sa majorit\u00e9 conservatrice au parlement, la loi prohibant l\u2019IVG ramenait l&#8217;Espagne aux ann\u00e9es sombres de la dictature, pr\u00e8s de trois d\u00e9cennies en arri\u00e8re. L&#8217;avortement aurait \u00e9t\u00e9 criminalis\u00e9 et n&#8217;aurait \u00e9t\u00e9 possible que dans le cas o\u00f9 la sant\u00e9 de la m\u00e8re \u00e9tait en jeu, ou dans les cas de viols apr\u00e8s d\u00e9p\u00f4t de plainte et double examen m\u00e9dical obligatoire (lire <a href=\"https:\/\/wp.muchomaas.com\/web\/Avortement-l-Espagne-a-l-avant,7353\">&#8220;Avortement : l\u2019Espagne \u00e0 l\u2019avant-garde d\u2019une r\u00e9gression europ\u00e9enne ?&#8221;<\/a>).<\/p>\n<p><strong><em>Une \u00ab loi anachronique, cruelle et machiste \u00bb<br \/>\n<\/strong><\/em><\/p>\n<p><em>\u00ab En tant que pr\u00e9sident du gouvernement, je l&#8217;ai pris la d\u00e9cision la plus raisonnable \u00bb,<\/em> a ainsi d\u00e9clar\u00e9 Mariano Rajoy lors d&#8217;une conf\u00e9rence \u00e0 Madrid. Le rejet de la loi anti-avortement constitue un revers notoire pour l&#8217;\u00e9glise catholique, tr\u00e8s influente jusqu&#8217;ici par le biais de sa conf\u00e9rence \u00e9piscopale. Il est aussi v\u00e9cu comme un fiasco politique majeur pour le gouvernement conservateur : \u00e0 l&#8217;initiative du texte, le ministre de la Justice, Alberto Ruiz-Gallard\u00f3n, a d\u00e9missionn\u00e9. Fils d\u2019un haut fonctionnaire franquiste, catholique pratiquant et ultra-conservateur, il avait fait de cette mesure une affaire personnelle. <\/p>\n<p>Bien entendu, le retrait de loi anti-IVG constitue un grand soulagement pour l&#8217;opposition, les organisations f\u00e9ministes et plus largement la soci\u00e9t\u00e9 civile : c&#8217;est <em>\u00ab le d\u00e9part du grand inquisiteur Ruiz-Gallard\u00f3n \u00bb<\/em>, titrait le journal progressiste de gauche <em>Publico<\/em>. <em>\u00ab Nous avons gagn\u00e9 la bataille politique \u00bb, <\/em> s&#8217;est aussi r\u00e9jouie Isabel Serrano, gyn\u00e9cologue, porte-parole de la plate-forme &#8220;Decidir nos hace libres&#8221;. <em>\u00ab La loi \u00e9tait d\u00e9connect\u00e9e de la r\u00e9alit\u00e9 et de la volont\u00e9 des Espagnols, ainsi que du contexte europ\u00e9en dans lequel nous vivons \u00bb,<\/em> a-t-elle confi\u00e9 \u00e0 <em>Regards<\/em>. <\/p>\n<p>Une <em>\u00ab nouvelle chasse aux sorci\u00e8res \u00bb<\/em>, une <em>\u00ab loi anachronique, cruelle et machiste \u00bb <\/em> : en f\u00e9vrier et mars 2014, l&#8217;opposition au projet de loi avait mobilis\u00e9 plusieurs centaines de milliers de manifestants en Espagne, mais aussi dans un bon nombre de villes europ\u00e9ennes (lire <a href=\"https:\/\/wp.muchomaas.com\/web\/pour-les-femmes-espagnoles-une,7534\">&#8220;Pour les femmes espagnoles, une journ\u00e9e particuli\u00e8re&#8221;<\/a>). Or d\u00e8s le d\u00e9part, le soutien \u00e0 la loi sur l&#8217;avortement \u00e9tait fragile du cot\u00e9 des parlementaires les plus mod\u00e9r\u00e9s du Parti populaire (PP). L\u2019ancienne maire de Malaga, Celia Villalobos, qui y voyait <em>\u00ab une atteinte terrible aux droits des femmes \u00bb<\/em>, est parvenue au fil des mois \u00e0 f\u00e9d\u00e9rer autour d&#8217;elle un front du refus. <\/p>\n<p><strong><em>Le Parti populaire sous la pression de Podemos<br \/>\n<\/strong><\/em><\/p>\n<p>Pour autant, caract\u00e9ris\u00e9 par une ligne de fermet\u00e9 n\u00e9oconservatrice, pour ne pas dire autoritaire, si le gouvernement de Mariano Rajoy fait marche arri\u00e8re, c&#8217;est davantage pour r\u00e9pondre \u00e0 des pr\u00e9occupations \u00e9lectoralistes que d\u00e9mocratiques. 80 % des Espagnols, y compris les catholiques pratiquants, restent favorables \u00e0 l&#8217;IVG. Les \u00e9tudes sociologiques men\u00e9es par le c\u00e9l\u00e8bre institut espagnol Pedro Arriola ont montr\u00e9 que la loi de restriction de l\u2019avortement a \u00e9t\u00e9 pr\u00e9judiciable aux int\u00e9r\u00eats du PP. <\/p>\n<p>La droite a certes remport\u00e9 les \u00e9lections europ\u00e9ennes de 2014, mais en enregistrant la perte de deux millions de voix par rapport \u00e0 2009. A contrario, ce scrutin a vu s&#8217;affirmer Podemos, plate-forme \u00e9lectorale n\u00e9e dans le sillage du mouvement du 15-M et devenu la quatri\u00e8me force politique espagnole. Podemos a m\u00eame r\u00e9cup\u00e9r\u00e9 8,6% de son l&#8217;\u00e9lectorat dans les rangs du Parti populaire, en s\u2019inscrivant dans une perceptive claire de justice sociale (lutte contre la corruption, restructuration de la dette publique, fin des expulsions immobili\u00e8res, etc.). Or, entre le printemps et l\u2019automne 2015, l&#8217;Espagne verra se succ\u00e9der des scrutins municipaux et l\u00e9gislatifs annonc\u00e9s d&#8217;ores et d\u00e9j\u00e0 comme un recul \u00e9lectoral notable pour la droite espagnole. <\/p>\n<p>En tenant compte du r\u00e9sultat des europ\u00e9ennes, une alliance entre Izquierda Unida, formation h\u00e9riti\u00e8re du Parti communiste espagnol, et Podemos, pourrait remporter au moins douze grandes villes espagnoles, comme Cadiz, Gijon et Las Palmas. La menace est telle que le Parti populaire entrevoit m\u00eame une r\u00e9forme du code \u00e9lectoral avant les prochaines municipales de 2015, r\u00e9forme d\u00e9nonc\u00e9e comme un <em>\u00ab coup d&#8217;\u00c9tat l\u00e9gal \u00bb<\/em> par l&#8217;ensemble de la gauche espagnole\u2026<br \/>\n<div id='gallery-1' class='gallery galleryid-7956 gallery-columns-3 gallery-size-thumbnail'><figure class='gallery-item'>\n\t\t\t<div class='gallery-icon landscape'>\n\t\t\t\t<a href='https:\/\/archives.regards.fr\/wp-content\/uploads\/2014\/09\/ivg-espagne2-5cf.jpg'><img loading=\"lazy\" decoding=\"async\" width=\"150\" height=\"150\" src=\"https:\/\/archives.regards.fr\/wp-content\/uploads\/2014\/09\/ivg-espagne2-5cf-150x150.jpg\" class=\"attachment-thumbnail size-thumbnail\" alt=\"ivg-espagne2.jpg\" \/><\/a>\n\t\t\t<\/div><\/figure><figure class='gallery-item'>\n\t\t\t<div class='gallery-icon landscape'>\n\t\t\t\t<a href='https:\/\/archives.regards.fr\/wp-content\/uploads\/2014\/09\/ivg-espagne-1fb.jpg'><img loading=\"lazy\" decoding=\"async\" width=\"150\" height=\"150\" src=\"https:\/\/archives.regards.fr\/wp-content\/uploads\/2014\/09\/ivg-espagne-1fb-150x150.jpg\" class=\"attachment-thumbnail size-thumbnail\" alt=\"ivg-espagne.jpg\" \/><\/a>\n\t\t\t<\/div><\/figure>\n\t\t<\/div>\n<\/p>\n","protected":false},"excerpt":{"rendered":"<p>Confront\u00e9 \u00e0 de nouveaux enjeux \u00e9lectoraux, Mariano Rajoy a annonc\u00e9 l&#8217;annulation du projet de loi sur l&#8217;avortement, texte ayant suscit\u00e9 la consternation et dans lequel les Espagnoles voyaient leurs droits revenir \u00e0 un cadre encore plus restrictif qu&#8217;en 1985.<\/p>\n","protected":false},"author":1,"featured_media":20728,"comment_status":"open","ping_status":"open","sticky":false,"template":"","format":"standard","meta":{"_themeisle_gutenberg_block_has_review":false,"footnotes":""},"categories":[157],"tags":[419],"class_list":["post-7956","post","type-post","status-publish","format-standard","has-post-thumbnail","hentry","category-web","tag-espagne"],"_links":{"self":[{"href":"https:\/\/archives.regards.fr\/index.php?rest_route=\/wp\/v2\/posts\/7956","targetHints":{"allow":["GET"]}}],"collection":[{"href":"https:\/\/archives.regards.fr\/index.php?rest_route=\/wp\/v2\/posts"}],"about":[{"href":"https:\/\/archives.regards.fr\/index.php?rest_route=\/wp\/v2\/types\/post"}],"author":[{"embeddable":true,"href":"https:\/\/archives.regards.fr\/index.php?rest_route=\/wp\/v2\/users\/1"}],"replies":[{"embeddable":true,"href":"https:\/\/archives.regards.fr\/index.php?rest_route=%2Fwp%2Fv2%2Fcomments&post=7956"}],"version-history":[{"count":0,"href":"https:\/\/archives.regards.fr\/index.php?rest_route=\/wp\/v2\/posts\/7956\/revisions"}],"wp:featuredmedia":[{"embeddable":true,"href":"https:\/\/archives.regards.fr\/index.php?rest_route=\/wp\/v2\/media\/20728"}],"wp:attachment":[{"href":"https:\/\/archives.regards.fr\/index.php?rest_route=%2Fwp%2Fv2%2Fmedia&parent=7956"}],"wp:term":[{"taxonomy":"category","embeddable":true,"href":"https:\/\/archives.regards.fr\/index.php?rest_route=%2Fwp%2Fv2%2Fcategories&post=7956"},{"taxonomy":"post_tag","embeddable":true,"href":"https:\/\/archives.regards.fr\/index.php?rest_route=%2Fwp%2Fv2%2Ftags&post=7956"}],"curies":[{"name":"wp","href":"https:\/\/api.w.org\/{rel}","templated":true}]}}