{"id":7955,"date":"2014-09-24T08:04:08","date_gmt":"2014-09-24T06:04:08","guid":{"rendered":"https:\/\/wp.muchomaas.com\/francois-asensi-les-lois7955\/"},"modified":"2023-06-23T23:17:56","modified_gmt":"2023-06-23T21:17:56","slug":"francois-asensi-les-lois7955","status":"publish","type":"post","link":"https:\/\/archives.regards.fr\/?p=7955","title":{"rendered":"Fran\u00e7ois Asensi : les lois antiterroristes, \u00ab une justice d\u2019exception permanente \u00bb"},"content":{"rendered":"<p class=\"post_excerpt\">Le projet de loi contre le terrorisme a \u00e9t\u00e9 adopt\u00e9, jeudi 18, par tous les groupes parlementaires \u00e0 l\u2019exception de EELV. Fran\u00e7ois Asensi, d\u00e9put\u00e9 de Seine-Saint-Denis, aurait souhait\u00e9 que le groupe Front de gauche s&#8217;abstienne aussi. Il explique pourquoi. <\/p>\n<p><strong>Regards. Comment jugez vous ce texte<em> &#8220;renfor\u00e7ant les dispositions relatives \u00e0 la lutte contre le terrorisme&#8221;<\/em> ?<\/strong><\/p>\n<p><strong>Fran\u00e7ois Asensi.<\/strong> Il vient au parlement en proc\u00e9dure d\u2019urgence et est discut\u00e9 sous le coup d\u2019une \u00e9motion forte li\u00e9e \u00e0 l\u2019ex\u00e9cution d\u2019otages. Mais, comme le souligne le Syndicat de la magistrature, ce texte pr\u00e9sente <em>\u00ab un d\u00e9s\u00e9quilibre flagrant \u00bb<\/em> entre l&#8217;imp\u00e9ratif de protection des citoyens et la n\u00e9cessit\u00e9 de <em>\u00ab pr\u00e9server la d\u00e9mocratie et les libert\u00e9s \u00bb<\/em>. Cette loi est liberticide\u2026<\/p>\n<p><strong>Quelles sont les dispositions que vous contestez ?<br \/>\n<\/strong><\/p>\n<p>Plusieurs d\u2019entre elles introduisent de s\u00e9rieuses restrictions. Restriction de la libert\u00e9 de circulation : l\u2019article 1 institue une interdiction administrative de sortie du territoire pour un individu dont on aurait <em>\u00ab de s\u00e9rieuses raisons de croire \u00bb<\/em> qu\u2019il puisse se rendre \u00e0 l\u2019\u00e9tranger pour prendre contact avec des groupes radicaux. Il ne pourra \u00eatre entendu qu\u2019apr\u00e8s par un juge, assist\u00e9 d\u2019un avocat alibi qui n\u2019aura pas acc\u00e8s au dossier. Restriction de la libert\u00e9 d\u2019information : l\u2019article 9 pr\u00e9voit le blocage de sites ou de pages partageant du contenu suspect. L\u2019article 5, qui cr\u00e9\u00e9 la notion <em>\u00ab d\u2019entreprise terroriste individuelle \u00bb<\/em>, inqui\u00e8te Reporters sans fronti\u00e8res pour qui n\u2019importe quel journaliste enqu\u00eatant sur les pratiques terroristes est susceptible de tomber dans cette d\u00e9finition. Restriction de la libert\u00e9 d\u2019expression : l\u2019article 4 du texte pr\u00e9voit d\u2019exclure du champ de la loi de 1881 sur la libert\u00e9 de la presse le d\u00e9lit de provocation ou d\u2019apologie d\u2019actes de terrorisme afin de le soumettre \u00e0 des r\u00e8gles de proc\u00e9dure d\u00e9rogatoire. Il participe surtout \u00e0 assimiler abusivement certaines prises de positions (aussi contestables soient-elles) \u00e0 un acte terroriste.<\/p>\n<p><em> <\/p>\n<h2>\u00ab Cette loi s\u2019inscrit dans la tendance \u00e0 la g\u00e9n\u00e9ralisation des mesures d\u2019exceptions au d\u00e9triment du droit commun \u00bb<\/h2>\n<p> <\/em><\/p>\n<p><strong>Que pensez-vous de l\u2019efficacit\u00e9 de telles mesures ?<br \/>\n<\/strong><\/p>\n<p>Elle est peu \u00e9vidente. La radicalisation et l\u2019embrigadement ne se font que marginalement via Internet ou au cours des &#8220;s\u00e9jours&#8221; \u00e0 l\u2019\u00e9tranger, mais surtout en prison ou par des r\u00e9seaux locaux. Le blocage des pages Internet est illusoire : 80 % des contenus vis\u00e9s par la loi sont partag\u00e9s via les r\u00e9seaux sociaux. Or, aucun moyen technique existant ne permet de ne bloquer qu\u2019un seul contenu sur ces sites, d\u2019o\u00f9 le risque de sur-blocage. Devant la possibilit\u00e9 de bloquer enti\u00e8rement des sites parmi les plus visit\u00e9s au monde, l\u2019article 9 ne sera donc que tr\u00e8s peu appliqu\u00e9, voire quasiment jamais.<\/p>\n<p><strong>Ces dispositions suppl\u00e9mentaires semblent banaliser des proc\u00e9dures cens\u00e9es \u00eatre exceptionnelles\u2026<br \/>\n<\/strong><\/p>\n<p>Avec les articles 10 et 11, \u00e9tendant la possibilit\u00e9 d\u2019\u00e9coute et de perquisition, la suspicion et la surveillance deviennent la normalit\u00e9. Surtout, gardien de la proc\u00e9dure et des libert\u00e9s, le juge est de plus en plus souvent contourn\u00e9. Plusieurs organisations s\u2019opposent \u00e0 ce projet qu\u2019elles estiment dangereux : Reporters sans fronti\u00e8res, la Ligue des droits de l\u2019homme, le Syndicat de la magistrature, la Quadrature du Net etc\u2026 Je les comprends. Ce texte pourrait m\u00eame aller \u00e0 l\u2019encontre de la jurisprudence de la Cour europ\u00e9enne des droits de l\u2019homme (CEDH)[[Arr\u00eat Kass c\/ Allemagne 1978.]]. <\/p>\n<p><strong>L&#8217;\u00c9tat de droit et les libert\u00e9s individuelles sont les victimes collat\u00e9rales de la lutte suppos\u00e9e contre le terrorisme ?<br \/>\n<\/strong><\/p>\n<p>Ce texte appara\u00eet paradoxalement comme une victoire du camp de la peur et de l\u2019obscurantisme, en instituant une suspicion permanente et en sacrifiant certaines libert\u00e9s fondamentales inh\u00e9rentes \u00e0 un r\u00e9gime d\u00e9mocratique. Le projet s\u2019appuie sur l\u2019\u00e9motion provoqu\u00e9e par les derniers \u00e9v\u00e9nements (Merah, Memmouche, d\u00e9parts de jeunes en Syrie). Mais est-ce bien le manque de mesures r\u00e9pressives qui ont conduit \u00e0 ces affaires, ou bien la non application de l\u2019arsenal d\u00e9j\u00e0 existant ? Cette loi s\u2019inscrit dans la tendance \u00e0 la g\u00e9n\u00e9ralisation des mesures d\u2019exceptions au d\u00e9triment du droit commun. Le gouvernement se place dans la continuit\u00e9 des lois antiterroristes pr\u00e9par\u00e9es et adopt\u00e9es durant les trente derni\u00e8res ann\u00e9es, participant \u00e0 la mise en place d\u2019une justice d\u2019exception &#8220;permanente&#8221; \u2013 y compris sous Sarkozy-Fillon avec Loppsi 1 et 2.<div id='gallery-1' class='gallery galleryid-7955 gallery-columns-3 gallery-size-thumbnail'><figure class='gallery-item'>\n\t\t\t<div class='gallery-icon landscape'>\n\t\t\t\t<a href='https:\/\/archives.regards.fr\/wp-content\/uploads\/2014\/09\/asensi-1c3.jpg'><img loading=\"lazy\" decoding=\"async\" width=\"150\" height=\"150\" src=\"https:\/\/archives.regards.fr\/wp-content\/uploads\/2014\/09\/asensi-1c3-150x150.jpg\" class=\"attachment-thumbnail size-thumbnail\" alt=\"asensi.jpg\" \/><\/a>\n\t\t\t<\/div><\/figure>\n\t\t<\/div>\n<\/p>\n","protected":false},"excerpt":{"rendered":"<p>Le projet de loi contre le terrorisme a \u00e9t\u00e9 adopt\u00e9, jeudi 18, par tous les groupes parlementaires \u00e0 l\u2019exception de EELV. Fran\u00e7ois Asensi, d\u00e9put\u00e9 de Seine-Saint-Denis, aurait souhait\u00e9 que le groupe Front de gauche s&#8217;abstienne aussi. Il explique pourquoi. <\/p>\n","protected":false},"author":1,"featured_media":20726,"comment_status":"open","ping_status":"open","sticky":false,"template":"","format":"standard","meta":{"_themeisle_gutenberg_block_has_review":false,"footnotes":""},"categories":[157],"tags":[293],"class_list":["post-7955","post","type-post","status-publish","format-standard","has-post-thumbnail","hentry","category-web","tag-entretien"],"_links":{"self":[{"href":"https:\/\/archives.regards.fr\/index.php?rest_route=\/wp\/v2\/posts\/7955","targetHints":{"allow":["GET"]}}],"collection":[{"href":"https:\/\/archives.regards.fr\/index.php?rest_route=\/wp\/v2\/posts"}],"about":[{"href":"https:\/\/archives.regards.fr\/index.php?rest_route=\/wp\/v2\/types\/post"}],"author":[{"embeddable":true,"href":"https:\/\/archives.regards.fr\/index.php?rest_route=\/wp\/v2\/users\/1"}],"replies":[{"embeddable":true,"href":"https:\/\/archives.regards.fr\/index.php?rest_route=%2Fwp%2Fv2%2Fcomments&post=7955"}],"version-history":[{"count":0,"href":"https:\/\/archives.regards.fr\/index.php?rest_route=\/wp\/v2\/posts\/7955\/revisions"}],"wp:featuredmedia":[{"embeddable":true,"href":"https:\/\/archives.regards.fr\/index.php?rest_route=\/wp\/v2\/media\/20726"}],"wp:attachment":[{"href":"https:\/\/archives.regards.fr\/index.php?rest_route=%2Fwp%2Fv2%2Fmedia&parent=7955"}],"wp:term":[{"taxonomy":"category","embeddable":true,"href":"https:\/\/archives.regards.fr\/index.php?rest_route=%2Fwp%2Fv2%2Fcategories&post=7955"},{"taxonomy":"post_tag","embeddable":true,"href":"https:\/\/archives.regards.fr\/index.php?rest_route=%2Fwp%2Fv2%2Ftags&post=7955"}],"curies":[{"name":"wp","href":"https:\/\/api.w.org\/{rel}","templated":true}]}}