{"id":7932,"date":"2014-09-17T14:20:50","date_gmt":"2014-09-17T12:20:50","guid":{"rendered":"https:\/\/wp.muchomaas.com\/la-bas-si-j-y-suite7932\/"},"modified":"2014-09-17T14:20:50","modified_gmt":"2014-09-17T12:20:50","slug":"la-bas-si-j-y-suite7932","status":"publish","type":"post","link":"https:\/\/archives.regards.fr\/?p=7932","title":{"rendered":"L\u00e0-bas si j\u2019y suite"},"content":{"rendered":"<p class=\"post_excerpt\">France inter a supprim\u00e9 l\u2019\u00e9mission culte de Daniel Mermet, L\u00e0-Bas si j\u2019y suis, diffus\u00e9e sur les ondes publiques depuis vingt-cinq ans. Olivier Minot, producteur libre de Radio Canut \u00e0 Lyon, lui rend un hommage intime, avec la complicit\u00e9 d\u2019Arte Radio.<\/p>\n<p>Pour ceux qui s\u00e9chaient les cours afin d&#8217;\u00e9couter la radio en plein apr\u00e8s-midi, pour ceux qui sont marqu\u00e9s par les luttes altermondialistes et syndicales, par les reportages de Claire Hauter ou d\u2019Antoine Chao, pour ceux qui ont r\u00eav\u00e9 que les alternatives sud am\u00e9ricaines renversent le monde, et pour ceux qui ont tant \u00e9cout\u00e9 les voix des silencieux, il manque comme un rep\u00e8re. Un rep\u00e8re populaire, modeste, et g\u00e9nial.<\/p>\n<p>Oui, Daniel Mermet est un patron tyrannique dans un \u00e9tablissement public complice de cette tyrannie. Et comme le dit Olivier Minot, nous avons sans doute <em>\u00ab mis des \u0153ill\u00e8res \u00bb<\/em>. Oui, Daniel Mermet a soixante-et-onze ans et il aurait pu laisser la place \u00e0 d\u2019autres figures depuis bien longtemps.<\/p>\n<p>Mais en supprimant <em>L\u00e0-bas si j\u2019y suis<\/em>, c\u2019est un espace important pour la gauche critique que France Inter choisit de taire. Cette \u00e9mission, \u00e9cout\u00e9e chaque jour par plus d\u2019un demi million d\u2019auditeurs, \u00e9tait<em> \u00ab une balise, un phare \u00bb<\/em>, toujours plus pr\u00e8s <em>\u00ab des jetables que des notables \u00bb<\/em>, nous rappelle Olivier Minot. \u00c0 la mani\u00e8re de n\u2019importe quel militant, Daniel Mermet a cherch\u00e9 \u00e0 faire communaut\u00e9 \u00e0 travers les <em>\u00ab repaires \u00bb<\/em>, des caf\u00e9s ou autres lieux publics o\u00f9 se tiennent des d\u00e9bats de soci\u00e9t\u00e9 partout en France. Il est \u00e9ject\u00e9 de la radio publique, au moment m\u00eame o\u00f9 celle-ci fait place \u00e0 des figures du show biz. Une nouvelle culture s\u2019installe sur nos ondes collectives.<\/p>\n<p>Comme la gauche, <em>L\u00e0-bas si j\u2019y suis<\/em> ne va pas mourir. Un r\u00e9sistant ne peut pas arr\u00eater de r\u00e9sister parce qu\u2019on lui impose de s\u2019\u00e9touffer. Accul\u00e9 \u00e0 quitter la maison ronde, Daniel Mermet d\u00e9cide de cr\u00e9er un &#8220;sept-neuf-neuf&#8221; sur le Net. Une nouvelle radio web ? Quelle bonne id\u00e9e ! Elle sera lanc\u00e9e en janvier. En attendant de d\u00e9couvrir ce que <em>L\u00e0-bas<\/em> nous pr\u00e9pare, <a href=\"http:\/\/www.la-bas.org\/\">il est d\u00e9j\u00e0 possible de s\u2019abonner<\/a>.<\/p>\n<p><iframe src='http:\/\/download.arteradio.com\/static\/player\/export.html?ids=616458' frameborder='no' marginheight='no' marginwidth='no' height='270px' width='280px'><\/iframe><\/p>\n","protected":false},"excerpt":{"rendered":"<p>France inter a supprim\u00e9 l\u2019\u00e9mission culte de Daniel Mermet, L\u00e0-Bas si j\u2019y suis, diffus\u00e9e sur les ondes publiques depuis vingt-cinq ans. Olivier Minot, producteur libre de Radio Canut \u00e0 Lyon, lui rend un hommage intime, avec la complicit\u00e9 d\u2019Arte Radio.<\/p>\n","protected":false},"author":1,"featured_media":0,"comment_status":"open","ping_status":"open","sticky":false,"template":"","format":"standard","meta":{"_themeisle_gutenberg_block_has_review":false,"footnotes":""},"categories":[157],"tags":[],"class_list":["post-7932","post","type-post","status-publish","format-standard","hentry","category-web"],"_links":{"self":[{"href":"https:\/\/archives.regards.fr\/index.php?rest_route=\/wp\/v2\/posts\/7932","targetHints":{"allow":["GET"]}}],"collection":[{"href":"https:\/\/archives.regards.fr\/index.php?rest_route=\/wp\/v2\/posts"}],"about":[{"href":"https:\/\/archives.regards.fr\/index.php?rest_route=\/wp\/v2\/types\/post"}],"author":[{"embeddable":true,"href":"https:\/\/archives.regards.fr\/index.php?rest_route=\/wp\/v2\/users\/1"}],"replies":[{"embeddable":true,"href":"https:\/\/archives.regards.fr\/index.php?rest_route=%2Fwp%2Fv2%2Fcomments&post=7932"}],"version-history":[{"count":0,"href":"https:\/\/archives.regards.fr\/index.php?rest_route=\/wp\/v2\/posts\/7932\/revisions"}],"wp:attachment":[{"href":"https:\/\/archives.regards.fr\/index.php?rest_route=%2Fwp%2Fv2%2Fmedia&parent=7932"}],"wp:term":[{"taxonomy":"category","embeddable":true,"href":"https:\/\/archives.regards.fr\/index.php?rest_route=%2Fwp%2Fv2%2Fcategories&post=7932"},{"taxonomy":"post_tag","embeddable":true,"href":"https:\/\/archives.regards.fr\/index.php?rest_route=%2Fwp%2Fv2%2Ftags&post=7932"}],"curies":[{"name":"wp","href":"https:\/\/api.w.org\/{rel}","templated":true}]}}