{"id":7928,"date":"2014-09-16T00:16:34","date_gmt":"2014-09-15T22:16:34","guid":{"rendered":"https:\/\/wp.muchomaas.com\/faire-la-guerre-en-irak-une-idee7928\/"},"modified":"2014-09-16T00:16:34","modified_gmt":"2014-09-15T22:16:34","slug":"faire-la-guerre-en-irak-une-idee7928","status":"publish","type":"post","link":"https:\/\/archives.regards.fr\/?p=7928","title":{"rendered":"Faire la guerre en Irak, une id\u00e9e lumineuse"},"content":{"rendered":"<p class=\"post_excerpt\">Les \u00c9tats-Unis et leurs alli\u00e9s s&#8217;appr\u00eatent une nouvelle fois \u00e0 intervenir en Irak. Aux plans humain et politique, le bilan des deux pr\u00e9c\u00e9dentes interventions est d\u00e9sastreux. Avec la situation actuelle dans la r\u00e9gion, il pourrait \u00eatre pire. Tant pis, Hollande y court.<\/p>\n<p>Jamais deux sans trois. Apr\u00e8s la trag\u00e9die humanitaire des ann\u00e9es 90 et le fiasco strat\u00e9gique post-2003, une &#8220;grande coalition&#8221; occidentalo-persique s&#8217;appr\u00eate une nouvelle fois \u2013 et, pour partie, a d\u00e9j\u00e0 commenc\u00e9 \u2013 \u00e0 intervenir en Irak. Troisi\u00e8me guerre en vingt-trois ans dans ce pays au c\u0153ur du Moyen-Orient.<\/p>\n<p>Au regard des r\u00e9sultats obtenus \u00e0\u00a0l&#8217;issue des deux pr\u00e9c\u00e9dentes interventions de 1991 et 2003, on est en droit de s&#8217;inqui\u00e9ter. P\u00eale-m\u00eale\u00a0: un embargo meurtrier, des centaines de milliers de victimes civiles, l&#8217;un des syst\u00e8me de sant\u00e9 et d&#8217;\u00e9ducation les plus performants de la r\u00e9gion r\u00e9duit en miette, une accentuation de la confessionnalisation de la soci\u00e9t\u00e9, l&#8217;installation de la violence arm\u00e9e comme mode syst\u00e9matique de r\u00e8glement des conflits, un \u00c9tat partitionn\u00e9, affaibli \u00e0 l&#8217;extr\u00eame et dont les repr\u00e9sentants manquent cruellement de l\u00e9gitimit\u00e9, une d\u00e9fiance populaire durable vis \u00e0 vis des &#8220;puissances occidentales&#8221;&#8230; Le bilan des deux premi\u00e8res guerres d&#8217;Irak n&#8217;est pas glorieux. <\/p>\n<p><strong><em>\u00ab\u00a0Tous les moyens n\u00e9cessaires \u00bb<br \/>\n<\/strong><\/em><\/p>\n<p>Quels objectifs, cette fois\u00a0? La formulation en demeure pour l&#8217;heure assez floue, ouvrant la porte \u00e0 de larges possibles. Ce lundi, le texte final pondu \u00e0 l&#8217;issue de la conf\u00e9rence internationale sur la s\u00e9curit\u00e9 en Irak qui s&#8217;est tenue \u00e0 Paris a soulign\u00e9 que  \u00ab\u00a0<em>tous les moyens n\u00e9cessaires<\/em>\u00a0\u00bb, y compris militaires seraient mis en \u0153uvre pour aider Bagdad \u00e0 lutter contre l&#8217;EI (pour \u00c9tat islamique, ex EIIL, \u00c9tat islamique en Irak et au Levant, ou Daash, acronyme arabe). Et ce \u00ab\u00a0<em>dans le respect du droit international et de la s\u00e9curit\u00e9 des populations civiles<\/em>\u00a0\u00bb. En gros, comme l&#8217;a expliqu\u00e9 Barack Obama le 10 septembre, il s&#8217;agit de combattre et d&#8217;\u00e9radiquer les combattants jihadistes de l&#8217;EI. Les \u00c9tats-Unis ont commenc\u00e9 leurs frappes a\u00e9riennes d\u00e9but ao\u00fbt\u00a0; la France, elle, a envoy\u00e9 lundi ses premiers avions en reconnaissance a\u00e9rienne et fournit des armes (\u00ab\u00a0<em>sophistiqu\u00e9es<\/em>\u00a0\u00bb, selon Laurent Fabius) aux Peshmergas du Kurdistan irakien depuis un mois. <\/p>\n<p>Vendredi, \u00e0 Bagdad, o\u00f9 il s&#8217;\u00e9tait rendu pour assurer le pr\u00e9sident Fouad Massoum du soutien de la France, Fran\u00e7ois Hollande avait \u00e9voqu\u00e9 la n\u00e9cessit\u00e9 d&#8217;\u00e9liminer les sources de financement, d&#8217;approvisionnement et de recrutement de djihadistes, de contr\u00f4ler les fronti\u00e8res et de former l&#8217;arm\u00e9e irakienne. Autant de th\u00e8mes qui ont \u00e9t\u00e9 d\u00e9battus hier \u00e0 Paris par la trentaine de pays pr\u00e9sents. <\/p>\n<p><strong><em>Chacun sa partition<br \/>\n<\/strong><\/em><\/p>\n<p>D&#8217;apr\u00e8s le d\u00e9partement d&#8217;\u00c9tat am\u00e9ricain, plus d&#8217;une quarantaine de nations seront sur les terrains militaire et\/ou humanitaire et \u00e0 des degr\u00e9s divers d&#8217;engagement et d&#8217;exposition. Derri\u00e8re les \u00c9tats-Unis, on retrouve bien s\u00fbr les alli\u00e9s traditionnels europ\u00e9ens (France, Royaume-Uni, Allemagne, Espagne, Italie, etc.), plus la Cor\u00e9e du sud, le Japon, l&#8217;Australie mais aussi l&#8217;Arabie Saoudite, le Qatar, la Jordanie. Une coalition large donc (Isra\u00ebl devrait \u00e9galement en \u00eatre mais pas l&#8217;Iran ni l&#8217;\u00c9gypte), en partie compos\u00e9e par des \u00c9tats qui, depuis le d\u00e9but de la crise syrienne en 2011, jouent leur propre partition dans la r\u00e9gion. Partitions souvent antagonistes, les uns et les autres soutenant des groupes et factions \u00e9ventuellement ennemis, et ce au gr\u00e9 des renversements d&#8217;alliance ponctuels et des appartenances confessionnelles. Le tout au service, bien entendu, d&#8217;ambitions plus ou moins assum\u00e9es de leadership r\u00e9gional. <\/p>\n<p>Contrairement \u00e0 la plupart des organisations politico-militaires op\u00e9rant dans la r\u00e9gion, les troupes de l&#8217;EI qui f\u00e9d\u00e8rent donc tout ce beau monde contre elles, ne b\u00e9n\u00e9ficient, elles, d&#8217;aucun soutien direct comme le rappelle l&#8217;universitaire Gr\u00e9gory Gause dans un article consacr\u00e9 \u00e0 la <em>\u00ab\u00a0nouvelle guerre froide au Proche-orient\u00a0\u00bb<\/em> (\u00e0 lire, en fran\u00e7ais, sur <a href=\"http:\/\/orientxxi.info\/magazine\/le-recul-des-etats-au-proche,0659\">Orient XXI<\/a>) : \u00ab <em>L\u2019EI quant \u00e0 lui n\u2019a pas de protecteur, (\u2026) Qatar et l\u2019Arabie saoudite ont investi des sommes importantes dans l\u2019opposition syrienne, et il est possible qu\u2019une partie de leur argent ait fini entre les mains de l\u2019EIIL puis de l\u2019EI. Mais il n\u2019existe aucune preuve qui tendrait \u00e0 montrer que ces deux pays soutiennent directement cette organisation (\u2026) L\u2019EIIL (&#8230;) a trouv\u00e9 seul ses moyens financiers, tirant ses ressources du banditisme, de l\u2019extorsion d\u2019argent en \u00e9change de sa protection, du contr\u00f4le de routes marchandes et en captant des revenus tir\u00e9s des raffineries de p\u00e9trole et des centres de distribution d\u2019essence. (&#8230;) L\u2019une de ses forces, en termes de propagande, est d\u2019afficher qu\u2019il n\u2019est l\u2019oblig\u00e9 d\u2019aucune puissance \u00e9trang\u00e8re.<\/em>\u00a0\u00bb <\/p>\n<p><strong><em>Multiplication des foyers terroristes<br \/>\n<\/strong><\/em><\/p>\n<p>Dans une r\u00e9gion o\u00f9 les &#8220;puissances&#8221; locales n&#8217;en sont plus et ou les fronti\u00e8res h\u00e9rit\u00e9es des accords franco-britanniques Sykes-Picot (1916) semblent pr\u00eates \u00e0 voler en \u00e9clat, l&#8217;EI, sans soutien direct donc mais tirant le meilleur parti du chaos r\u00e9gional, d\u00e9montre qu&#8217;il est aujourd&#8217;hui en capacit\u00e9 de rassembler un nombre cons\u00e9quent de combattants. Des combattants suffisamment \u00e9quip\u00e9s et d\u00e9termin\u00e9s pour effacer la fronti\u00e8re syro-irakienne et mettre en difficult\u00e9 une arm\u00e9e irakienne &#8220;form\u00e9e&#8221;, on s&#8217;en souvient, pendant plusieurs ann\u00e9es et jusqu&#8217;en 2011 par&#8230; les GI&#8217;s \u00e9tats-uniens. <\/p>\n<p>\u00ab <em>Il serait temps que les pays occidentaux tirent les le\u00e7ons de l&#8217;exp\u00e9rience (\u2026), il y avait en 2001 un foyer de crise terroriste central <\/em> (dans la r\u00e9gion ndlr), <em>aujourd&#8217;hui il y en a pr\u00e8s d&#8217;une quinzaine. C&#8217;est dire que nous les avons multipli\u00e9 (&#8230;) Aujourd&#8217;hui, l&#8217;EI c&#8217;est l&#8217;enfant monstrueux de l&#8217;inconstance et de l&#8217;arrogance occidentale<\/em>\u00a0\u00bb, a d\u00e9plor\u00e9 vendredi Dominique de Villepin. <\/p>\n<p>Mais le temps  du &#8220;non&#8221; fran\u00e7ais \u00e0 la guerre en Irak (2003) est r\u00e9volu\u00a0: Fran\u00e7ois Hollande semble convaincu que la France a toute sa place dans ce &#8220;Nous&#8221; occidental d\u00e9nu\u00e9 d&#8217;intelligence politique, incapable de tirer des enseignements du pass\u00e9 et fon\u00e7ant t\u00eate baiss\u00e9e dans les pi\u00e8ges les plus monstrueux (vid\u00e9os d&#8217;otages d\u00e9capit\u00e9s). Un &#8220;Nous&#8221; qui se passe de l&#8217;accord des peuples, ne prend plus la peine de s&#8217;embarrasser du &#8220;parapluie&#8221; (certes tr\u00e8s ab\u00eem\u00e9) onusien et prend le risque (\u00e0 dessein?) de coaliser toujours un peu plus les &#8220;forces du mal&#8221;. De quel d\u00e9sastre la troisi\u00e8me guerre en Irak qui s&#8217;annonce sera-t-elle cette fois le nom\u00a0?<\/p>\n","protected":false},"excerpt":{"rendered":"<p>Les \u00c9tats-Unis et leurs alli\u00e9s s&#8217;appr\u00eatent une nouvelle fois \u00e0 intervenir en Irak. Aux plans humain et politique, le bilan des deux pr\u00e9c\u00e9dentes interventions est d\u00e9sastreux. Avec la situation actuelle dans la r\u00e9gion, il pourrait \u00eatre pire. Tant pis, Hollande y court.<\/p>\n","protected":false},"author":558,"featured_media":0,"comment_status":"open","ping_status":"open","sticky":false,"template":"","format":"standard","meta":{"_themeisle_gutenberg_block_has_review":false,"footnotes":""},"categories":[11],"tags":[],"class_list":["post-7928","post","type-post","status-publish","format-standard","hentry","category-monde"],"_links":{"self":[{"href":"https:\/\/archives.regards.fr\/index.php?rest_route=\/wp\/v2\/posts\/7928","targetHints":{"allow":["GET"]}}],"collection":[{"href":"https:\/\/archives.regards.fr\/index.php?rest_route=\/wp\/v2\/posts"}],"about":[{"href":"https:\/\/archives.regards.fr\/index.php?rest_route=\/wp\/v2\/types\/post"}],"author":[{"embeddable":true,"href":"https:\/\/archives.regards.fr\/index.php?rest_route=\/wp\/v2\/users\/558"}],"replies":[{"embeddable":true,"href":"https:\/\/archives.regards.fr\/index.php?rest_route=%2Fwp%2Fv2%2Fcomments&post=7928"}],"version-history":[{"count":0,"href":"https:\/\/archives.regards.fr\/index.php?rest_route=\/wp\/v2\/posts\/7928\/revisions"}],"wp:attachment":[{"href":"https:\/\/archives.regards.fr\/index.php?rest_route=%2Fwp%2Fv2%2Fmedia&parent=7928"}],"wp:term":[{"taxonomy":"category","embeddable":true,"href":"https:\/\/archives.regards.fr\/index.php?rest_route=%2Fwp%2Fv2%2Fcategories&post=7928"},{"taxonomy":"post_tag","embeddable":true,"href":"https:\/\/archives.regards.fr\/index.php?rest_route=%2Fwp%2Fv2%2Ftags&post=7928"}],"curies":[{"name":"wp","href":"https:\/\/api.w.org\/{rel}","templated":true}]}}