{"id":7927,"date":"2014-09-15T17:35:08","date_gmt":"2014-09-15T15:35:08","guid":{"rendered":"https:\/\/wp.muchomaas.com\/l-occasion-manquee-rattrapage7927\/"},"modified":"2023-07-03T14:51:30","modified_gmt":"2023-07-03T12:51:30","slug":"l-occasion-manquee-rattrapage7927","status":"publish","type":"post","link":"https:\/\/archives.regards.fr\/?p=7927","title":{"rendered":"&#8220;L&#8217;occasion manqu\u00e9e&#8221; : rattrapage"},"content":{"rendered":"<p class=\"post_excerpt\">Offert aux abonn\u00e9s de <em>Regards<\/em>, le livre de Roger Martelli &#8220;L&#8217;Occasion manqu\u00e9e. \u00c9t\u00e9 1984, quand le PCF se referme&#8221; s&#8217;est vendu \u00e0 plusieurs centaines d&#8217;exemplaires lors de la F\u00eate de L&#8217;Humanit\u00e9. Nous rassemblons ici plusieurs \u00e9chos de son ouvrage, dont un entretien film\u00e9 par Mediapart.<\/p>\n<p><a href=\"http:\/\/www.humanite.fr\/1984-lete-meurtrier-des-communistes-francais-551146\">Interview<\/a> pour <em>L&#8217;Humanit\u00e9<\/em>: &#8220;1984, l\u2019\u00e9t\u00e9 meurtrier des communistes fran\u00e7ais?&#8221;<\/p>\n<p><a href=\"http:\/\/www.lejdd.fr\/Politique\/Le-PCF-ne-peut-plus-avoir-la-place-centrale-qui-a-ete-la-sienne-au-XXe-siecle-686482\">Interview<\/a> pour le <em>Journal du dimanche<\/em>: &#8220;Le PCF ne peut plus avoir la place centrale qui a \u00e9t\u00e9 la sienne au XXe si\u00e8cle&#8221;. <\/p>\n<p><a href=\"https:\/\/wp.muchomaas.com\/web\/trente-ans-plus-tard-la-crise-de,7918\">La chronique<\/a> de Laurent L\u00e9vy : &#8220;Trente ans plus tard : 1984, la crise du Parti communiste fran\u00e7ais&#8221;.<\/p>\n<p><a href=\"http:\/\/www.mediapart.fr\/journal\/france\/130914\/roger-martelli-le-pcf-nen-toujours-pas-fini-avec-le-bolchevisme\">Article<\/a> de <em>M\u00e9diapart<\/em> &#8220;Le PCF n&#8217;en a toujours pas fini avec le bolchevisme&#8221; et entretien vid\u00e9o ci-dessous.<\/p>\n<p><iframe loading=\"lazy\" frameborder=\"0\" width=\"460\" height=\"265\" src=\"\/\/www.dailymotion.com\/embed\/video\/x25tnvw\" allowfullscreen><\/iframe> <\/p>\n<p>Enfin, M. Martelli devra s&#8217;expliquer de l&#8217;affection que semble lui vouer la journaliste politique du <em>Figaro<\/em> Sophie de Ravinel : <\/p>\n<blockquote class=\"twitter-tweet\" lang=\"fr\">\n<p>Lire du Roger Martelli sur l&#39;histoire du PCF, c&#39;est l&#39;assurance de ne pas gaspiller son temps&#8230; <a href=\"https:\/\/twitter.com\/hashtag\/Susciterlesd%C3%A9bats?src=hash\">#Susciterlesd\u00e9bats<\/a> <a href=\"http:\/\/t.co\/fXVybVfWHi\">pic.twitter.com\/fXVybVfWHi<\/a><\/p>\n<p>&mdash; Sophie de Ravinel \u0646 (@S2RVNL) <a href=\"https:\/\/twitter.com\/S2RVNL\/status\/507812504819744768\">5 Septembre 2014<\/a><\/p><\/blockquote>\n<p><script async src=\"\/\/platform.twitter.com\/widgets.js\" charset=\"utf-8\"><\/script><div id='gallery-1' class='gallery galleryid-7927 gallery-columns-3 gallery-size-thumbnail'><figure class='gallery-item'>\n\t\t\t<div class='gallery-icon landscape'>\n\t\t\t\t<a href='https:\/\/archives.regards.fr\/wp-content\/uploads\/2014\/09\/martelli-mediapart-718.jpg'><img loading=\"lazy\" decoding=\"async\" width=\"150\" height=\"150\" src=\"https:\/\/archives.regards.fr\/wp-content\/uploads\/2014\/09\/martelli-mediapart-718-150x150.jpg\" class=\"attachment-thumbnail size-thumbnail\" alt=\"martelli-mediapart.jpg\" \/><\/a>\n\t\t\t<\/div><\/figure>\n\t\t<\/div>\n<\/p>\n","protected":false},"excerpt":{"rendered":"<p>Offert aux abonn\u00e9s de <em>Regards<\/em>, le livre de Roger Martelli &#8220;L&#8217;Occasion manqu\u00e9e. \u00c9t\u00e9 1984, quand le PCF se referme&#8221; s&#8217;est vendu \u00e0 plusieurs centaines d&#8217;exemplaires lors de la F\u00eate de L&#8217;Humanit\u00e9. Nous rassemblons ici plusieurs \u00e9chos de son ouvrage, dont un entretien film\u00e9 par Mediapart.<\/p>\n","protected":false},"author":328,"featured_media":20668,"comment_status":"open","ping_status":"open","sticky":false,"template":"","format":"standard","meta":{"_themeisle_gutenberg_block_has_review":false,"footnotes":""},"categories":[157],"tags":[406],"class_list":["post-7927","post","type-post","status-publish","format-standard","has-post-thumbnail","hentry","category-web","tag-pcf"],"_links":{"self":[{"href":"https:\/\/archives.regards.fr\/index.php?rest_route=\/wp\/v2\/posts\/7927","targetHints":{"allow":["GET"]}}],"collection":[{"href":"https:\/\/archives.regards.fr\/index.php?rest_route=\/wp\/v2\/posts"}],"about":[{"href":"https:\/\/archives.regards.fr\/index.php?rest_route=\/wp\/v2\/types\/post"}],"author":[{"embeddable":true,"href":"https:\/\/archives.regards.fr\/index.php?rest_route=\/wp\/v2\/users\/328"}],"replies":[{"embeddable":true,"href":"https:\/\/archives.regards.fr\/index.php?rest_route=%2Fwp%2Fv2%2Fcomments&post=7927"}],"version-history":[{"count":0,"href":"https:\/\/archives.regards.fr\/index.php?rest_route=\/wp\/v2\/posts\/7927\/revisions"}],"wp:featuredmedia":[{"embeddable":true,"href":"https:\/\/archives.regards.fr\/index.php?rest_route=\/wp\/v2\/media\/20668"}],"wp:attachment":[{"href":"https:\/\/archives.regards.fr\/index.php?rest_route=%2Fwp%2Fv2%2Fmedia&parent=7927"}],"wp:term":[{"taxonomy":"category","embeddable":true,"href":"https:\/\/archives.regards.fr\/index.php?rest_route=%2Fwp%2Fv2%2Fcategories&post=7927"},{"taxonomy":"post_tag","embeddable":true,"href":"https:\/\/archives.regards.fr\/index.php?rest_route=%2Fwp%2Fv2%2Ftags&post=7927"}],"curies":[{"name":"wp","href":"https:\/\/api.w.org\/{rel}","templated":true}]}}