{"id":7909,"date":"2014-09-09T09:48:48","date_gmt":"2014-09-09T07:48:48","guid":{"rendered":"https:\/\/wp.muchomaas.com\/a-montreuil-le-front-de-gauche7909\/"},"modified":"2023-06-23T23:17:48","modified_gmt":"2023-06-23T21:17:48","slug":"a-montreuil-le-front-de-gauche7909","status":"publish","type":"post","link":"https:\/\/archives.regards.fr\/?p=7909","title":{"rendered":"\u00c0 Montreuil, le Front de gauche approfondit ses d\u00e9bats"},"content":{"rendered":"<p class=\"post_excerpt\">Le Front de gauche est bien d\u00e9cid\u00e9 \u00e0 rassembler, m\u00eame si la nature de ce rassemblement reste inconnue: c\u2019est l\u2019acquis essentiel de l\u2019assembl\u00e9e de rentr\u00e9e tenue \u00e0 Montreuil samedi. Compte rendu + contribution de Robert Spizzichino.<\/p>\n<p>Pr\u00e9sent\u00e9e comme la <em>\u00ab r\u00e9union de la derni\u00e8re chance \u00bb,<\/em> l\u2019assembl\u00e9e de rentr\u00e9e du Front de gauche, ce 6 septembre \u00e0 Montreuil, peut prendre des allures de verre \u00e0 moiti\u00e9 vide ou \u00e0 moiti\u00e9 plein. La r\u00e9union, tenue pour partie \u00e0 huis clos, en pr\u00e9sence de pas loin de deux cents participants, a act\u00e9 des lignes de forte convergence. Mais aussi la persistance de d\u00e9bats loin d\u2019\u00eatre anodins entre ses composantes. La nouvelle donne politique, ouverte par l\u2019orientation sociale-lib\u00e9rale affirm\u00e9e du gouvernement Valls II, a raviv\u00e9 les questions sur la nature du rassemblement \u00e0 mettre en \u0153uvre. <\/p>\n<p><strong><em>Des points de convergence<br \/>\n<\/strong><\/em><\/p>\n<p>Dans une ambiance studieuse et marqu\u00e9e par la volont\u00e9 de l\u2019ensemble des participants de ne pas commettre l\u2019irr\u00e9parable, les explications de texte ont bien eu lieu. C\u2019est d\u00e9j\u00e0 l\u2019avantage de cette rencontre que chacun l\u2019ait abord\u00e9e avec l\u2019envie de ne pas casser le Front de gauche sans pour autant mettre son mouchoir sur ses convictions. Contrairement \u00e0 ce que d\u2019aucuns craignaient, la r\u00e9union, d\u00e9but\u00e9e \u00e0 9h30 pour se conclure en pr\u00e9sence de la presse \u00e0 18 heures pass\u00e9es, n\u2019a pas non plus \u00e9t\u00e9 le th\u00e9\u00e2tre d\u2019un affrontement entre les seuls Parti de gauche et Parti communiste fran\u00e7ais. De nombreux &#8220;non align\u00e9s&#8221; ont exprim\u00e9 leur voix, faisant remonter de riches exp\u00e9riences de terrain. <\/p>\n<p>Au titre des points d\u2019accord : la caract\u00e9risation de la ligne politique du deuxi\u00e8me gouvernement form\u00e9 par Manuel Valls, \u00e0 la suite de l\u2019\u00e9viction des ministres jug\u00e9s<em> \u00ab trop proches des frondeurs \u00bb <\/em> : Montebourg, Hamon et Filippetti. L\u2019ensemble des parlementaires Front de gauche votera, le 16 septembre, contre la confiance que r\u00e9clame le premier ministre. Autre point de convergence, la n\u00e9cessit\u00e9 de d\u00e9battre, de mani\u00e8re constructive, avec les &#8220;frondeurs&#8221;. Ainsi, Cl\u00e9mentine Autain a souhait\u00e9 <em>\u00ab tendre la main \u00e0 tous \u00bb<\/em>, tout en marquant une distance nette vis-\u00e0-vis de la politique men\u00e9e par l\u2019ex\u00e9cutif. <\/p>\n<p><strong><em>\u00ab Les conditions de l&#8217;alternative \u00bb<br \/>\n<\/strong><\/em><\/p>\n<p>Le d\u00e9bat avec les &#8220;gauches&#8221; du Parti socialiste repose, de facto, la question de l\u2019\u00e9largissement du rassemblement, tel que le Front de gauche pourrait le porter. Et l\u00e0, les divergences se sont exprim\u00e9es. Pierre Laurent, secr\u00e9taire national du PCF, a d\u00e9fendu, autour du Front de gauche, une <em>\u00ab alliance rouge, rose, verte \u00bb<\/em>, prenant appui sur les d\u00e9marches entam\u00e9es par des clubs de r\u00e9flexion tels Gauche avenir mais aussi sur les d\u00e9clarations \u00e9manant de dirigeants \u00e9colos ou socialistes oppos\u00e9s \u00e0 la ligne Valls. <em>\u00ab Nous devons cr\u00e9er d\u00e8s maintenant les conditions de l\u2019alternative en rassemblant les Fran\u00e7ais et les forces politiques qui ne se reconnaissent plus dans la politique gouvernementale \u00bb,<\/em> a pr\u00e9cis\u00e9 le chef de file des communistes. Un propos explicit\u00e9 par le conseiller r\u00e9gional PCF d\u2019\u00cele-de-France Francis Parny, un des coorganisateurs de cette journ\u00e9e : <em>\u00ab Le rassemblement de la gauche que nous appelons de nos v\u0153ux ne peut plus prendre la m\u00eame forme qu\u2019il y a dix ou quinze ans\u2026 \u00bb<\/em><\/p>\n<p>Une ligne qui n\u2019a pas rassembl\u00e9 l\u2019ensemble des d\u00e9l\u00e9gu\u00e9s. <em>\u00ab Je ne doute pas de la sinc\u00e9rit\u00e9 du tourment des frondeurs socialistes, que je connais bien pour certains,<\/em> a r\u00e9pondu, \u00e0 distance, Alexis Corbi\u00e8re, secr\u00e9taire national du Parti de gauche. <em>Mais si \u00e7a se finit par des abstentions, \u00e0 quoi bon\u2026 Les faits trancheront, mais on ne peut pas b\u00e2tir une strat\u00e9gie sur l\u2019\u00e9volution au PS. <\/em> \u00bb \u00c9ric Coquerel, secr\u00e9taire national du PG et organisateur de la journ\u00e9e, a jug\u00e9 n\u00e9cessaire de se tenir \u00e0 distance du PS pour ne pas y \u00eatre assimil\u00e9 : <em>\u00ab Nous ne sommes pas d\u2019accord sur l\u2019id\u00e9e de rassembler la gauche, car pour les gens, la gauche va jusqu\u2019\u00e0 Valls et Hollande. \u00bb<\/em><\/p>\n<p><strong><em>L&#8217;exemple de Podemos<br \/>\n<\/strong><\/em><\/p>\n<p>Aussi, pour certains intervenants, l\u2019\u00e9largissement du Front de gauche doit se traduire par une adresse en direction des abstentionnistes et du mouvement social. Nombre de d\u00e9l\u00e9gu\u00e9s ont plaid\u00e9 pour une meilleure implication du Front de gauche dans les luttes sociales et soci\u00e9tales. Jean-Luc M\u00e9lenchon a \u00e9t\u00e9 plus loin en proposant, dans la ligne de son discours au Remue-m\u00e9ninges cet \u00e9t\u00e9, que le front de gauche devienne l\u2019aile marchante d\u2019un mouvement en faveur de la VIe R\u00e9publique, <em>\u00ab destin\u00e9 \u00e0 f\u00e9d\u00e9rer le peuple \u00bb.<\/em> L\u2019exemple de Podemos qui, en Espagne, talonne la social-d\u00e9mocratie, a plan\u00e9 sur Montreuil. La VIe R\u00e9publique a certes \u00e9t\u00e9 int\u00e9gr\u00e9e, dans la r\u00e9solution finale, comme <em>\u00ab un des moyens essentiels de sortie de la crise \u00bb<\/em>. Pour autant, d\u2019autres points de mobilisation ont \u00e9t\u00e9 pr\u00e9sent\u00e9s  comme n\u00e9cessaires : travail du dimanche, seuils sociaux, utilisation du CICE, r\u00e9forme territoriale\u2026<em> \u00ab Il s\u2019agit de stopper Valls sur des points pr\u00e9cis, tout en redonnant espoir \u00bb,<\/em> explique Olivier Dartigolles, porte-parole du PCF. Des ajouts que Jean-Luc M\u00e9lenchon a pris le soin d\u2019int\u00e9grer dans la d\u00e9marche, comme autant de points d\u2019appui pour une unit\u00e9 du Front de gauche.<\/p>\n<p>Reste que d\u2019autres modes de rassemblement ont \u00e9t\u00e9 mis sur la table. Ensemble!, la troisi\u00e8me composante du Front de gauche, a ainsi voulu prendre appui sur l\u2019exp\u00e9rience des collectifs unitaires anti-lib\u00e9raux, n\u00e9s avec la mobilisation pour le Non au Trait\u00e9 constitutionnel europ\u00e9en, en 2005. <em>\u00ab \u00catre clair sur notre positionnement et cr\u00e9er des passerelles \u00bb,<\/em> jusqu\u2019\u00e0 des socialistes, explique ainsi Cl\u00e9mentine Autain. Qui poursuit :<em> \u00ab Nous sommes aujourd\u2019hui en tension entre la n\u00e9cessit\u00e9 d\u2019occuper un espace politique distinct de la gauche gouvernementale et la difficult\u00e9 de ne pas tomber pour autant dans la logique de cordon sanitaire avec le PS. \u00bb <\/em> <\/p>\n<p>\u00c0 voir les visages des participants, l\u2019exemple de l\u2019\u00e9chec des collectifs unitaires en 2006 est dans toutes les t\u00eates. Et personne n\u2019assumerait une nouvelle fracture au sein de la gauche radicale. Une nouvelle assembl\u00e9e du Front de gauche devrait se tenir au mois de novembre pour approfondir les discussions en suspens.<br \/>\n<div id='gallery-1' class='gallery galleryid-7909 gallery-columns-3 gallery-size-thumbnail'><figure class='gallery-item'>\n\t\t\t<div class='gallery-icon landscape'>\n\t\t\t\t<a href='https:\/\/archives.regards.fr\/wp-content\/uploads\/2014\/09\/fdg-rigolus-223.jpg'><img loading=\"lazy\" decoding=\"async\" width=\"150\" height=\"150\" src=\"https:\/\/archives.regards.fr\/wp-content\/uploads\/2014\/09\/fdg-rigolus-223-150x150.jpg\" class=\"attachment-thumbnail size-thumbnail\" alt=\"fdg-rigolus.jpg\" \/><\/a>\n\t\t\t<\/div><\/figure>\n\t\t<\/div>\n<\/p>\n","protected":false},"excerpt":{"rendered":"<p>Le Front de gauche est bien d\u00e9cid\u00e9 \u00e0 rassembler, m\u00eame si la nature de ce rassemblement reste inconnue: c\u2019est l\u2019acquis essentiel de l\u2019assembl\u00e9e de rentr\u00e9e tenue \u00e0 Montreuil samedi. Compte rendu + contribution de Robert Spizzichino.<\/p>\n","protected":false},"author":1,"featured_media":20636,"comment_status":"open","ping_status":"open","sticky":false,"template":"","format":"standard","meta":{"_themeisle_gutenberg_block_has_review":false,"footnotes":""},"categories":[157],"tags":[452],"class_list":["post-7909","post","type-post","status-publish","format-standard","has-post-thumbnail","hentry","category-web","tag-front-de-gauche"],"_links":{"self":[{"href":"https:\/\/archives.regards.fr\/index.php?rest_route=\/wp\/v2\/posts\/7909","targetHints":{"allow":["GET"]}}],"collection":[{"href":"https:\/\/archives.regards.fr\/index.php?rest_route=\/wp\/v2\/posts"}],"about":[{"href":"https:\/\/archives.regards.fr\/index.php?rest_route=\/wp\/v2\/types\/post"}],"author":[{"embeddable":true,"href":"https:\/\/archives.regards.fr\/index.php?rest_route=\/wp\/v2\/users\/1"}],"replies":[{"embeddable":true,"href":"https:\/\/archives.regards.fr\/index.php?rest_route=%2Fwp%2Fv2%2Fcomments&post=7909"}],"version-history":[{"count":0,"href":"https:\/\/archives.regards.fr\/index.php?rest_route=\/wp\/v2\/posts\/7909\/revisions"}],"wp:featuredmedia":[{"embeddable":true,"href":"https:\/\/archives.regards.fr\/index.php?rest_route=\/wp\/v2\/media\/20636"}],"wp:attachment":[{"href":"https:\/\/archives.regards.fr\/index.php?rest_route=%2Fwp%2Fv2%2Fmedia&parent=7909"}],"wp:term":[{"taxonomy":"category","embeddable":true,"href":"https:\/\/archives.regards.fr\/index.php?rest_route=%2Fwp%2Fv2%2Fcategories&post=7909"},{"taxonomy":"post_tag","embeddable":true,"href":"https:\/\/archives.regards.fr\/index.php?rest_route=%2Fwp%2Fv2%2Ftags&post=7909"}],"curies":[{"name":"wp","href":"https:\/\/api.w.org\/{rel}","templated":true}]}}