{"id":7887,"date":"2014-08-28T11:40:26","date_gmt":"2014-08-28T09:40:26","guid":{"rendered":"https:\/\/wp.muchomaas.com\/pour-place-le-gouvernement-c-est7887\/"},"modified":"2023-06-23T23:17:43","modified_gmt":"2023-06-23T21:17:43","slug":"pour-place-le-gouvernement-c-est7887","status":"publish","type":"post","link":"https:\/\/archives.regards.fr\/?p=7887","title":{"rendered":"Pour Plac\u00e9, le gouvernement c&#8217;est pas maintenant"},"content":{"rendered":"<p class=\"post_excerpt\">Le s\u00e9nateur vert de l\u2019Essonne n\u2019\u00e9tait pas loin de r\u00e9aliser son r\u00eave et d\u2019accepter le minist\u00e8re de l\u2019\u00c9conomie verte que lui offrait Manuel Valls. Mais il n\u2019a finalement pas os\u00e9 d\u00e9fier la ligne du parti et prendre le risque de compromettre sa carri\u00e8re politique. <\/p>\n<p>Caramba, encore rat\u00e9. Jean-Vincent Plac\u00e9 a de nouveau \u00e9t\u00e9 contraint de passer son tour sur le man\u00e8ge minist\u00e9riel. Alors que Manuel Valls lui proposait lundi un minist\u00e8re de &#8220;l\u2019\u00c9conomie verte&#8221; dans son nouveau gouvernement, le chef de file des \u00e9cologistes au S\u00e9nat a d\u00fb d\u00e9cliner : <em>\u00ab Les conditions pour la participation d&#8217;\u00e9cologistes ne sont pas r\u00e9unies. Je souhaite \u00e9videmment la r\u00e9ussite du gouvernement de la France \u00bb,<\/em> a t-il fini par d\u00e9clarer sur Twitter mardi, apr\u00e8s vingt-quatre heures de suspense. <\/p>\n<p><strong><em>\u00ab Trop t\u00f4t pour un bilan du quinquennat \u00bb<br \/>\n<\/strong><\/em><\/p>\n<p>Il s\u2019y serait bien vu, pourtant. Frustr\u00e9, en avril dernier, par la d\u00e9cision du parti de refuser toute participation au gouvernement \u00e0 la suite de la nomination de Manuel Valls \u00e0 Matignon \u2013 accompagn\u00e9e des d\u00e9missions de C\u00e9cile Duflot et de Pascal Canfin \u2013 Plac\u00e9 ne manquait jamais une occasion d\u2019exprimer son d\u00e9saccord. Pas plus tard que le week-end dernier, le s\u00e9nateur de l\u2019Essonne signait aux journ\u00e9es d\u2019\u00e9t\u00e9 d\u2019Europe \u00c9cologie-Les Verts (EELV) \u00e0 Bordeaux un texte appelant \u00e0 organiser le retour des verts au gouvernement. <em>\u00ab Moi je vous le dis tr\u00e8s sinc\u00e8rement, la place des \u00e9cologistes est aux responsabilit\u00e9s, <\/em> martelait-il \u00e9galement sur Europe 1 le 20 ao\u00fbt. <em>On est dans une p\u00e9riode o\u00f9 tout le monde doit \u00eatre au front et avoir les mains dans le cambouis. \u00bb<\/em><\/p>\n<p>Et qu\u2019importe que Fran\u00e7ois Hollande ait clairement affich\u00e9 sa volont\u00e9 de pers\u00e9v\u00e9rer dans une orientation n\u00e9olib\u00e9rale que Plac\u00e9 avait \u00e9t\u00e9 le premier \u00e0 d\u00e9noncer. Ce dernier a sensiblement adouci ses critiques, notamment sur le Pacte de responsabilit\u00e9 : <em>\u00ab Je trouve que la gauche a fait trop de cas de ce pacte. Il est \u00e9vident qu\u2019il faut aider les entreprises \u00bb,<\/em> estimait-il dans un entretien au <em>Figaro<\/em> le 22 ao\u00fbt. <em>\u00ab Il est trop t\u00f4t pour faire un bilan du quinquennat \u00bb<\/em>, jugeait-il g\u00e9n\u00e9reusement sur BFMTV le 21 ao\u00fbt, soucieux de ne pas <em>\u00ab stigmatiser la majorit\u00e9, dans la situation o\u00f9 elle se trouve \u00bb.<\/em><\/p>\n<p><strong><em>Au risque de l&#8217;exclusion<br \/>\n<\/strong><\/em><\/p>\n<p>Malheureusement pour lui, la ligne d\u2019EELV n\u2019a pas boug\u00e9 d\u2019un iota. R\u00e9uni lundi de mani\u00e8re exceptionnelle, le bureau ex\u00e9cutif, essentiellement acquis \u00e0 C\u00e9cile Duflot, a maintenu la position :<em> \u00ab Les \u00e9cologistes ne peuvent apporter leur soutien \u00e0 la mise en \u0153uvre d\u2019une politique \u00e9conomique qui donne la priorit\u00e9 aux r\u00e9ductions des d\u00e9penses publiques en les faisant porter en priorit\u00e9 sur les m\u00e9nages \u00bb,<\/em> concluait le communiqu\u00e9 sign\u00e9 par les porte-paroles du parti, Sandrine Rousseau et Julien Bayou. <em>\u00ab Les conditions n&#8217;\u00e9taient pas r\u00e9unies en avril, elles le sont encore moins aujourd&#8217;hui \u00bb, <\/em> a ajout\u00e9 dans la foul\u00e9e la secr\u00e9taire nationale Emmanuelle Cosse. <em>\u00ab Quand on est \u00e9colo, on n\u2019a rien \u00e0 faire dans un gouvernement qui d\u00e9fend l\u2019aust\u00e9rit\u00e9, les cadeaux au Medef et l\u2019immobilisme environnemental \u00bb, <\/em> a abond\u00e9 sur Twitter la d\u00e9put\u00e9e europ\u00e9enne Karima Delli.<\/p>\n<p>Reste que Jean-Vincent Plac\u00e9 aurait pu y aller quand m\u00eame, <em>\u00ab en son nom propre \u00bb,<\/em> comme l\u2019a pr\u00e9cis\u00e9 Emmanuelle Cosse, c\u2019est \u00e0 dire en prenant le risque d\u2019\u00eatre suspendu ou exclu du parti. Le copr\u00e9sident du groupe \u00e9cologiste \u00e0 l&#8217;Assembl\u00e9e nationale Fran\u00e7ois De Rugy, qui pouvait lui aussi esp\u00e9rer un poste, aurait m\u00eame jug\u00e9 que l\u2019accord du parti \u00e9tait <em>\u00ab secondaire \u00bb<\/em>, selon <em>Les Inrockuptibles<\/em>.<\/p>\n<p><strong><em>\u00ab Un bon exercice de style \u00bb<br \/>\n<\/strong><\/em><\/p>\n<p>Pourquoi donc avoir refus\u00e9 une proposition aussi all\u00e9chante ? Officiellement, parce que Valls n\u2019offrait pas suffisamment de garanties \u00e9cologistes : <em>\u00ab Quand j\u2019ai vu que la discussion ne pouvait aboutir sur une ligne \u00e9colo, j\u2019en ai tir\u00e9 les conclusions. Je ne voulais pas y aller \u00e0 tout prix \u00bb,<\/em> assure Plac\u00e9 \u00e0 la journaliste du <em>Monde<\/em> Rapha\u00eblle Besse Desmouli\u00e8res. <em>\u00ab Il y avait une volont\u00e9 d&#8217;ouvrir aux \u00e9colos mais sans beaucoup de moyens politiques. Nous nous sommes quitt\u00e9s en tr\u00e8s bons termes. C&#8217;est un bon exercice de style. \u00bb <\/em> La d\u00e9put\u00e9e verte de la Somme Barbara Pompili, \u00e0 qui Valls offrait un secr\u00e9tariat d\u2019\u00c9tat, confirme : <em>\u00ab il n&#8217;y avait aucun infl\u00e9chissement de la politique men\u00e9e mais m\u00eame plut\u00f4t un raidissement. \u00bb<\/em> <\/p>\n<p>Mais si Jean-Vincent Plac\u00e9 n\u2019a pas c\u00e9d\u00e9 \u00e0 la tentation minist\u00e9rielle, ce n\u2019est pas uniquement par souci de la transition \u00e9nerg\u00e9tique. D\u2019une part, son d\u00e9part aurait priv\u00e9 EELV d\u2019un groupe \u00e9cologiste au S\u00e9nat, les \u00e9lus verts n\u2019y \u00e9tant que dix, soit le seuil minimum pour former un groupe. De plus, le minist\u00e8re propos\u00e9 se serait transform\u00e9e en secr\u00e9tariat d\u2019\u00c9tat au fil de la discussion, selon un d\u00e9put\u00e9 interrog\u00e9 par <em>Le Monde<\/em>. Surtout, la d\u00e9sob\u00e9issance \u00e0 la consigne du bureau ex\u00e9cutif lui aurait mis l\u2019ensemble du parti \u00e0 dos et aurait fait courir un gros risque pour sa carri\u00e8re politique. Interrog\u00e9 lundi sur iT\u00e9l\u00e9, le d\u00e9put\u00e9 des Fran\u00e7ais de l&#8217;\u00e9tranger Serge Coronado avait bien pr\u00e9venu que si Plac\u00e9 acceptait un minist\u00e8re, ce serait <em>\u00ab un voyage sans retour, un aller simple \u00bb.<\/em><br \/>\n<div id='gallery-1' class='gallery galleryid-7887 gallery-columns-3 gallery-size-thumbnail'><figure class='gallery-item'>\n\t\t\t<div class='gallery-icon landscape'>\n\t\t\t\t<a href='https:\/\/archives.regards.fr\/wp-content\/uploads\/2014\/08\/jvp-c1a.jpg'><img loading=\"lazy\" decoding=\"async\" width=\"150\" height=\"150\" src=\"https:\/\/archives.regards.fr\/wp-content\/uploads\/2014\/08\/jvp-c1a-150x150.jpg\" class=\"attachment-thumbnail size-thumbnail\" alt=\"jvp.jpg\" \/><\/a>\n\t\t\t<\/div><\/figure>\n\t\t<\/div>\n<\/p>\n","protected":false},"excerpt":{"rendered":"<p>Le s\u00e9nateur vert de l\u2019Essonne n\u2019\u00e9tait pas loin de r\u00e9aliser son r\u00eave et d\u2019accepter le minist\u00e8re de l\u2019\u00c9conomie verte que lui offrait Manuel Valls. Mais il n\u2019a finalement pas os\u00e9 d\u00e9fier la ligne du parti et prendre le risque de compromettre sa carri\u00e8re politique. <\/p>\n","protected":false},"author":1098,"featured_media":20582,"comment_status":"open","ping_status":"open","sticky":false,"template":"","format":"standard","meta":{"_themeisle_gutenberg_block_has_review":false,"footnotes":""},"categories":[157],"tags":[457],"class_list":["post-7887","post","type-post","status-publish","format-standard","has-post-thumbnail","hentry","category-web","tag-eelv"],"_links":{"self":[{"href":"https:\/\/archives.regards.fr\/index.php?rest_route=\/wp\/v2\/posts\/7887","targetHints":{"allow":["GET"]}}],"collection":[{"href":"https:\/\/archives.regards.fr\/index.php?rest_route=\/wp\/v2\/posts"}],"about":[{"href":"https:\/\/archives.regards.fr\/index.php?rest_route=\/wp\/v2\/types\/post"}],"author":[{"embeddable":true,"href":"https:\/\/archives.regards.fr\/index.php?rest_route=\/wp\/v2\/users\/1098"}],"replies":[{"embeddable":true,"href":"https:\/\/archives.regards.fr\/index.php?rest_route=%2Fwp%2Fv2%2Fcomments&post=7887"}],"version-history":[{"count":0,"href":"https:\/\/archives.regards.fr\/index.php?rest_route=\/wp\/v2\/posts\/7887\/revisions"}],"wp:featuredmedia":[{"embeddable":true,"href":"https:\/\/archives.regards.fr\/index.php?rest_route=\/wp\/v2\/media\/20582"}],"wp:attachment":[{"href":"https:\/\/archives.regards.fr\/index.php?rest_route=%2Fwp%2Fv2%2Fmedia&parent=7887"}],"wp:term":[{"taxonomy":"category","embeddable":true,"href":"https:\/\/archives.regards.fr\/index.php?rest_route=%2Fwp%2Fv2%2Fcategories&post=7887"},{"taxonomy":"post_tag","embeddable":true,"href":"https:\/\/archives.regards.fr\/index.php?rest_route=%2Fwp%2Fv2%2Ftags&post=7887"}],"curies":[{"name":"wp","href":"https:\/\/api.w.org\/{rel}","templated":true}]}}