{"id":7883,"date":"2014-08-25T14:05:02","date_gmt":"2014-08-25T12:05:02","guid":{"rendered":"https:\/\/wp.muchomaas.com\/demission-du-gouvernement-le-temps7883\/"},"modified":"2014-08-25T14:05:02","modified_gmt":"2014-08-25T12:05:02","slug":"demission-du-gouvernement-le-temps7883","status":"publish","type":"post","link":"https:\/\/archives.regards.fr\/?p=7883","title":{"rendered":"D\u00e9mission du gouvernement : le temps des clarifications"},"content":{"rendered":"<p class=\"post_excerpt\">L&#8217;annonce de Manuel Valls apr\u00e8s les charges de ses ministres &#8220;frondeurs&#8221; ach\u00e8ve la perte de l\u00e9gitimit\u00e9 du pr\u00e9sident et de son Premier ministre. Le moment est peut-\u00eatre venu, au-del\u00e0 d&#8217;une recomposition dont on ne peut rien attendre, d&#8217;une d\u00e9composition du r\u00e9gime lui-m\u00eame.<\/p>\n<p>Cela n&#8217;aura pas tra\u00een\u00e9. Apr\u00e8s les d\u00e9clarations fracassantes d&#8217;Arnaud Montebourg et Beno\u00eet Hamon \u00e0 la F\u00eate de la rose de Frangy-en-Bresse, la r\u00e9action du couple ex\u00e9cutif \u00e9tait attendue. L&#8217;information est tomb\u00e9e ce lundi matin avec la d\u00e9mission du gouvernement Valls.<\/p>\n<p>Il faut dire que la situation n&#8217;\u00e9tait pas banale : un ministre de l&#8217;\u00c9conomie qui fustige la politique \u00e9conomique du gouvernement, c&#8217;est du jamais vu. Et quand le ministre de l&#8217;\u00c9ducation exprime <em>\u00ab une proximit\u00e9 \u00bb<\/em> avec les frondeurs qui n&#8217;ont pas vot\u00e9 la confiance au gouvernement, c&#8217;est pour le moins original. Sur les r\u00e9seaux sociaux, le chef du groupe EELV au s\u00e9nat, Jean-Vincent Plac\u00e9 d\u00e9cryptait ainsi la situation : <em>\u00ab Si Montebourg est encore en place ce soir, il n&#8217;y a plus de Premier ministre. \u00bb<\/em><\/p>\n<p>La d\u00e9cision de constituer un second gouvernement Valls, <em>\u00ab plus coh\u00e9rent \u00bb<\/em>, s&#8217;inscrit dans le credo des d\u00e9clarations du chef de l&#8217;\u00c9tat de la semaine derni\u00e8re : <em>\u00ab garder le cap \u00bb, \u00ab plus vite, plus fort. \u00bb<\/em> On pourrait ajouter <em>\u00ab On ne change pas une politique qui a \u00e9chou\u00e9. \u00bb<\/em> Il est encore trop t\u00f4t pour dire quelle sera la composition exacte de ce nouveau gouvernement, et notamment s&#8217;il comportera des ministres EELV. Mais c&#8217;est \u00e0 coup s\u00fbr \u00e0 un nouveau r\u00e9tr\u00e9cissement politique de la majorit\u00e9 gouvernementale que nous assistons. Incontestablement, celui-ci proc\u00e8de d&#8217;une clarification politique. Apr\u00e8s la rupture avec C\u00e9cile Duflot au printemps dernier, ce sont d\u00e9sormais toutes les voix discordantes au sein m\u00eame du Parti socialiste qui vont \u00eatre \u00e9vinc\u00e9es.<\/p>\n<h2>La crise de r\u00e9gime \u00e0 son terme ?<\/h2>\n<p>D\u00e8s lors, une question se pose, existe-t-il une majorit\u00e9 parlementaire pour voter la confiance au nouveau gouvernement ? Ce n&#8217;est pas s\u00fbr. Le couple ex\u00e9cutif n&#8217;a d\u00e9sormais aucune l\u00e9gitimit\u00e9 \u00e0 poursuivre une politique qui a d\u00e9j\u00e0 fait tant de d\u00e9g\u00e2ts et qui suscite tant de critiques de la part de celles et ceux qui ont port\u00e9 Fran\u00e7ois Hollande au pouvoir. R\u00e9prouv\u00e9s par les \u00e9lecteurs \u00e0 deux reprises, sans partenaires pour gouverner et contest\u00e9s au sein de son propre parti, Hollande et Valls devraient \u00eatre d\u00e9savou\u00e9s. <\/p>\n<p>Face \u00e0 la crise sociale, \u00e9conomique et politique que conna\u00eet notre pays, la crise de r\u00e9gime peut atteindre son terme. La Ve R\u00e9publique \u00e9tant \u00e0 bout de souffle, l&#8217;heure n&#8217;est-elle pas venue de lui donner le coup de gr\u00e2ce ? Ce saut permettrait d&#8217;ouvrir le champ \u00e0 une recomposition politique \u00e0 gauche de nature \u00e0 r\u00e9g\u00e9n\u00e9rer l&#8217;espoir. L&#8217;acc\u00e9l\u00e9ration de la crise politique et institutionnelle vaut sans doute mille fois mieux que la certitude du d\u00e9sastre.<\/p>\n","protected":false},"excerpt":{"rendered":"<p>L&#8217;annonce de Manuel Valls apr\u00e8s les charges de ses ministres &#8220;frondeurs&#8221; ach\u00e8ve la perte de l\u00e9gitimit\u00e9 du pr\u00e9sident et de son Premier ministre. Le moment est peut-\u00eatre venu, au-del\u00e0 d&#8217;une recomposition dont on ne peut rien attendre, d&#8217;une d\u00e9composition du r\u00e9gime lui-m\u00eame.<\/p>\n","protected":false},"author":1097,"featured_media":0,"comment_status":"open","ping_status":"open","sticky":false,"template":"","format":"standard","meta":{"_themeisle_gutenberg_block_has_review":false,"footnotes":""},"categories":[157],"tags":[440,474,453],"class_list":["post-7883","post","type-post","status-publish","format-standard","hentry","category-web","tag-francois-hollande","tag-manuel-valls","tag-montebourg"],"_links":{"self":[{"href":"https:\/\/archives.regards.fr\/index.php?rest_route=\/wp\/v2\/posts\/7883","targetHints":{"allow":["GET"]}}],"collection":[{"href":"https:\/\/archives.regards.fr\/index.php?rest_route=\/wp\/v2\/posts"}],"about":[{"href":"https:\/\/archives.regards.fr\/index.php?rest_route=\/wp\/v2\/types\/post"}],"author":[{"embeddable":true,"href":"https:\/\/archives.regards.fr\/index.php?rest_route=\/wp\/v2\/users\/1097"}],"replies":[{"embeddable":true,"href":"https:\/\/archives.regards.fr\/index.php?rest_route=%2Fwp%2Fv2%2Fcomments&post=7883"}],"version-history":[{"count":0,"href":"https:\/\/archives.regards.fr\/index.php?rest_route=\/wp\/v2\/posts\/7883\/revisions"}],"wp:attachment":[{"href":"https:\/\/archives.regards.fr\/index.php?rest_route=%2Fwp%2Fv2%2Fmedia&parent=7883"}],"wp:term":[{"taxonomy":"category","embeddable":true,"href":"https:\/\/archives.regards.fr\/index.php?rest_route=%2Fwp%2Fv2%2Fcategories&post=7883"},{"taxonomy":"post_tag","embeddable":true,"href":"https:\/\/archives.regards.fr\/index.php?rest_route=%2Fwp%2Fv2%2Ftags&post=7883"}],"curies":[{"name":"wp","href":"https:\/\/api.w.org\/{rel}","templated":true}]}}