{"id":7864,"date":"2014-07-11T14:36:49","date_gmt":"2014-07-11T12:36:49","guid":{"rendered":"https:\/\/wp.muchomaas.com\/ps-ou-va-passer-la-ligne-de7864\/"},"modified":"2023-06-23T23:17:39","modified_gmt":"2023-06-23T21:17:39","slug":"ps-ou-va-passer-la-ligne-de7864","status":"publish","type":"post","link":"https:\/\/archives.regards.fr\/?p=7864","title":{"rendered":"PS : o\u00f9 va passer la ligne de fracture ?"},"content":{"rendered":"<p class=\"post_excerpt\">\u00c9branl\u00e9 par l&#8217;orientation Hollande-Valls, le Parti socialiste se dirige vers un \u00e9clatement quasi certain. Reste \u00e0 savoir comment vont s&#8217;en s\u00e9parer les morceaux. Arnaud Montebourg, lui, se place d\u00e9j\u00e0 comme caution &#8220;de gauche&#8221; d&#8217;un futur Parti d\u00e9mocrate \u00e0 la fran\u00e7aise.<\/p>\n<p>Arnaud Montebourg continue de jouer sa partition. Mais il module son jeu. Il y a quelque temps, il semblait envisager le d\u00e9part, pour prendre la t\u00eate d&#8217;une alternative \u00e0 gauche, en dehors du PS. Son discours du 10 juillet marque une inflexion. Il fait entendre sa diff\u00e9rence en voulant incarner un &#8220;n\u00e9o-rooseveltisme&#8221; contre la logique d&#8217;\u00e9conomie budg\u00e9taire drastique du gouvernement actuel.<\/p>\n<p>La r\u00e9f\u00e9rence implicite au mod\u00e8le du New Deal des ann\u00e9es 1930 n&#8217;est pas anodin. Fran\u00e7ois Hollande et Manuel Valls ont d\u00e9cid\u00e9 qu&#8217;il n&#8217;y aurait pas de retour en arri\u00e8re dans la politique gouvernementale. La m\u00e9thode de gestion sociale-lib\u00e9rale est d\u00e9sormais l&#8217;alpha et l&#8217;om\u00e9ga du socialisme de gouvernement. Or, en 2017, il ne sera plus possible de rejouer la symphonie de la campagne pr\u00e9sidentielle de 2012 : gagner sur un discours de gauche, pour gouverner au centre. Mais pour gagner au centre, il faut une structure politique capable de tenir une ligne franchement &#8220;blairiste&#8221;. Le Parti socialiste, tel qu&#8217;il est, en est-il capable? Apr\u00e8s des ann\u00e9es de synth\u00e8ses \u00e0 tout-va, et \u00e0 l&#8217;\u00e9preuve du pouvoir, le couple de t\u00eate a tranch\u00e9 : c&#8217;est non. Il convient donc de constituer la force politique ad\u00e9quate, quelque chose comme un Parti d\u00e9mocrate, \u00e0 l&#8217;am\u00e9ricaine ou \u00e0 l&#8217;italienne.<\/p>\n<p><strong><em>Blairisme intransigeant ou blairisme am\u00e9nag\u00e9 ?<br \/>\n<\/strong><\/em><\/p>\n<p>La question n&#8217;est plus de savoir si le PS va \u00e9clater ou pas. Il va \u00e9clater ; le seul enjeu est de dire o\u00f9 va passer la ligne de fracture. L&#8217;objectif des &#8220;sommets&#8221; est simple : non pas garder dans le PS la totalit\u00e9 de son aile gauche, mais r\u00e9duire au maximum l&#8217;ampleur des d\u00e9parts. La &#8220;strat\u00e9gie Montebourg&#8221; peut se lire \u00e0 l&#8217;aune de cet enjeu. Pour limiter l&#8217;h\u00e9morragie, il faut constituer un espace \u00e0 gauche dans le futur Parti d\u00e9mocrate. La base de cette gauche ne peut pas \u00eatre fond\u00e9e sur le mod\u00e8le social-d\u00e9mocrate traditionnel. Le substrat symbolique se cherchera donc ailleurs que dans l&#8217;aire europ\u00e9enne : la r\u00e9f\u00e9rence quasi oblig\u00e9e est, une fois de plus, celle de Roosevelt et du New Deal, la plus \u00e0 gauche que l&#8217;on puisse historiquement trouver dans la tradition d\u00e9mocrate am\u00e9ricaine. <\/p>\n<p>Pour \u00e9viter l&#8217;explosion sociale et se garder un peu de cr\u00e9dit politique \u00e0 gauche, l&#8217;horizon est celui d&#8217;un contr\u00f4le \u00e0 la marge des m\u00e9canismes lib\u00e9raux dominant depuis trente ans. L&#8217;alternative se jouerait ainsi entre un blairisme intransigeant (la rigueur budg\u00e9taire et &#8220;l&#8217;ordre juste&#8221;) et un blairisme am\u00e9nag\u00e9 (r\u00e9gulation partielle par les &#8220;grands travaux&#8221;). Valls ou Montebourg&#8230;<\/p>\n<p>\u00c0 l&#8217;arriv\u00e9e, en tout cas, il y aurait un paysage politique transform\u00e9 : un p\u00f4le d\u00e9mocrate de centre-gauche, un p\u00f4le n\u00e9olib\u00e9ral de gouvernement \u00e0 droite, un p\u00f4le national-populiste \u00e0 l&#8217;extr\u00eame droite. L&#8217;inconnue ? Quel est l&#8217;espace que peut occuper un gauche non rooseveltienne, distincte du social-lib\u00e9ralisme, capable de r\u00e9activer la vieille polarit\u00e9 de la droite et de la gauche, autour du bin\u00f4me de l&#8217;\u00e9galit\u00e9 et de la transformation sociale ?<\/p>\n<p>L&#8217;exemple de l&#8217;Italie sugg\u00e8re que, dans une telle configuration, une gauche de gauche peut quasiment disparaitre du paysage. \u00c0 m\u00e9diter.<br \/>\n<div id='gallery-1' class='gallery galleryid-7864 gallery-columns-3 gallery-size-thumbnail'><figure class='gallery-item'>\n\t\t\t<div class='gallery-icon landscape'>\n\t\t\t\t<a href='https:\/\/archives.regards.fr\/wp-content\/uploads\/2014\/07\/montebourg-ps-891.jpg'><img loading=\"lazy\" decoding=\"async\" width=\"150\" height=\"150\" src=\"https:\/\/archives.regards.fr\/wp-content\/uploads\/2014\/07\/montebourg-ps-891-150x150.jpg\" class=\"attachment-thumbnail size-thumbnail\" alt=\"montebourg-ps.jpg\" \/><\/a>\n\t\t\t<\/div><\/figure>\n\t\t<\/div>\n<\/p>\n","protected":false},"excerpt":{"rendered":"<p>\u00c9branl\u00e9 par l&#8217;orientation Hollande-Valls, le Parti socialiste se dirige vers un \u00e9clatement quasi certain. Reste \u00e0 savoir comment vont s&#8217;en s\u00e9parer les morceaux. Arnaud Montebourg, lui, se place d\u00e9j\u00e0 comme caution &#8220;de gauche&#8221; d&#8217;un futur Parti d\u00e9mocrate \u00e0 la fran\u00e7aise.<\/p>\n","protected":false},"author":328,"featured_media":20522,"comment_status":"open","ping_status":"open","sticky":false,"template":"","format":"standard","meta":{"_themeisle_gutenberg_block_has_review":false,"footnotes":""},"categories":[157],"tags":[453,390],"class_list":["post-7864","post","type-post","status-publish","format-standard","has-post-thumbnail","hentry","category-web","tag-montebourg","tag-parti-socialiste"],"_links":{"self":[{"href":"https:\/\/archives.regards.fr\/index.php?rest_route=\/wp\/v2\/posts\/7864","targetHints":{"allow":["GET"]}}],"collection":[{"href":"https:\/\/archives.regards.fr\/index.php?rest_route=\/wp\/v2\/posts"}],"about":[{"href":"https:\/\/archives.regards.fr\/index.php?rest_route=\/wp\/v2\/types\/post"}],"author":[{"embeddable":true,"href":"https:\/\/archives.regards.fr\/index.php?rest_route=\/wp\/v2\/users\/328"}],"replies":[{"embeddable":true,"href":"https:\/\/archives.regards.fr\/index.php?rest_route=%2Fwp%2Fv2%2Fcomments&post=7864"}],"version-history":[{"count":0,"href":"https:\/\/archives.regards.fr\/index.php?rest_route=\/wp\/v2\/posts\/7864\/revisions"}],"wp:featuredmedia":[{"embeddable":true,"href":"https:\/\/archives.regards.fr\/index.php?rest_route=\/wp\/v2\/media\/20522"}],"wp:attachment":[{"href":"https:\/\/archives.regards.fr\/index.php?rest_route=%2Fwp%2Fv2%2Fmedia&parent=7864"}],"wp:term":[{"taxonomy":"category","embeddable":true,"href":"https:\/\/archives.regards.fr\/index.php?rest_route=%2Fwp%2Fv2%2Fcategories&post=7864"},{"taxonomy":"post_tag","embeddable":true,"href":"https:\/\/archives.regards.fr\/index.php?rest_route=%2Fwp%2Fv2%2Ftags&post=7864"}],"curies":[{"name":"wp","href":"https:\/\/api.w.org\/{rel}","templated":true}]}}