{"id":7860,"date":"2014-07-08T11:27:05","date_gmt":"2014-07-08T09:27:05","guid":{"rendered":"https:\/\/wp.muchomaas.com\/a-lire-des-histoires-et-de-l7860\/"},"modified":"2023-06-23T23:17:38","modified_gmt":"2023-06-23T21:17:38","slug":"a-lire-des-histoires-et-de-l7860","status":"publish","type":"post","link":"https:\/\/archives.regards.fr\/?p=7860","title":{"rendered":"\u00c0 lire : des histoires et de l\u2019histoire"},"content":{"rendered":"<p class=\"post_excerpt\">\u00c0 la montagne ou sur la plage, avant la sieste ou entre deux bains, un bon livre est un rare plaisir. Et quand l\u2019horizon s\u2019obscurcit, que les perspectives se font incertaines, le ressourcement n\u2019est pas inutile, d\u00e8s lors qu\u2019il ne s\u2019enlise pas dans la nostalgie. Trois conseils de bons livres d&#8217;histoire.<\/p>\n<p><strong>Le premier (Chambarlhac et Hohl) nous reporte aux ann\u00e9es trente.<\/strong> C\u2019\u00e9tait alors le temps des grandes angoisses, pas si loin du traumatisme de la Grande Guerre. L\u2019Europe voyait prosp\u00e9rer le mod\u00e8le perturbant des fascismes, et donc d\u2019une contre-r\u00e9volution \u00e0 figure moderne. Que faire ? Tout r\u00e9duire \u00e0 cette mont\u00e9e ? Ne pas se polariser au contraire sur le ph\u00e9nom\u00e8ne et s\u2019en tenir aux affrontements &#8220;de classes&#8221; traditionnels ? Au bout du compte, c\u2019est un antifascisme color\u00e9 par l\u2019exp\u00e9rience ouvri\u00e8re qui a donn\u00e9 le ton. En principe, on conna\u00eet bien le r\u00e9cit de son \u00e9mergence. Mais elle a \u00e9t\u00e9 souvent focalis\u00e9e sur l\u2019exp\u00e9rience communiste. Le m\u00e9rite de Vincent Chambarlhac et de Thierry Hohl est de ne pas avoir cherch\u00e9 la \u00e9ni\u00e8me histoire du Front populaire. Ils ont voulu avant tout donner la parole aux acteurs, et notamment du c\u00f4t\u00e9 des &#8220;minoritaires&#8221;, gauche socialiste ou groupements trotskystes. Ils ont ainsi m\u00eal\u00e9 l\u2019analyse et le document brut. Du coup, on red\u00e9couvre ou on d\u00e9couvre ce que l\u2019on croyait conna\u00eetre et que l\u2019on avait seulement survol\u00e9, ou aper\u00e7u dans des ouvrages de seconde main.<\/p>\n<p><strong>Le second (Vigreux) nous renvoie \u00e0 la p\u00e9riode 1958-1981.<\/strong> Moment passionnant que celui-l\u00e0. La France n\u2019est plus une puissance aussi centrale qu\u2019elle l\u2019\u00e9tait nagu\u00e8re. Elle est en train de perdre son empire colonial, est en plein bloc atlantique et s\u2019engage dans l\u2019Europe du March\u00e9 commun. Sa soci\u00e9t\u00e9 est en bouleversement acc\u00e9l\u00e9r\u00e9, avec le choc des &#8220;Trente Glorieuses&#8221;. Bref, la France n\u2019est plus ce qu\u2019elle \u00e9tait. 1958-1981 est donc la p\u00e9riode o\u00f9 tout se red\u00e9finit, du c\u00f4t\u00e9 des dominants (le gaullisme), comme du c\u00f4t\u00e9 de la gauche et du mouvement ouvrier. Le monde ouvrier atteint son apog\u00e9e et amorce son recul et le PCF se demande comment conserver l\u2019h\u00e9g\u00e9monie \u00e0 gauche, ch\u00e8rement acquise entre 1936 et 1945. \u00c0 c\u00f4t\u00e9 de lui (face \u00e0 lui ?), un certain Mitterrand\u2026 Comment changer sans se renier ? Redoutable probl\u00e8me. Aujourd\u2019hui, au moment o\u00f9 la gauche a, comme on dit, la t\u00eate dans le sac, il n\u2019est pas mauvais de revenir \u00e0 cette \u00e9poque, qui fut celle de tous les possibles\u2026 et des enfermements. Jean Vigreux est un universitaire sp\u00e9cialiste du communisme. Il nous livre l\u00e0 une synth\u00e8se \u00e9l\u00e9gante, qui vaut le d\u00e9tour.<\/p>\n<p><strong>Le troisi\u00e8me livre (Gouard) est \u00e0 la charni\u00e8re de l\u2019histoire et de la sociologie.<\/strong> Il nous plonge dans les tr\u00e9fonds du &#8220;communisme municipal&#8221;. Mais au lieu de le faire de fa\u00e7on g\u00e9n\u00e9rale, il l\u2019aborde par le bas. David Gouard, jeune docteur en science politique, s\u2019est immerg\u00e9 longuement dans le territoire de deux ensembles populaires d\u2019Ivry-sur-Seine, la cit\u00e9 Gagarine et la cit\u00e9 Maurice-Thorez, deux noms qui, \u00e0 eux seuls, symbolisent l\u2019univers culturel du communisme fran\u00e7ais du XXe si\u00e8cle. Or ces quartiers, tous deux de forte densit\u00e9 communiste au d\u00e9part, connaissent des \u00e9volutions sociod\u00e9mographiques diff\u00e9rentes Le peuple est toujours l\u00e0, mais sa texture concr\u00e8te change et, avec elle, sa sociabilit\u00e9 et ses figures embl\u00e9matiques. Dans ce chambardement, le communisme ivryen peine \u00e0 trouve ses marques, recule, mais n\u2019est pas pour autant sans ressources. Bref, les tendances lourdes sont bien l\u00e0, sans tracer de fatalit\u00e9 pour autant, dans un sens ou dans un autre. David Gouard a fait un pari audacieux. On peut dire qu\u2019il est largement r\u00e9ussi.<br \/>\n<div id='gallery-1' class='gallery galleryid-7860 gallery-columns-3 gallery-size-thumbnail'><figure class='gallery-item'>\n\t\t\t<div class='gallery-icon portrait'>\n\t\t\t\t<a href='https:\/\/archives.regards.fr\/wp-content\/uploads\/2014\/07\/livre-banlieue-ef2.jpg'><img loading=\"lazy\" decoding=\"async\" width=\"150\" height=\"150\" src=\"https:\/\/archives.regards.fr\/wp-content\/uploads\/2014\/07\/livre-banlieue-ef2-150x150.jpg\" class=\"attachment-thumbnail size-thumbnail\" alt=\"livre-banlieue.jpg\" \/><\/a>\n\t\t\t<\/div><\/figure><figure class='gallery-item'>\n\t\t\t<div class='gallery-icon portrait'>\n\t\t\t\t<a href='https:\/\/archives.regards.fr\/wp-content\/uploads\/2014\/07\/livre-moment-antifasciste-0be.jpg'><img loading=\"lazy\" decoding=\"async\" width=\"150\" height=\"150\" src=\"https:\/\/archives.regards.fr\/wp-content\/uploads\/2014\/07\/livre-moment-antifasciste-0be-150x150.jpg\" class=\"attachment-thumbnail size-thumbnail\" alt=\"livre-moment-antifasciste.jpg\" \/><\/a>\n\t\t\t<\/div><\/figure>\n\t\t<\/div>\n<\/p>\n","protected":false},"excerpt":{"rendered":"<p>\u00c0 la montagne ou sur la plage, avant la sieste ou entre deux bains, un bon livre est un rare plaisir. Et quand l\u2019horizon s\u2019obscurcit, que les perspectives se font incertaines, le ressourcement n\u2019est pas inutile, d\u00e8s lors qu\u2019il ne s\u2019enlise pas dans la nostalgie. Trois conseils de bons livres d&#8217;histoire.<\/p>\n","protected":false},"author":328,"featured_media":20514,"comment_status":"open","ping_status":"open","sticky":false,"template":"","format":"standard","meta":{"_themeisle_gutenberg_block_has_review":false,"footnotes":""},"categories":[111],"tags":[396],"class_list":["post-7860","post","type-post","status-publish","format-standard","has-post-thumbnail","hentry","category-nos-selections","tag-livre"],"_links":{"self":[{"href":"https:\/\/archives.regards.fr\/index.php?rest_route=\/wp\/v2\/posts\/7860","targetHints":{"allow":["GET"]}}],"collection":[{"href":"https:\/\/archives.regards.fr\/index.php?rest_route=\/wp\/v2\/posts"}],"about":[{"href":"https:\/\/archives.regards.fr\/index.php?rest_route=\/wp\/v2\/types\/post"}],"author":[{"embeddable":true,"href":"https:\/\/archives.regards.fr\/index.php?rest_route=\/wp\/v2\/users\/328"}],"replies":[{"embeddable":true,"href":"https:\/\/archives.regards.fr\/index.php?rest_route=%2Fwp%2Fv2%2Fcomments&post=7860"}],"version-history":[{"count":0,"href":"https:\/\/archives.regards.fr\/index.php?rest_route=\/wp\/v2\/posts\/7860\/revisions"}],"wp:featuredmedia":[{"embeddable":true,"href":"https:\/\/archives.regards.fr\/index.php?rest_route=\/wp\/v2\/media\/20514"}],"wp:attachment":[{"href":"https:\/\/archives.regards.fr\/index.php?rest_route=%2Fwp%2Fv2%2Fmedia&parent=7860"}],"wp:term":[{"taxonomy":"category","embeddable":true,"href":"https:\/\/archives.regards.fr\/index.php?rest_route=%2Fwp%2Fv2%2Fcategories&post=7860"},{"taxonomy":"post_tag","embeddable":true,"href":"https:\/\/archives.regards.fr\/index.php?rest_route=%2Fwp%2Fv2%2Ftags&post=7860"}],"curies":[{"name":"wp","href":"https:\/\/api.w.org\/{rel}","templated":true}]}}