{"id":785,"date":"1998-01-01T00:00:00","date_gmt":"1997-12-31T23:00:00","guid":{"rendered":"https:\/\/wp.muchomaas.com\/elections-regionales785\/"},"modified":"1998-01-01T00:00:00","modified_gmt":"1997-12-31T23:00:00","slug":"elections-regionales785","status":"publish","type":"post","link":"https:\/\/archives.regards.fr\/?p=785","title":{"rendered":"Elections r\u00e9gionales"},"content":{"rendered":"<p class=\"post_excerpt\"> Entretien avec Jean-Claude Sandrier <\/p>\n<p>Voir aussi Deux millions de personnes<strong> Quels enjeux recouvrent les \u00e9lections r\u00e9gionales de mars 1998 pour une r\u00e9gion comme le Centre de la France ? Jean-Claude Sandrier, d\u00e9put\u00e9 communiste du Cher, ancien maire de Bourges, conseiller g\u00e9n\u00e9ral, conseiller municipal de cette ville, enfant du pays, de m\u00e8re bourbonnaise et de p\u00e8re berrichon, \u00e9voque cette \u00e9ch\u00e9ance. <\/strong><\/p>\n<p> <strong>  La gauche plurielle constitue des listes communes pour ces \u00e9lections r\u00e9gionales. Quel sens accordez-vous \u00e0 ce qui est aussi un premier accord national de premier tour, \u00e0 gauche ? <\/strong><\/p>\n<p> <strong> Jean-Claude Sandrier : <\/strong> Cette d\u00e9cision, qui a \u00e9t\u00e9 largement d\u00e9battue, correspond \u00e0 la situation nationale, celle d&#8217;une majorit\u00e9 plurielle \u00e0 gauche qui vit bien sur le plan national mais dont il s&#8217;agit de se doter r\u00e9gionalement, face \u00e0 une droite qui d\u00e9tient \u00e0 l&#8217;heure actuelle la quasi-totalit\u00e9 des pr\u00e9sidences &#8211; vingt pr\u00e9sidences sur vingt-deux r\u00e9gions. Les listes d&#8217;union sont le meilleur atout dont nous disposons pour lui faire pi\u00e8ce et pour mettre en \u00e9chec les pr\u00e9tentions dangereuses du Front national. Le r\u00e9tablissement d&#8217;un r\u00e9el \u00e9quilibre politique est, j&#8217;en suis certain, souhait\u00e9 par nos concitoyens. C&#8217;est \u00e9galement un objectif mobilisateur. Il s&#8217;agit de mettre en conformit\u00e9 l&#8217;\u00e9tat politique des r\u00e9gions avec la volont\u00e9 nationale qui s&#8217;est exprim\u00e9e en juin dernier. Le plus efficace pour y parvenir consiste \u00e0 faire la d\u00e9monstration que cette union r\u00e9alis\u00e9e \u00e0 l&#8217;Assembl\u00e9e nationale comme au gouvernement se trouve pr\u00eate \u00e0 vivre dans nos r\u00e9gions.<\/p>\n<p> <strong> Ces listes communes ne risquent-elles pas de p\u00e2tir d&#8217;une tentation des \u00e9lecteurs de faire un premier bilan &#8211; insatisfaisant &#8211; de l&#8217;activit\u00e9 gouvernementale ? <\/strong><\/p>\n<p> <strong> J.-C. S.: <\/strong> Sans doute, une projection r\u00e9gionale est incontournable, compte tenu de l&#8217;importance des r\u00e9gions dans les relations avec l&#8217;Etat et des attentes des Fran\u00e7ais vis-\u00e0-vis de la gauche plurielle. Mais, jusqu&#8217;\u00e0 pr\u00e9sent, les \u00e9lecteurs ont consid\u00e9r\u00e9 favorablement l&#8217;action gouvernementale. M\u00eame si, du point de vue communiste et, certainement, du point de vue d&#8217;une grande partie de la population \u00e9galement, des r\u00e9formes importantes demeurent \u00e0 engager. Alors, en p\u00e2tir ? Il s&#8217;agit au contraire d&#8217;embrayer sur une dynamique nouvelle. Elle va rencontrer un \u00e9cho positif. A nous de montrer les enjeux de ces \u00e9lections prochaines qui seront ind\u00e9niablement une sorte de photographie nationale, la premi\u00e8re \u00e9lection majeure apr\u00e8s l&#8217;arriv\u00e9e de la gauche au pouvoir.<\/p>\n<p> <strong> La repr\u00e9sentation r\u00e9gionale a pris une importance particuli\u00e8re avec la d\u00e9centralisation, mais pas seulement. Le pouvoir r\u00e9gional est r\u00e9el aujourd&#8217;hui. Quels seraient les objectifs d&#8217;une liste de gauche ? <\/strong><\/p>\n<p> <strong> J.-C. S.: <\/strong> Depuis sa cr\u00e9ation, notre r\u00e9gion Centre a toujours \u00e9t\u00e9 positionn\u00e9e \u00e0 droite. Aujourd&#8217;hui, un besoin existe de renouveler la nature du pouvoir des d\u00e9cideurs. Une \u00e8re s&#8217;ach\u00e8ve, un autre horizon s&#8217;ouvre. Comment placer notre Centre au coeur des \u00e9v\u00e9nements de juin ? L&#8217;opportunit\u00e9 est offerte de r\u00e9aliser cette transformation.<\/p>\n<p> <strong> Comment caract\u00e9riser la gestion de la droite dans la r\u00e9gion ? <\/strong><\/p>\n<p> <strong> J.-C S.: <\/strong> Des &#8221; coups &#8221; sont r\u00e9alis\u00e9s dans certains domaines, une politique de l&#8217;emploi conforme aux desiderata du patronat a \u00e9t\u00e9 men\u00e9e, un manque d&#8217;exigences pr\u00e9vaut en mati\u00e8re de contreparties des aides publiques, une quasi-absence dans le domaine de la diversification de l&#8217;armement, un d\u00e9ficit d&#8217;initiatives, malgr\u00e9 les discours, entre le nord et le sud de la r\u00e9gion, voire un \u00e9cart qui se creuse entre l&#8217;axe Orl\u00e9ans-Tours et Bourges-Chateauroux: rien qui signale une volont\u00e9 de d\u00e9veloppement r\u00e9el. S&#8217;y ajoute un manque de contacts de la r\u00e9gion avec d&#8217;autres r\u00e9gions, europ\u00e9ennes ou mondiales, a contrario de ce qu&#8217;une gestion communiste avait engag\u00e9 pour Bourges, de mani\u00e8re r\u00e9guli\u00e8re.<\/p>\n<p> <strong> Quels signes d&#8217;inflexion politique estimez-vous n\u00e9cessaire de donner ? <\/strong><\/p>\n<p> <strong> J.-C. S.: <\/strong> Avant tout, de nouvelles pratiques d\u00e9mocratiques sont \u00e0 instaurer. Dialogue et concertation, informations contradictoires, tout reste \u00e0 entreprendre afin que la population du Centre devienne le r\u00e9el d\u00e9cideur et poss\u00e8de pour cela les \u00e9l\u00e9ments d&#8217;analyse n\u00e9cessaires \u00e0 ses d\u00e9cisions. D&#8217;une part, en mati\u00e8re de diversification de l&#8217;armement, la r\u00e9gion doit pouvoir apporter sa contribution active \u00e0 une alternative. Jusqu&#8217;\u00e0 pr\u00e9sent, aucune initiative n&#8217;a \u00e9t\u00e9 \u00e0 la hauteur de cet enjeu consid\u00e9rable. Si bien qu&#8217;un d\u00e9partement comme celui du Cher se trouve p\u00e9nalis\u00e9. En liaison avec l&#8217;Etat qui a d\u00e9bloqu\u00e9 cinq cents millions de francs pour l&#8217;\u00e9tude de projets de diversification et qui propose la cr\u00e9ation de comit\u00e9s de suivi r\u00e9gionaux, nous estimons \u00eatre en mesure de proposer des solutions industriellement et socialement acceptables. D&#8217;autre part, sur la question du transport multimodal, notre r\u00e9gion a des atouts \u00e0 promouvoir, sur l&#8217;axe radial comme sur l&#8217;axe transversal. Dans la pr\u00e9paration du prochain contrat de plan avec l&#8217;Etat, il faudra veiller \u00e0 inscrire le Centre avec ces ambitions-l\u00e0: l&#8217;essor du p\u00f4le Orl\u00e9ans, Tours &#8211; mais aussi de celui Vierzon qui b\u00e9n\u00e9ficie d&#8217;un triage au croisement de deux lignes SNCF importantes, auxquels il faut ajouter l&#8217;a\u00e9roport de fr\u00eat de Chateauroux. Il s&#8217;agit de cr\u00e9er un troisi\u00e8me a\u00e9roport pour la r\u00e9gion parisienne. Ce projet para\u00eet raisonnable pour le trafic des voyageurs, mais en ce qui concerne le fr\u00eat, pourquoi se priver de l&#8217;apport de Chateauroux, \u00e0 une heure et demie de Paris par le train ? L&#8217;a\u00e9roport et ses infrastructures peuvent accueillir tous types d&#8217;avions, avec les qualit\u00e9s d&#8217;un a\u00e9roport de niveau international. Il se trouve malgr\u00e9 tout compl\u00e8tement sous-utilis\u00e9. Ces deux grands dossiers sont porteurs d&#8217;int\u00e9r\u00eats publics \u00e0 faire pr\u00e9valoir.<\/p>\n<p> <strong> R\u00e9percuter les objectifs nationaux sur la r\u00e9gion, est-ce possible \u00e9galement en mati\u00e8re d&#8217;emplois pour les jeunes ? <\/strong><\/p>\n<p> <strong> J.-C. S.: <\/strong> La r\u00e9gion doit d\u00e9velopper cette politique d&#8217;emploi des jeunes, partout o\u00f9 elle est ma\u00eetresse d&#8217;oeuvre et s&#8217;attacher \u00e0 cr\u00e9er des clauses sociales la favorisant. Il serait par exemple tout \u00e0 fait imaginable de donner suite aux appels d&#8217;offre en fonction des emplois cr\u00e9\u00e9s ou des formations propos\u00e9es. En tant que communiste, au sein d&#8217;une majorit\u00e9 plurielle, telles sont les conceptions que nous pourrions faire avancer.<\/p>\n<p> <strong> En mati\u00e8re d&#8217;intervention \u00e9conomique, en direction des entreprises, le r\u00f4le de la r\u00e9gion s&#8217;av\u00e8re d&#8217;ores et d\u00e9j\u00e0 notoire. Est-il conduit avec le souci de contr\u00f4ler le respect de l&#8217;int\u00e9r\u00eat public, c&#8217;est une autre question&#8230; <\/strong><\/p>\n<p> <strong> J.-C. S.: <\/strong> La revalorisation des moyens d\u00e9mocratiques d&#8217;intervention tient compte de cette situation donn\u00e9e. Le contr\u00f4le de l&#8217;affectation des fonds publics r\u00e9gionaux en est un \u00e9l\u00e9ment incontournable. Ceux-ci doivent devenir de v\u00e9ritables outils de gestion. Est-il impossible de lier aide r\u00e9gionale et clauses d&#8217;efficacit\u00e9 ? Ce lien est devenu essentiel. Le saupoudrage d&#8217;argent public n&#8217;a eu jusqu&#8217;\u00e0 pr\u00e9sent qu&#8217;une efficacit\u00e9 limit\u00e9e. En mati\u00e8re \u00e9conomique, la lutte contre les d\u00e9localisations se pr\u00e9sente \u00e9galement comme possible et indispensable. En mati\u00e8re de formation, des r\u00e9seaux sont \u00e0 tisser \u00e0 nouveau entre l&#8217;enseignement public, notamment le sup\u00e9rieur, la r\u00e9gion et le secteur priv\u00e9. Jusqu&#8217;\u00e0 pr\u00e9sent, le point de vue patronal a en effet largement pr\u00e9valu. On le voit, la mobilisation des \u00e9lus r\u00e9gionaux, sur tous ces points, s&#8217;impose. Ce niveau de d\u00e9cision politique ne rencontre-t-il pas les pr\u00e9occupations quotidiennes de la population ?<\/p>\n<p>* D\u00e9put\u00e9 communiste du Cher, ancien maire de Bourges, conseiller g\u00e9n\u00e9ral.<\/p>\n","protected":false},"excerpt":{"rendered":"<p> Entretien avec Jean-Claude Sandrier <\/p>\n","protected":false},"author":1,"featured_media":0,"comment_status":"open","ping_status":"open","sticky":false,"template":"","format":"standard","meta":{"_themeisle_gutenberg_block_has_review":false,"footnotes":""},"categories":[141],"tags":[290],"class_list":["post-785","post","type-post","status-publish","format-standard","hentry","category-archives-web","tag-elections"],"_links":{"self":[{"href":"https:\/\/archives.regards.fr\/index.php?rest_route=\/wp\/v2\/posts\/785","targetHints":{"allow":["GET"]}}],"collection":[{"href":"https:\/\/archives.regards.fr\/index.php?rest_route=\/wp\/v2\/posts"}],"about":[{"href":"https:\/\/archives.regards.fr\/index.php?rest_route=\/wp\/v2\/types\/post"}],"author":[{"embeddable":true,"href":"https:\/\/archives.regards.fr\/index.php?rest_route=\/wp\/v2\/users\/1"}],"replies":[{"embeddable":true,"href":"https:\/\/archives.regards.fr\/index.php?rest_route=%2Fwp%2Fv2%2Fcomments&post=785"}],"version-history":[{"count":0,"href":"https:\/\/archives.regards.fr\/index.php?rest_route=\/wp\/v2\/posts\/785\/revisions"}],"wp:attachment":[{"href":"https:\/\/archives.regards.fr\/index.php?rest_route=%2Fwp%2Fv2%2Fmedia&parent=785"}],"wp:term":[{"taxonomy":"category","embeddable":true,"href":"https:\/\/archives.regards.fr\/index.php?rest_route=%2Fwp%2Fv2%2Fcategories&post=785"},{"taxonomy":"post_tag","embeddable":true,"href":"https:\/\/archives.regards.fr\/index.php?rest_route=%2Fwp%2Fv2%2Ftags&post=785"}],"curies":[{"name":"wp","href":"https:\/\/api.w.org\/{rel}","templated":true}]}}