{"id":7844,"date":"2014-06-27T14:44:34","date_gmt":"2014-06-27T12:44:34","guid":{"rendered":"https:\/\/wp.muchomaas.com\/les-verts-et-le-front-de-gauche-se7844\/"},"modified":"2014-06-27T14:44:34","modified_gmt":"2014-06-27T12:44:34","slug":"les-verts-et-le-front-de-gauche-se7844","status":"publish","type":"post","link":"https:\/\/archives.regards.fr\/?p=7844","title":{"rendered":"Les Verts et le Front de gauche se parlent en face"},"content":{"rendered":"<p class=\"post_excerpt\">Des d\u00e9l\u00e9gations d&#8217;EELV et du Front de gauche se sont r\u00e9unies pour la premi\u00e8re fois mercredi afin de discuter de transition \u00e9nerg\u00e9tique, d&#8217;emploi et de d\u00e9mocratie. Mais personne ne semble se faire d&#8217;illusion sur la possibilit\u00e9, \u00e0 court terme, d&#8217;une v\u00e9ritable convergence. <\/p>\n<p>Ils s&#8217;\u00e9taient \u00e9crit, il \u00e9tait temps de se voir, et de se parler. Le Front de gauche a honor\u00e9 mercredi l\u2019invitation lanc\u00e9e d\u00e9but juin par les \u00e9cologistes pour<em> \u00ab travailler ensemble \u00bb<\/em> \u00e0 <em>\u00ab des propositions concr\u00e8tes \u00bb <\/em> \u00e0 destination du gouvernement afin de sortir de la <em>\u00ab crise politique et morale \u00bb<\/em>. Fait rare, la coalition de gauche radicale \u00e9tait au complet : les dirigeants du PCF, du Parti de gauche et d&#8217;Ensemble se sont tous rendus au si\u00e8ge des Verts pour parler de possibles <em>\u00ab convergences \u00bb<\/em> avec leurs h\u00f4tes. <\/p>\n<p><strong><em>Une attente des sympathisants de gauche<br \/>\n<\/strong><\/em><\/p>\n<p>Pendant plus de deux heures, les participants ont ainsi \u00e9chang\u00e9 autour des trois chantiers propos\u00e9s par Emmanuelle Cosse : la relance de l\u2019emploi, la transition \u00e9nerg\u00e9tique et les r\u00e9formes institutionnelles d\u00e9mocratiques. Et ils ne le regrettent pas : <em>\u00ab C\u2019est une chose de se parler par l\u2019interm\u00e9diaire de la presse, c\u2019en est une autre de se parler en face \u00bb<\/em>, a reconnu \u00c9ric Coquerel, secr\u00e9taire national du Parti de gauche. <em>\u00ab C\u2019est la premi\u00e8re fois que le Front de gauche dans sa totalit\u00e9 discute en bilat\u00e9ral avec une autre organisation politique \u00bb<\/em>, a soulign\u00e9 Francis Parny, du PCF. <em>\u00ab C\u2019est encore embryonnaire et informel, mais c\u2019est tr\u00e8s int\u00e9ressant et positif, on a pu v\u00e9rifier qu\u2019il y avait une vraie volont\u00e9 de faire un travail commun \u00bb<\/em>, s\u2019est f\u00e9licit\u00e9 David Cormand, secr\u00e9taire national adjoint du parti \u00e9cologiste. <\/p>\n<p>Invit\u00e9e de France Info jeudi matin, la secr\u00e9taire nationale des Verts a justifi\u00e9 sa proposition de rencontre par les r\u00e9sultats des europ\u00e9ennes : <em>\u00ab Quand le FN gagne une \u00e9lection <\/em> (\u2026), <em>il me semble essentiel que la gauche se r\u00e9veille, travaille et se pose des questions \u00bb<\/em>. L&#8217;initiative semble en tout cas correspondre \u00e0 une attente des sympathisants de gauche. Selon un sondage du <em>Parisien<\/em>, ils seraient 52% \u00e0 approuver une potentielle alliance d&#8217;<em>\u00ab une quarantaine de d\u00e9put\u00e9s socialistes ainsi que des d\u00e9put\u00e9s Verts et communistes<\/em> (qui) <em>pourraient s\u2019allier pour voter contre ou s\u2019abstenir lors de l\u2019examen des budgets rectificatifs et de financement de la s\u00e9curit\u00e9 sociale \u00e0 l\u2018Assembl\u00e9e nationale \u00bb.<\/em> <\/p>\n<p><strong><em>Quel p\u00e9rim\u00e8tre de discussion?<br \/>\n<\/strong><\/em><\/p>\n<p>Si cette r\u00e9union in\u00e9dite a \u00e9t\u00e9 l&#8217;occasion de r\u00e9affirmer une condamnation commune \u00e0 gauche de la politique actuelle du gouvernement, elle a cependant confirm\u00e9 la persistance d&#8217;importantes divergences strat\u00e9giques. La pr\u00e9sence du Modem parmi les destinataires de l\u2019invitation d\u2019EELV avait laiss\u00e9 Jean-Luc M\u00e9lenchon plus que dubitatif quant \u00e0 la pertinence du p\u00e9rim\u00e8tre de la discussion. Le probl\u00e8me s\u2019est r\u00e9gl\u00e9 tout seul du fait que Fran\u00e7ois Bayrou n\u2019ait pas fait suite\u2026 Reste la question du rapport au PS. En refusant de participer au gouvernement de Manuel Valls et en votant contre son plan d\u2019\u00e9conomie, les \u00e9cologistes ont certes marqu\u00e9 un virage \u00e0 gauche.<\/p>\n<p>Il n\u2019emp\u00eache que <em>\u00ab les Verts ont r\u00e9affirm\u00e9 qu&#8217;ils appartiennent \u00e0 la majorit\u00e9 et qu&#8217;ils veulent inclure le PS dans l\u2019\u00e9laboration de leur projet car ils esp\u00e8rent encore faire changer le gouvernement de cap,<\/em> explique \u00c9ric Coquerel.<em> Or au Front de gauche nous cherchons \u00e0 construire une majorit\u00e9 alternative. Nous sommes clairement en rupture avec le gouvernement, il n\u2019est donc pas question d\u2019envisager un projet commun avec le PS \u00bb<\/em>. <a href=\"http:\/\/www.jean-luc-melenchon.fr\/2014\/06\/26\/la-vie-a-tatons\/#more-20415\">Sur son blog<\/a>, Jean-Luc M\u00e9lenchon est tout aussi ferme : <em>\u00ab Il ne saurait \u00eatre question de faire semblant de croire que le PS en tant que tel puisse faire autre chose que ce que veut le gouvernement. Ce n\u2019est pas une marque de sectarisme que de refuser le podium commun et la photo de famille avec le PS \u00bb.<\/em> <\/p>\n<p>En r\u00e9alit\u00e9, le d\u00e9bat autour des alliances est loin d&#8217;\u00eatre tranch\u00e9 au sein m\u00eame des Verts. Si l&#8217;ex-patronne du parti C\u00e9cile Duflot s&#8217;est toujours oppos\u00e9e \u00e0 tout accord avec le centre, une partie des Verts souhaite, notamment par r\u00e9alisme \u00e9lectoral, \u00e9tendre la strat\u00e9gie de partenariat avec le PS au Modem. Le chef de file des \u00e9colos au S\u00e9nat Jean-Vincent Plac\u00e9 a r\u00e9cemment rejoint les rangs de figures comme le d\u00e9put\u00e9 Fran\u00e7ois de Rugy, qui appellent depuis le d\u00e9but \u00e0 un tel rapprochement.   <\/p>\n<p><em> <strong><em>\u00ab Les temporalit\u00e9s sont diff\u00e9rentes \u00bb<br \/>\n<\/strong><\/em> <\/em><\/p>\n<p>Mais au del\u00e0 du d\u00e9saccord sur la relation \u00e0 entretenir avec la social-d\u00e9mocratie, le Parti de gauche attend de voir si les paroles critiques des Verts se traduisent en actes : <em>\u00ab Difficile d\u2019imaginer un projet commun dans les transports si on se coupe du mouvement des cheminots et qu\u2019on vote le paquet ferroviaire \u00bb<\/em>, fait remarquer M\u00e9lenchon sur son blog, tandis qu&#8217;\u00c9ric Coquerel attend, par exemple, de voir comment se positionneront les d\u00e9put\u00e9s \u00e9colos au moment du vote du budget \u00e0 l\u2019automne. <\/p>\n<p>Est-ce trop demander ? David Cormand estime que, par les temps qui courent, la gauche n\u2019a pas int\u00e9r\u00eat \u00e0 multiplier les pr\u00e9alables pour construire une coalition :<em> \u00ab Dans &#8220;majorit\u00e9 alternative&#8221; il y a le mot &#8220;majorit\u00e9&#8221;, or il faut rester humble et se rappeler qu\u2019aux europ\u00e9ennes, la gauche a totalis\u00e9 35% des voix. \u00bb<\/em> Pour l&#8217;\u00e9cologiste, <em>\u00ab la construction d\u2019une alternative n\u2019est pas incompatible avec la n\u00e9cessit\u00e9, face \u00e0 l\u2019urgence de la situation, de maintenir le contact avec le PS et de continuer d\u2019essayer de changer \u00e0 court terme le cap du gouvernement. \u00bb<\/em><\/p>\n<p><em>\u00ab Les temporalit\u00e9s sont diff\u00e9rentes<\/em>, constate Ingrid Hayes, d&#8217;Ensemble.<em> Il faudra du temps pour que les convergences soient plus nettes. La sortie d\u2019EELV du gouvernement et le vote contre le plan Valls \u00e9taient d\u2019excellentes nouvelles, mais ceci est le point d\u00e9part. Les Verts en sont au d\u00e9but de leur r\u00e9flexion. Il faut ni se faire d&#8217;illusions sur la rapidit\u00e9 du processus, ni les brusquer. En attendant, il faut poursuivre les discussions, on a des choses \u00e0 dire en commun, des campagnes de mobilisation \u00e0 mener ensemble, comme par exemple contre le grand march\u00e9 transatlantique, et on peut organiser un calendrier de d\u00e9bats \u00bb.<\/em> Francis Parny du PC fait une analyse similaire : <em>\u00ab Le Front de gauche a une ant\u00e9riorit\u00e9, un patrimoine commun fort en opposition claire avec le n\u00e9olib\u00e9ralisme. Pour EELV, cette radicalisation est tr\u00e8s r\u00e9cente. Ils ne sont pas encore au stade d\u2019\u00e9laborer un projet de rupture global, ils pr\u00e9f\u00e8rent se concentrer sur des questions sp\u00e9cifiques comme la transition \u00e9nerg\u00e9tique ou l\u2019emploi. Mais on a bon espoir qu&#8217;ils poursuivent leur \u00e9volution \u00e0 gauche. \u00bb<\/em> <\/p>\n","protected":false},"excerpt":{"rendered":"<p>Des d\u00e9l\u00e9gations d&#8217;EELV et du Front de gauche se sont r\u00e9unies pour la premi\u00e8re fois mercredi afin de discuter de transition \u00e9nerg\u00e9tique, d&#8217;emploi et de d\u00e9mocratie. Mais personne ne semble se faire d&#8217;illusion sur la possibilit\u00e9, \u00e0 court terme, d&#8217;une v\u00e9ritable convergence. <\/p>\n","protected":false},"author":1098,"featured_media":0,"comment_status":"open","ping_status":"open","sticky":false,"template":"","format":"standard","meta":{"_themeisle_gutenberg_block_has_review":false,"footnotes":""},"categories":[157],"tags":[457,452],"class_list":["post-7844","post","type-post","status-publish","format-standard","hentry","category-web","tag-eelv","tag-front-de-gauche"],"_links":{"self":[{"href":"https:\/\/archives.regards.fr\/index.php?rest_route=\/wp\/v2\/posts\/7844","targetHints":{"allow":["GET"]}}],"collection":[{"href":"https:\/\/archives.regards.fr\/index.php?rest_route=\/wp\/v2\/posts"}],"about":[{"href":"https:\/\/archives.regards.fr\/index.php?rest_route=\/wp\/v2\/types\/post"}],"author":[{"embeddable":true,"href":"https:\/\/archives.regards.fr\/index.php?rest_route=\/wp\/v2\/users\/1098"}],"replies":[{"embeddable":true,"href":"https:\/\/archives.regards.fr\/index.php?rest_route=%2Fwp%2Fv2%2Fcomments&post=7844"}],"version-history":[{"count":0,"href":"https:\/\/archives.regards.fr\/index.php?rest_route=\/wp\/v2\/posts\/7844\/revisions"}],"wp:attachment":[{"href":"https:\/\/archives.regards.fr\/index.php?rest_route=%2Fwp%2Fv2%2Fmedia&parent=7844"}],"wp:term":[{"taxonomy":"category","embeddable":true,"href":"https:\/\/archives.regards.fr\/index.php?rest_route=%2Fwp%2Fv2%2Fcategories&post=7844"},{"taxonomy":"post_tag","embeddable":true,"href":"https:\/\/archives.regards.fr\/index.php?rest_route=%2Fwp%2Fv2%2Ftags&post=7844"}],"curies":[{"name":"wp","href":"https:\/\/api.w.org\/{rel}","templated":true}]}}