{"id":7827,"date":"2014-06-20T12:35:44","date_gmt":"2014-06-20T10:35:44","guid":{"rendered":"https:\/\/wp.muchomaas.com\/intermittents-l-etat-envoie-les7827\/"},"modified":"2014-06-20T12:35:44","modified_gmt":"2014-06-20T10:35:44","slug":"intermittents-l-etat-envoie-les7827","status":"publish","type":"post","link":"https:\/\/archives.regards.fr\/?p=7827","title":{"rendered":"Intermittents : l&#8217;\u00c9tat envoie les pompiers contre les incendies de l&#8217;\u00e9t\u00e9"},"content":{"rendered":"<p class=\"post_excerpt\">Alors que les intermittents et les salari\u00e9s du secteur culturel ne d\u00e9col\u00e8rent pas, Manuel Valls a annonc\u00e9 trois mesures, dans l&#8217;espoir de contenir l&#8217;embrasement du mouvement de contestation, qui menace les festivals et les manifestations des semaines \u00e0 venir.<\/p>\n<p>D\u00e9put\u00e9 PS d&#8217;Indre-et-Loire et &#8220;pompier du gouvernement&#8221; dans le cadre du conflit des intermittents, Jean-Patrick Gille a rendu son rapport jeudi soir. Avec plus d&#8217;une heure de retard, mais largement dans les temps, au vu de l&#8217;urgence qui a pr\u00e9sid\u00e9 \u00e0 ce travail. Car depuis sa nomination le 7 juin dernier au poste de m\u00e9diateur, Jean-Patrick Gille aura entendu plus de soixante-dix personnes au cours d&#8217;une quinzaine d&#8217;auditions, rendez-vous, ou prises de contact. <\/p>\n<p>Press\u00e9 par un gouvernement inquiet devant l&#8217;ampleur des mobilisations du secteur culturel, le m\u00e9diateur a m\u00eame d\u00fb rendre son rapport avant les quinze jours pr\u00e9vus. D&#8217;ailleurs, \u00e0 parcourir &#8220;Une nouvelle donne pour l\u2019intermittence&#8221;, on saisit bien que l&#8217;enjeu n&#8217;est pas tant d&#8217;\u00e9mettre des propositions que de d\u00e9samorcer la bombe estivale. <em>\u00ab Ces auditions et \u00e9changes ont \u00e9t\u00e9 conduits dans l\u2019objectif d\u2019\u00e9tablir les conditions d\u2019un dialogue entre ces parties prenantes, \u00e0 m\u00eame de faire \u00e9merger des solutions de sortie de crise \u00bb,<\/em> peut-on lire dans le document d&#8217;une dizaine de pages. <\/p>\n<p>Si, toujours au vu du rapport, la mission a <em>\u00ab permis progressivement, en d\u00e9pit de l\u2019apparent blocage des positions des personnes entendues, de reconna\u00eetre la n\u00e9cessit\u00e9 d\u2019\u00e9changes associant l\u2019ensemble des parties concern\u00e9es, pour aborder, enfin, la question de l\u2019intermittence du spectacle dans sa globalit\u00e9 \u00bb,<\/em> tout reste \u00e0 faire. Interrog\u00e9 le soir m\u00eame sur I-T\u00e9l\u00e9 quant \u00e0 l&#8217;annulation possible des festivals estivaux, Jean-Patrick Gille demeurait prudent : <em>\u00ab Je crois que ce n&#8217;est pas gagn\u00e9, il faut que la temp\u00e9rature redescende \u00bb.<\/em> <\/p>\n<p><strong><em>Op\u00e9ration s\u00e9duction<br \/>\n<\/strong><\/em><\/p>\n<p>En effet, rien n&#8217;est gagn\u00e9. C\u00f4t\u00e9 gouvernement, le Premier ministre Manuel Valls sur le sujet a confirm\u00e9 l&#8217;agr\u00e9ment prochain de la nouvelle convention d\u2019assurance-ch\u00f4mage et \u00e9voqu\u00e9 trois actions. Outre le maintien des cr\u00e9dits \u00e0 la cr\u00e9ation et au spectacle vivant pour 2015, 2016 et 2017, Valls a annonc\u00e9 la prise en charge par l&#8217;\u00c9tat, d\u00e8s le 1er juillet et pour une dur\u00e9e de six mois, du diff\u00e9r\u00e9 d&#8217;indemnisation. Particuli\u00e8rement critiqu\u00e9 en ce qu&#8217;il a pour cons\u00e9quences une pr\u00e9carisation accrue des intermittents, ce d\u00e9lai de carence serait ainsi indolore. Mais cette mesure, d&#8217;ores et d\u00e9j\u00e0 estim\u00e9e \u00e0 <em>\u00ab quelque chose de l&#8217;ordre de 20 millions \u00bb <\/em> sur les six premiers mois (car progressive) par Jean-Patrick Gille, est floue quant \u00e0 son financement. Tandis que Valls a annonc\u00e9 que l&#8217;\u00c9tat la financera <em>\u00ab pour que P\u00f4le emploi n\u2019ait pas \u00e0 l\u2019appliquer aux intermittents concern\u00e9s \u00bb<\/em>, le m\u00e9diateur expliquait quelques heures plus tard sur I-T\u00e9l\u00e9 que ce diff\u00e9r\u00e9 rel\u00e8verait du <em>\u00ab r\u00e9gime interprofessionnel, <\/em> [Manuel Valls n&#8217;\u00e9tant]<em> pas du tout pour cr\u00e9er une caisse. \u00bb <\/em> <\/p>\n<p>Troisi\u00e8me point \u00e9voqu\u00e9, la cr\u00e9ation d&#8217;une commission charg\u00e9e de plancher, avec l&#8217;ensemble des concern\u00e9s, sur le dossier des annexes VIII et X r\u00e9gissant le r\u00e9gime de l&#8217;intermittence. On en arrive ici au c\u0153ur du rapport de Jean-Patrick Gille et \u00e0 la discussion tripartite r\u00e9unissant partenaires sociaux, repr\u00e9sentants des intermittents et du secteur culturel et services de l&#8217;\u00c9tat. Pour mener les d\u00e9bats et faire des propositions de r\u00e9formes avant la fin de l&#8217;ann\u00e9e 2014 (le temps de la prise en charge du diff\u00e9r\u00e9, en somme), trois personnalit\u00e9s sont nomm\u00e9es. \u00c0 Jean-Patrick Gille et l&#8217;ancienne co-directrice du Festival d&#8217;Avignon Hortense Archambault, s&#8217;ajoute l&#8217;ancien directeur g\u00e9n\u00e9ral du Travail Jean-Denis Combrexel (auteur notamment de la critiqu\u00e9e recodification du code du Travail en 2008). Un bien \u00e9trange attelage, qui a tout du casting tripartite, chacun \u00e9tant, on le suppose, sens\u00e9 s\u00e9duire son &#8220;secteur&#8221;. <\/p>\n<p><strong><em>R\u00e9actions mitig\u00e9es<br \/>\n<\/strong><\/em><\/p>\n<p>\u00c0 vrai dire, mise \u00e0 part la ministre de la Culture et de la Communication Aur\u00e9lie Filipetti, qui a \u00e9voqu\u00e9 une<em> \u00ab avanc\u00e9e historique pour les intermittents \u00bb,<\/em> l&#8217;ensemble de ces mesures n&#8217;a pas s\u00e9duit les foules. Peut-\u00eatre parce que l\u00e0 o\u00f9 la prise en charge du d\u00e9lai de carence a tout de cacahu\u00e8tes (qu&#8217;on grignote histoire de patienter), le maintien des budgets rel\u00e8ve lui de la carotte&#8230; <\/p>\n<p>C\u00f4t\u00e9 acteurs du secteur culturel, la circonspection semble dominer. Le secr\u00e9taire g\u00e9n\u00e9ral de la CGT Spectacle Denis Gravouil a qualifi\u00e9 les annonces de Manuel Valls de <em>\u00ab mesurettes \u00bb <\/em> et \u00e9voqu\u00e9 la probabilit\u00e9 d&#8217;un pr\u00e9avis de gr\u00e8ve au 1er juillet. Le Syndeac (Syndicat national des entreprises artistiques et culturelles), principal repr\u00e9sentant des employeurs du spectacle vivant, s&#8217;est d\u00e9clar\u00e9 partag\u00e9 : s\u00e9duit par la pr\u00e9servation du budget \u00e0 la cr\u00e9ation et par la mise en place de la commission et d&#8217;un espace de dialogue, nettement moins par l&#8217;incursion de l&#8217;\u00c9tat dans le financement de la protection sociale. Quant \u00e0 la Coordination des intermittents et pr\u00e9caires, chef de file du mouvement (dont la sagacit\u00e9 sur la d\u00e9fense des droits des intermittents n&#8217;est plus \u00e0 prouver), l&#8217;un de ses repr\u00e9sentants, Lo\u00efc Canitrot, a \u00e9voqu\u00e9 \u00e0 l&#8217;AFP le sentiment de subir <em>\u00ab d\u00e9ception sur d\u00e9ception \u00bb.<\/em> <\/p>\n<p>Si d\u00e9ception il y a, c&#8217;est peut-\u00eatre parce que, aussi int\u00e9ressante soit la cr\u00e9ation d&#8217;une mission de r\u00e9flexion, l&#8217;ensemble du dispositif propos\u00e9 par Manuel Valls \u2013 tout comme les conditions qui ont pr\u00e9values \u00e0 son intervention \u2013, ont toutes les allures d&#8217;un d\u00e9minage d&#8217;urgence. Une action men\u00e9e sans projection ni pens\u00e9e politique et uniquement destin\u00e9e \u00e0 \u00e9teindre le feu dans l&#8217;espoir que cessent les gr\u00e8ves et les annulations de spectacles, alors qu&#8217;approchent les festivals d&#8217;Avignon et d&#8217;Aix-en-Provence. Soit le meilleur moyen de pression de la profession culturelle. <\/p>\n<p>Quant au maintien de l&#8217;agr\u00e9ment par le ministre du Travail Fran\u00e7ois Rebsamen, il est la preuve que le gouvernement n&#8217;entend remettre en cause ni l&#8217;accord du 22 mars, ni son id\u00e9ologie. Il s&#8217;agit de calmer le jeu, sans en modifier les r\u00e8gles&#8230; Mais les mouvements de revendication dans le secteur culturel portant sur l&#8217;accord Unedic dans son ensemble, pas s\u00fbr que les intermittents acceptent de d\u00e9j\u00e0 rejouer dans ces conditions&#8230;<\/p>\n","protected":false},"excerpt":{"rendered":"<p>Alors que les intermittents et les salari\u00e9s du secteur culturel ne d\u00e9col\u00e8rent pas, Manuel Valls a annonc\u00e9 trois mesures, dans l&#8217;espoir de contenir l&#8217;embrasement du mouvement de contestation, qui menace les festivals et les manifestations des semaines \u00e0 venir.<\/p>\n","protected":false},"author":1,"featured_media":0,"comment_status":"open","ping_status":"open","sticky":false,"template":"","format":"standard","meta":{"_themeisle_gutenberg_block_has_review":false,"footnotes":""},"categories":[157],"tags":[334],"class_list":["post-7827","post","type-post","status-publish","format-standard","hentry","category-web","tag-intermittents"],"_links":{"self":[{"href":"https:\/\/archives.regards.fr\/index.php?rest_route=\/wp\/v2\/posts\/7827","targetHints":{"allow":["GET"]}}],"collection":[{"href":"https:\/\/archives.regards.fr\/index.php?rest_route=\/wp\/v2\/posts"}],"about":[{"href":"https:\/\/archives.regards.fr\/index.php?rest_route=\/wp\/v2\/types\/post"}],"author":[{"embeddable":true,"href":"https:\/\/archives.regards.fr\/index.php?rest_route=\/wp\/v2\/users\/1"}],"replies":[{"embeddable":true,"href":"https:\/\/archives.regards.fr\/index.php?rest_route=%2Fwp%2Fv2%2Fcomments&post=7827"}],"version-history":[{"count":0,"href":"https:\/\/archives.regards.fr\/index.php?rest_route=\/wp\/v2\/posts\/7827\/revisions"}],"wp:attachment":[{"href":"https:\/\/archives.regards.fr\/index.php?rest_route=%2Fwp%2Fv2%2Fmedia&parent=7827"}],"wp:term":[{"taxonomy":"category","embeddable":true,"href":"https:\/\/archives.regards.fr\/index.php?rest_route=%2Fwp%2Fv2%2Fcategories&post=7827"},{"taxonomy":"post_tag","embeddable":true,"href":"https:\/\/archives.regards.fr\/index.php?rest_route=%2Fwp%2Fv2%2Ftags&post=7827"}],"curies":[{"name":"wp","href":"https:\/\/api.w.org\/{rel}","templated":true}]}}