{"id":7783,"date":"2014-06-05T12:21:31","date_gmt":"2014-06-05T10:21:31","guid":{"rendered":"https:\/\/wp.muchomaas.com\/migrants-frontex-une-agence-aux7783\/"},"modified":"2023-06-23T23:17:24","modified_gmt":"2023-06-23T21:17:24","slug":"migrants-frontex-une-agence-aux7783","status":"publish","type":"post","link":"https:\/\/archives.regards.fr\/?p=7783","title":{"rendered":"Migrants : Frontex, une agence aux fronti\u00e8res de la l\u00e9galit\u00e9"},"content":{"rendered":"<p class=\"post_excerpt\">Un collectif d&#8217;ONG documente les multiples violations des droits fondamentaux des migrants \u00e0 la fronti\u00e8re s\u00e9parant Gr\u00e8ce et Turquie. Il met en cause l&#8217;agence europ\u00e9enne Frontex, symbole d&#8217;une politique migratoire r\u00e9pressive conduit \u00e0 une v\u00e9ritable h\u00e9catombe aux fronti\u00e8res ext\u00e9rieures de l&#8217;Europe.<\/p>\n<p>Tandis que les migrants se heurtent toujours aux fronti\u00e8res grillag\u00e9es de l&#8217;enclave espagnole de Melilla, un rapport du collectif d&#8217;ONG Frontexit, pr\u00e9sent\u00e9 le 23 mai \u00e0 Bruxelles [[&#8220;Frontex. Entre Gr\u00e8ce et Turquie : la fronti\u00e8re du d\u00e9ni&#8221;]] \u2013 \u00e0 para\u00eetre dans les prochaines semaines., vient rappeler les d\u00e9rives d&#8217;une politique migratoire europ\u00e9enne plus que jamais obs\u00e9d\u00e9e par la <em>\u00ab lutte contre l&#8217;immigration clandestine \u00bb.<\/em> Les vingt-et-une associations, \u00e9paul\u00e9es de chercheurs et de citoyens, ont enqu\u00eat\u00e9 durant un an sur les pratiques de l&#8217;agence europ\u00e9enne Frontex, qui coordonne l&#8217;action des \u00c9tats-membres en mati\u00e8re de contr\u00f4le des fronti\u00e8res ext\u00e9rieures de l&#8217;UE.<\/p>\n<p>Le rapport des ONG donne un coup de projecteur sur les interventions conduites par l&#8217;agence entre la Gr\u00e8ce et la Turquie, l&#8217;une des fronti\u00e8res ext\u00e9rieures les plus surveill\u00e9es d&#8217;Europe. Leur constat est sans appel : les actions men\u00e9es par Frontex seraient \u00e0 l&#8217;origine de <em>\u00ab violations r\u00e9currentes des droits fondamentaux \u00bb.<\/em> En cause ? D&#8217;abord, le reflux syst\u00e9matique des migrants, sur terre comme sur mer, contrevenant au droit d&#8217;asile et au principe de non-refoulement. Ensuite, un recours abusif \u00e0 l&#8217;enfermement, sans respect des garanties proc\u00e9durales en vigueur, et la multiplication de traitements consid\u00e9r\u00e9s comme <em>\u00ab inhumains et d\u00e9gradants<\/em> \u00bb, autrement dit de violences physiques ou morales \u00e0 l&#8217;\u00e9gard des migrants.<\/p>\n<p><strong><em>Dissuader les migrants<br \/>\n<\/strong><\/em><\/p>\n<p><em>\u00ab  Les objectifs inscrits dans le mandat de Frontex en font un outil par nature d\u00e9di\u00e9 \u00e0 la dissuasion des migrants, pour les emp\u00eacher d&#8217;atteindre l&#8217;UE avant m\u00eame de savoir s&#8217;ils sont ou non en demande de protection internationale ou en danger \u00bb,<\/em> soulignent les associations. En conclusion, ces derni\u00e8res interpellent le parlement et la commission europ\u00e9enne, d\u00e9non\u00e7ant <em>\u00ab l&#8217;incompatibilit\u00e9 du mandat de Frontex avec le droit international et le droit de l&#8217;Union europ\u00e9enne \u00bb,<\/em> et demandant la cessation pure et simple des activit\u00e9s de l&#8217;agence.<\/p>\n<p>Pour les ONG, Frontex repr\u00e9sente l&#8217;un des sympt\u00f4mes d&#8217;une gestion r\u00e9pressive de l&#8217;immigration qui s&#8217;est impos\u00e9e dans les priorit\u00e9s europ\u00e9ennes \u00e0 partir du d\u00e9but des ann\u00e9es 2000. L&#8217;agence, cr\u00e9\u00e9e en 2004, est rapidement plac\u00e9e sous le feu des critiques, \u00e0 mesure que s&#8217;accumulent des catastrophes maritimes qui font na\u00eetre les interrogations sur son utilit\u00e9 r\u00e9elle. En 2011, les instances europ\u00e9ennes, contraintes et forc\u00e9es, ont pourtant r\u00e9vis\u00e9 le mandat attribu\u00e9 \u00e0 Frontex pour int\u00e9grer la protection des droits fondamentaux dans les missions de l&#8217;agence.<\/p>\n<p><strong><em>\u00ab Frontex est le symbole des choix de l&#8217;UE \u00bb<br \/>\n<\/strong><\/em><\/p>\n<p>Une r\u00e9forme jug\u00e9e <em>\u00ab cosm\u00e9tique \u00bb<\/em> par les ONG. Au contraire, les moyens employ\u00e9s t\u00e9moigneraient d&#8217;une tendance \u00e0 la militarisation de la gestion des fronti\u00e8res de l&#8217;UE : chaque ann\u00e9e, des dizaines d&#8217;avions, d&#8217;h\u00e9licopt\u00e8res, de navires, et d&#8217;\u00e9quipements tels que radars et cam\u00e9ras thermiques sont mobilis\u00e9s par l&#8217;agence dans le cadre de ses op\u00e9rations. Entre 2007 et 2012, le budget de Frontex est multipli\u00e9 par quinze, pour atteindre 89 millions d&#8217;euros en 2014. Depuis d\u00e9cembre 2013, Frontex assure \u00e9galement le fonctionnement d&#8217;Eurosur, un r\u00e9seau de communication destin\u00e9 \u00e0 renforcer la surveillance des fronti\u00e8res.<\/p>\n<p>Mais derri\u00e8re l&#8217;agence, c&#8217;est l&#8217;ensemble de la politique migratoire de l&#8217;UE qui est cibl\u00e9e par les ONG. <em>\u00ab Frontex n&#8217;est pas la cause de tous les probl\u00e8mes \u00bb,<\/em> explique Claire Rodier, membre du r\u00e9seau Migreurop et auteure en 2012 du livre<em> X\u00e9nophobie business. \u00ab Frontex est le symbole des choix de l&#8217;Union europ\u00e9enne en mati\u00e8re de contr\u00f4le de ses fronti\u00e8res. Nous voulons travailler sur le long terme, poser le probl\u00e8me non seulement sur un plan juridique, mais aussi sur le plan politique. Les orientations actuelles sont extr\u00eamement meurtri\u00e8res \u00bb.<\/em> Selon l&#8217;ONG United, depuis 1993, ce sont au moins 17.000 personnes qui sont mortes aux fronti\u00e8res de l&#8217;Union europ\u00e9enne.<br \/>\n<div id='gallery-1' class='gallery galleryid-7783 gallery-columns-3 gallery-size-thumbnail'><figure class='gallery-item'>\n\t\t\t<div class='gallery-icon landscape'>\n\t\t\t\t<a href='https:\/\/archives.regards.fr\/wp-content\/uploads\/2014\/06\/frontex-illustration-a65.jpg'><img loading=\"lazy\" decoding=\"async\" width=\"150\" height=\"150\" src=\"https:\/\/archives.regards.fr\/wp-content\/uploads\/2014\/06\/frontex-illustration-a65-150x150.jpg\" class=\"attachment-thumbnail size-thumbnail\" alt=\"frontex-illustration.jpg\" \/><\/a>\n\t\t\t<\/div><\/figure>\n\t\t<\/div>\n<\/p>\n","protected":false},"excerpt":{"rendered":"<p>Un collectif d&#8217;ONG documente les multiples violations des droits fondamentaux des migrants \u00e0 la fronti\u00e8re s\u00e9parant Gr\u00e8ce et Turquie. Il met en cause l&#8217;agence europ\u00e9enne Frontex, symbole d&#8217;une politique migratoire r\u00e9pressive conduit \u00e0 une v\u00e9ritable h\u00e9catombe aux fronti\u00e8res ext\u00e9rieures de l&#8217;Europe.<\/p>\n","protected":false},"author":1,"featured_media":20364,"comment_status":"open","ping_status":"open","sticky":false,"template":"","format":"standard","meta":{"_themeisle_gutenberg_block_has_review":false,"footnotes":""},"categories":[157],"tags":[375],"class_list":["post-7783","post","type-post","status-publish","format-standard","has-post-thumbnail","hentry","category-web","tag-immigration"],"_links":{"self":[{"href":"https:\/\/archives.regards.fr\/index.php?rest_route=\/wp\/v2\/posts\/7783","targetHints":{"allow":["GET"]}}],"collection":[{"href":"https:\/\/archives.regards.fr\/index.php?rest_route=\/wp\/v2\/posts"}],"about":[{"href":"https:\/\/archives.regards.fr\/index.php?rest_route=\/wp\/v2\/types\/post"}],"author":[{"embeddable":true,"href":"https:\/\/archives.regards.fr\/index.php?rest_route=\/wp\/v2\/users\/1"}],"replies":[{"embeddable":true,"href":"https:\/\/archives.regards.fr\/index.php?rest_route=%2Fwp%2Fv2%2Fcomments&post=7783"}],"version-history":[{"count":0,"href":"https:\/\/archives.regards.fr\/index.php?rest_route=\/wp\/v2\/posts\/7783\/revisions"}],"wp:featuredmedia":[{"embeddable":true,"href":"https:\/\/archives.regards.fr\/index.php?rest_route=\/wp\/v2\/media\/20364"}],"wp:attachment":[{"href":"https:\/\/archives.regards.fr\/index.php?rest_route=%2Fwp%2Fv2%2Fmedia&parent=7783"}],"wp:term":[{"taxonomy":"category","embeddable":true,"href":"https:\/\/archives.regards.fr\/index.php?rest_route=%2Fwp%2Fv2%2Fcategories&post=7783"},{"taxonomy":"post_tag","embeddable":true,"href":"https:\/\/archives.regards.fr\/index.php?rest_route=%2Fwp%2Fv2%2Ftags&post=7783"}],"curies":[{"name":"wp","href":"https:\/\/api.w.org\/{rel}","templated":true}]}}