{"id":7776,"date":"2014-05-30T14:57:04","date_gmt":"2014-05-30T12:57:04","guid":{"rendered":"https:\/\/wp.muchomaas.com\/ariane-mnouchkine-le-theatre-est7776\/"},"modified":"2014-05-30T14:57:04","modified_gmt":"2014-05-30T12:57:04","slug":"ariane-mnouchkine-le-theatre-est7776","status":"publish","type":"post","link":"https:\/\/archives.regards.fr\/?p=7776","title":{"rendered":"Ariane Mnouchkine : &#8220;Le th\u00e9\u00e2tre est un service public&#8221;"},"content":{"rendered":"<p class=\"post_excerpt\">La directrice du Th\u00e9\u00e2tre du Soleil \u00e9tait l&#8217;invit\u00e9e de France Inter ce matin. L&#8217;occasion d&#8217;\u00e9couter une parole libre en m\u00eame temps qu&#8217;une conception unique de l&#8217;art dramatique et ses missions\u2026 de service public.<\/p>\n<p><iframe loading=\"lazy\" frameborder=\"0\" width=\"460\" height=\"259\" src=\"\/\/www.dailymotion.com\/embed\/video\/x1xl2c3\" allowfullscreen><\/iframe><br \/><a href=\"http:\/\/www.dailymotion.com\/video\/x1xl2c3_ariane-mnouchkine-le-theatre-est-un-service-public_news\" target=\"_blank\" rel=\"noopener\">Ariane Mnouchkine : &quot;Le th&eacute;&acirc;tre est un service&#8230;<\/a> <i>par <a href=\"http:\/\/www.dailymotion.com\/franceinter\" target=\"_blank\" rel=\"noopener\">franceinter<\/a><\/i><\/p>\n","protected":false},"excerpt":{"rendered":"<p>La directrice du Th\u00e9\u00e2tre du Soleil \u00e9tait l&#8217;invit\u00e9e de France Inter ce matin. L&#8217;occasion d&#8217;\u00e9couter une parole libre en m\u00eame temps qu&#8217;une conception unique de l&#8217;art dramatique et ses missions\u2026 de service public.<\/p>\n","protected":false},"author":643,"featured_media":0,"comment_status":"open","ping_status":"open","sticky":false,"template":"","format":"standard","meta":{"_themeisle_gutenberg_block_has_review":false,"footnotes":""},"categories":[157],"tags":[405],"class_list":["post-7776","post","type-post","status-publish","format-standard","hentry","category-web","tag-theatre"],"_links":{"self":[{"href":"https:\/\/archives.regards.fr\/index.php?rest_route=\/wp\/v2\/posts\/7776","targetHints":{"allow":["GET"]}}],"collection":[{"href":"https:\/\/archives.regards.fr\/index.php?rest_route=\/wp\/v2\/posts"}],"about":[{"href":"https:\/\/archives.regards.fr\/index.php?rest_route=\/wp\/v2\/types\/post"}],"author":[{"embeddable":true,"href":"https:\/\/archives.regards.fr\/index.php?rest_route=\/wp\/v2\/users\/643"}],"replies":[{"embeddable":true,"href":"https:\/\/archives.regards.fr\/index.php?rest_route=%2Fwp%2Fv2%2Fcomments&post=7776"}],"version-history":[{"count":0,"href":"https:\/\/archives.regards.fr\/index.php?rest_route=\/wp\/v2\/posts\/7776\/revisions"}],"wp:attachment":[{"href":"https:\/\/archives.regards.fr\/index.php?rest_route=%2Fwp%2Fv2%2Fmedia&parent=7776"}],"wp:term":[{"taxonomy":"category","embeddable":true,"href":"https:\/\/archives.regards.fr\/index.php?rest_route=%2Fwp%2Fv2%2Fcategories&post=7776"},{"taxonomy":"post_tag","embeddable":true,"href":"https:\/\/archives.regards.fr\/index.php?rest_route=%2Fwp%2Fv2%2Ftags&post=7776"}],"curies":[{"name":"wp","href":"https:\/\/api.w.org\/{rel}","templated":true}]}}