{"id":7773,"date":"2014-05-30T00:36:00","date_gmt":"2014-05-29T22:36:00","guid":{"rendered":"https:\/\/wp.muchomaas.com\/jean-vincent-place-lorgne-au7773\/"},"modified":"2023-06-23T23:17:23","modified_gmt":"2023-06-23T21:17:23","slug":"jean-vincent-place-lorgne-au7773","status":"publish","type":"post","link":"https:\/\/archives.regards.fr\/?p=7773","title":{"rendered":"Jean-Vincent Plac\u00e9 lorgne au Centre"},"content":{"rendered":"<p class=\"post_excerpt\">Le chef de file des \u00e9cologistes aux S\u00e9nat, qui critiquait encore r\u00e9cemment la d\u00e9rive lib\u00e9rale du gouvernement actuel, songe d\u00e9sormais \u00e0 se rapprocher d\u2019un parti encore plus \u00e0 droite que le PS.<\/p>\n<p>Jean-Vincent Plac\u00e9 prend un virage \u00e0 droite. Choqu\u00e9 par la victoire du Front national aux \u00e9lections europ\u00e9ennes, le pr\u00e9sident du groupe des \u00e9cologistes au S\u00e9nat s\u2019est pour la premi\u00e8re fois dit pr\u00eat \u00e0 envisager un accord avec le centre.<em> \u00ab Je suis d\u2019accord avec Dany<\/em> [Cohn-Bendit],<em> la question d\u2019un accord entre nous et le Centre se pose \u00bb<\/em>, a-t-il d\u00e9clar\u00e9 dimanche soir \u00e0 Paris-Match. Dans un paysage politique o\u00f9 le FN impose le tripartisme, un tel rapprochement pourrait \u00eatre le seul moyen de sauver la gauche, selon le s\u00e9nateur de l\u2019Essonne, qui a m\u00eame \u00e9voqu\u00e9 Fran\u00e7ois Bayrou comme potentiel partenaire: <em>\u00ab Un mec qui a vot\u00e9 Hollande, il peut bien revenir chez nous ! \u00bb<\/em><\/p>\n<p><strong><em>Attirance mutuelle ?<br \/>\n<\/strong><\/em><\/p>\n<p>C&#8217;est depuis 2009 que Daniel Cohn-Bendit, repr\u00e9sentant de la tendance lib\u00e9rale du parti, propose de faire alliance aussi bien avec le PS qu\u2019avec le Modem. \u00c0 l\u2019\u00e9poque, il s\u2019agissait de construire un front anti UMP en vue des r\u00e9gionales de 2010 et des pr\u00e9sidentielles de 2012. Il \u00e9tait rejoint par les d\u00e9put\u00e9s Verts Yves Cochet et Fran\u00e7ois de Rugy. Ce dernier n\u2019a d\u2019ailleurs pas chang\u00e9 d\u2019avis depuis : <em>\u00ab Je ne dis pas qu\u2019on doit faire des listes communes aux prochaines r\u00e9gionales, mais on devrait davantage dialoguer et travailler ensemble sur des amendements concernant les sujets sur lesquels on s\u2019entend, comme la transition \u00e9nerg\u00e9tique, la proportionnelle, la r\u00e9forme territoriale\u2026 \u00bb<\/em> <\/p>\n<p>D\u2019autres voix r\u00e9clament r\u00e9guli\u00e8rement une collaboration entre les forces du centre et celles des \u00e9cologistes. Dans une tribune publi\u00e9e dans <em>Lib\u00e9ration<\/em> en ao\u00fbt 2012, Christelle de Cr\u00e9miers, ancienne vice-pr\u00e9sidente du MoDem Paris et membre du conseil d\u2019orientation politique d\u2019EELV, citait au rang des valeurs communes une <em>\u00ab attirance pour la d\u00e9centralisation \u00bb<\/em>, la d\u00e9nonciation de la dette, ainsi que la<em> \u00ab d\u00e9viance ultralib\u00e9rale \u00bb<\/em> de l\u2019Union europ\u00e9enne.<\/p>\n<p><strong><em>\u00c0 contresens du tournant radical des Verts<br \/>\n<\/strong><\/em><\/p>\n<p>Ce que Cohn-Bendit a th\u00e9oris\u00e9 sous le joli nom de &#8220;transversalit\u00e9&#8221; a en tout cas fait des \u00e9mules aux \u00e9lections municipales de 2014, puisqu\u2019\u00e0 Villejuif, l\u2019\u00e9cologiste Alain Lipietz s\u2019est associ\u00e9 au candidat UMP Franck Le Bohellec contre la candidate communiste. Ailleurs en Europe, certains partis \u00e9cologistes s\u2019allient \u00e9galement avec la droite. En janvier dernier, pour la premi\u00e8re fois en Allemagne, les conservateurs se sont unis aux \u00e9cologistes en Hesse pour former un gouvernement r\u00e9gional dirig\u00e9 par l\u2019Union chr\u00e9tienne-d\u00e9mocrate. <\/p>\n<p>La d\u00e9claration de Plac\u00e9 va cependant \u00e0 contresens du tournant radical qu\u2019a op\u00e9r\u00e9 son parti depuis sa d\u00e9cision en avril de refuser de participer au gouvernement Valls. Sans parler du grand \u00e9cart que repr\u00e9sente sa nouvelle position par rapport \u00e0 l\u2019aile gauche d\u2019EELV, qui a manifest\u00e9 aux c\u00f4t\u00e9s d\u2019Olivier Besancenot et de Jean-Luc M\u00e9lenchon lors de la marche du 12 avril. Au bureau ex\u00e9cutif des Verts, on assure en tout cas qu\u2019un accord avec le Modem n\u2019est absolument pas \u00e0 l\u2019ordre du jour. <\/p>\n<p>Jean-Vincent Plac\u00e9 lui-m\u00eame s\u2019\u00e9tait jusqu\u2019\u00e0 pr\u00e9sent prononc\u00e9 avec C\u00e9cile Duflot pour l\u2019union de la gauche et contre l\u2019ouverture au centre. <em>\u00ab On n\u2019a pas \u00e9t\u00e9 \u00e9lu pour mener une politique sociale-lib\u00e9rale ni centriste \u00bb, <\/em> affirmait-il par exemple fin 2013 dans un entretien \u00e0 <em>Atlantico<\/em>. Sur Twitter, un membre du Modem qualifie le s\u00e9nateur d\u2019<em>\u00ab essuie-glace de la politique : un coup \u00e0 gauche, un coup \u00e0 droite \u00bb<\/em>. Difficile de lui donner compl\u00e8tement tort.<div id='gallery-1' class='gallery galleryid-7773 gallery-columns-3 gallery-size-thumbnail'><figure class='gallery-item'>\n\t\t\t<div class='gallery-icon landscape'>\n\t\t\t\t<a href='https:\/\/archives.regards.fr\/wp-content\/uploads\/2014\/05\/place-centre-08d.jpg'><img loading=\"lazy\" decoding=\"async\" width=\"150\" height=\"150\" src=\"https:\/\/archives.regards.fr\/wp-content\/uploads\/2014\/05\/place-centre-08d-150x150.jpg\" class=\"attachment-thumbnail size-thumbnail\" alt=\"place-centre.jpg\" \/><\/a>\n\t\t\t<\/div><\/figure>\n\t\t<\/div>\n<\/p>\n","protected":false},"excerpt":{"rendered":"<p>Le chef de file des \u00e9cologistes aux S\u00e9nat, qui critiquait encore r\u00e9cemment la d\u00e9rive lib\u00e9rale du gouvernement actuel, songe d\u00e9sormais \u00e0 se rapprocher d\u2019un parti encore plus \u00e0 droite que le PS.<\/p>\n","protected":false},"author":1098,"featured_media":20348,"comment_status":"open","ping_status":"open","sticky":false,"template":"","format":"standard","meta":{"_themeisle_gutenberg_block_has_review":false,"footnotes":""},"categories":[157],"tags":[457],"class_list":["post-7773","post","type-post","status-publish","format-standard","has-post-thumbnail","hentry","category-web","tag-eelv"],"_links":{"self":[{"href":"https:\/\/archives.regards.fr\/index.php?rest_route=\/wp\/v2\/posts\/7773","targetHints":{"allow":["GET"]}}],"collection":[{"href":"https:\/\/archives.regards.fr\/index.php?rest_route=\/wp\/v2\/posts"}],"about":[{"href":"https:\/\/archives.regards.fr\/index.php?rest_route=\/wp\/v2\/types\/post"}],"author":[{"embeddable":true,"href":"https:\/\/archives.regards.fr\/index.php?rest_route=\/wp\/v2\/users\/1098"}],"replies":[{"embeddable":true,"href":"https:\/\/archives.regards.fr\/index.php?rest_route=%2Fwp%2Fv2%2Fcomments&post=7773"}],"version-history":[{"count":0,"href":"https:\/\/archives.regards.fr\/index.php?rest_route=\/wp\/v2\/posts\/7773\/revisions"}],"wp:featuredmedia":[{"embeddable":true,"href":"https:\/\/archives.regards.fr\/index.php?rest_route=\/wp\/v2\/media\/20348"}],"wp:attachment":[{"href":"https:\/\/archives.regards.fr\/index.php?rest_route=%2Fwp%2Fv2%2Fmedia&parent=7773"}],"wp:term":[{"taxonomy":"category","embeddable":true,"href":"https:\/\/archives.regards.fr\/index.php?rest_route=%2Fwp%2Fv2%2Fcategories&post=7773"},{"taxonomy":"post_tag","embeddable":true,"href":"https:\/\/archives.regards.fr\/index.php?rest_route=%2Fwp%2Fv2%2Ftags&post=7773"}],"curies":[{"name":"wp","href":"https:\/\/api.w.org\/{rel}","templated":true}]}}