{"id":7771,"date":"2014-05-28T15:24:00","date_gmt":"2014-05-28T13:24:00","guid":{"rendered":"https:\/\/wp.muchomaas.com\/front-de-gauche-quel-coupable7771\/"},"modified":"2023-06-23T23:17:23","modified_gmt":"2023-06-23T21:17:23","slug":"front-de-gauche-quel-coupable7771","status":"publish","type":"post","link":"https:\/\/archives.regards.fr\/?p=7771","title":{"rendered":"Front de gauche : quel coupable, quelles solutions\u00a0?"},"content":{"rendered":"<p class=\"post_excerpt\">Pour redonner du sens et de la vigueur au projet de la vraie gauche, il convient d&#8217;abord de ne pas se tromper sur le diagnostic. Pour ensuite redonner corps \u00e0 un communisme imm\u00e9diat, capable d&#8217;offrir un contre-mod\u00e8le et de reprendre l&#8217;espace public.<\/p>\n<p>Le score effrayant du Front national et l\u2019effondrement de toute la gauche ont occult\u00e9 un fait important\u00a0: ce scrutin europ\u00e9en valide le diagnostic du Front de gauche sur deux points essentiels. Premi\u00e8rement sur le fait que l\u2019aust\u00e9rit\u00e9 d\u00e9truit tout \u2013 les chiffres du ch\u00f4mage et de la pauvret\u00e9 le montrent, concr\u00e9tisant chaque jour un peu plus les craintes que nous exprimons depuis des ann\u00e9es. Deuxi\u00e8mement sur le fait que le peuple ne veut pas de l\u2019aust\u00e9rit\u00e9. Qu\u2019elle soit men\u00e9e par Sarkozy, acc\u00e9l\u00e9r\u00e9e par Ayrault ou aggrav\u00e9e par Valls, le r\u00e9sultat est le m\u00eame\u00a0: c\u2019est le d\u00e9saveu populaire. <\/p>\n<p>Ainsi, non seulement les socialistes n\u2019ont pas de mandat pour mener leurs r\u00e9formes n\u00e9olib\u00e9rales (purge budg\u00e9taire de 50 milliards, cadeaux fiscaux aux entreprises \u00e0 hauteur de 35 milliards, suppression des d\u00e9partements et de la moiti\u00e9 des r\u00e9gions), mais en plus, la droite, bout\u00e9e hors de l\u2019Elys\u00e9e voici deux ans, ne reprend-t-elle aucune couleur. L\u2019id\u00e9ologie de l\u2019oligarchie ne fait plus recette. <\/p>\n<p>Ce constat n\u2019att\u00e9nue en rien l\u2019ampleur du camouflet que le Front de gauche a re\u00e7u dimanche \u2013 ceux qui se r\u00e9voltent l\u00e9gitimement contre le n\u00e9olib\u00e9ralisme des diff\u00e9rents partis de gouvernement grossissant bien plus les rangs du FN que ceux de la gauche radicale. En France, l\u2019extr\u00eame droite est aux portes du pouvoir et le Front de gauche bien mal en point. Alors, qui est coupable\u00a0de ce d\u00e9sastre ? Si le diagnostic de fond op\u00e9r\u00e9 par le Front de gauche est valid\u00e9, o\u00f9 r\u00e9side l\u2019explication de l\u2019\u00e9chec\u00a0? <\/p>\n<h2>L&#8217;ampleur de la t\u00e2che<\/h2>\n<p>Certains, sur la lanc\u00e9e des municipales, sont press\u00e9s de rejeter la faute sur le Parti communiste. Il serait trop complaisant avec Solferino. Sa strat\u00e9gie du cas par cas aux municipales aurait brouill\u00e9 l\u2019image du Front de gauche. Faisons bri\u00e8vement liti\u00e8re de ce discours mensonger. <\/p>\n<ul>\n<li> 1) Bien avant la s\u00e9quence des municipales, toutes les \u00e9lections partielles montraient une stagnation du Front de gauche au premier tour en parall\u00e8le d&#8217;un PS en chute libre. <\/li>\n<li> 2) L&#8217;extr\u00eame gauche, malgr\u00e9 sa tactique d&#8217;autonomie totale, n&#8217;existe plus (le NPA passe de 4,5% \u00e0 0,4%) et ne profite d&#8217;aucun report venant du Front de gauche ou d&#8217;ailleurs. <\/li>\n<li> 3) Le PG et Ensemble d\u00e9fendent des &#8220;fusions techniques&#8221; avec le PS au second tour, ce qui nuance de fait leur mot d\u2019ordre d\u2019une autonomie totale vis \u00e0 vis du PS et donc les accusations \u00e0 l\u2019encontre du PCF. <\/li>\n<\/ul>\n<p>De fait, qui peut croire que le probl\u00e8me du Front de gauche ne ressortirait que d&#8217;une mauvaise strat\u00e9gie d&#8217;alliance\u00a0? Qui pense sinc\u00e8rement qu\u2019il suffirait de permettre &#8220;l\u2019adh\u00e9sion directe&#8221; pour solutionner les divergences de ligne\u00a0? Donner cr\u00e9dit \u00e0 de telles fausses solutions, c\u2019est s\u2019illusionner sur l\u2019ampleur du probl\u00e8me et de la t\u00e2che qui nous attend. <\/p>\n<p>D\u2019autant moins que ce qui donne au vote Front national son attrait aux yeux des m\u00e9contents, c\u2019est son caract\u00e8re contradictoire de vote diabolis\u00e9 (transgressif et capable de sanctionner les partis de gouvernement) et de vote embourgeois\u00e9 (de moins en moins diff\u00e9rent d\u2019un vote de droite traditionnelle). Cette tension id\u00e9ologique interne permet au parti d\u2019extr\u00eame droite d\u2019attirer des \u00e9lectorats divergents (tr\u00e8s sch\u00e9matiquement le Nord populaire et le Sud &#8220;artisan et commer\u00e7ant&#8221;, les jeunes antisyst\u00e8me et les vieux s\u00e9curitaires, etc.). <\/p>\n<h2>Reconqu\u00e9rir une id\u00e9e de parti<\/h2>\n<p>Face \u00e0 cette machine dialectique redoutable, le Front de gauche fait p\u00e2le figure. S\u2019il est renvoy\u00e9 avec l\u2019UMP, le PS et EELV dans l\u2019orni\u00e8re des partis de gouvernement (duquel il est \u00e9cart\u00e9 depuis douze ans\u00a0!), c\u2019est qu\u2019il para\u00eet d\u00e9pourvu de ce caract\u00e8re anti-institutionnel dont jouit le FN. La solution ne peut consister cependant dans une facile radicalisation, que ce soit vis-\u00e0-vis des autres partis de gauche ou contre l\u2019id\u00e9e m\u00eame de coop\u00e9ration entre les peuples europ\u00e9ens. Il s\u2019agit en revanche de reconqu\u00e9rir une identit\u00e9 de parti, cette m\u00eame identit\u00e9 qui permet \u00e0 des candidats du FN de gagner sur la seule \u00e9tiquette et sans faire la moindre campagne. <\/p>\n<p>Le Parti communiste \u2014 et ses alli\u00e9s du Front de gauche \u2014 doit \u00eatre le parti de la rue. Cela veut dire que nous devons bien s\u00fbr renforcer notre place dans le mouvement social, notre pr\u00e9sence dans les luttes. Mais cela veut dire plus. Sortons de nos tani\u00e8res, tenons les murs, construisons des r\u00e9seaux solidaires de quartiers, des lieux d\u2019entraide. Donnons corps \u00e0 un communisme imm\u00e9diat, du jour le jour, de l\u2019immeuble, du quartier. Apr\u00e8s tout, la fraternit\u00e9 est le sens originel de tout engagement communiste. Reprenons l\u2019espace public. Dans un pays ab\u00eem\u00e9 par les marchands et vampiris\u00e9 par l\u2019extr\u00eame droite, faisons groupe et secourons les victimes de la r\u00e9gression lib\u00e9rale. C\u2019est retisser des liens dissous par le capitalisme et ses crises. C\u2019est engager la r\u00e9sistance en acte contre la lep\u00e9nisation des consciences. C\u2019est offrir un contre-mod\u00e8le visible bien plus adapt\u00e9 au chaos actuel que les pratiques militantes traditionnelles, meetings, tractage et affichage, communes \u00e0 tous les autres partis. <\/p>\n<p>Cette solidarit\u00e9 rendue n\u00e9cessaire par la catastrophe \u00e9lectorale, cette solidarit\u00e9 de fait qui nous fait taire nos d\u00e9saccords et serrer les rangs, transformons-la imm\u00e9diatement en un programme actif. Ce nouveau d\u00e9ploiement militant est seul \u00e0 m\u00eame de donner pleinement la mesure de cette &#8220;urgence de communisme&#8221; \u00e9voqu\u00e9e par le philosophe marxiste Lucien S\u00e8ve\u00a0: tout montre que l\u2019humanit\u00e9 va \u00e0 la catastrophe, tout projet de l\u2019en d\u00e9tourner ne peut \u00eatre qu\u2019un projet communiste. Il s\u2019agit d\u2019agir d\u00e8s maintenant dans ce sens. <\/p>\n<div id='gallery-1' class='gallery galleryid-7771 gallery-columns-3 gallery-size-thumbnail'><figure class='gallery-item'>\n\t\t\t<div class='gallery-icon landscape'>\n\t\t\t\t<a href='https:\/\/archives.regards.fr\/wp-content\/uploads\/2014\/05\/fdg-14-839.jpg'><img loading=\"lazy\" decoding=\"async\" width=\"150\" height=\"150\" src=\"https:\/\/archives.regards.fr\/wp-content\/uploads\/2014\/05\/fdg-14-839-150x150.jpg\" class=\"attachment-thumbnail size-thumbnail\" alt=\"fdg-14.jpg\" \/><\/a>\n\t\t\t<\/div><\/figure>\n\t\t<\/div>\n\n","protected":false},"excerpt":{"rendered":"<p>Pour redonner du sens et de la vigueur au projet de la vraie gauche, il convient d&#8217;abord de ne pas se tromper sur le diagnostic. Pour ensuite redonner corps \u00e0 un communisme imm\u00e9diat, capable d&#8217;offrir un contre-mod\u00e8le et de reprendre l&#8217;espace public.<\/p>\n","protected":false},"author":1,"featured_media":20344,"comment_status":"open","ping_status":"open","sticky":false,"template":"","format":"standard","meta":{"_themeisle_gutenberg_block_has_review":false,"footnotes":""},"categories":[278],"tags":[359,452],"class_list":["post-7771","post","type-post","status-publish","format-standard","has-post-thumbnail","hentry","category-tribunes","tag-exclure-de-la-home","tag-front-de-gauche"],"_links":{"self":[{"href":"https:\/\/archives.regards.fr\/index.php?rest_route=\/wp\/v2\/posts\/7771","targetHints":{"allow":["GET"]}}],"collection":[{"href":"https:\/\/archives.regards.fr\/index.php?rest_route=\/wp\/v2\/posts"}],"about":[{"href":"https:\/\/archives.regards.fr\/index.php?rest_route=\/wp\/v2\/types\/post"}],"author":[{"embeddable":true,"href":"https:\/\/archives.regards.fr\/index.php?rest_route=\/wp\/v2\/users\/1"}],"replies":[{"embeddable":true,"href":"https:\/\/archives.regards.fr\/index.php?rest_route=%2Fwp%2Fv2%2Fcomments&post=7771"}],"version-history":[{"count":0,"href":"https:\/\/archives.regards.fr\/index.php?rest_route=\/wp\/v2\/posts\/7771\/revisions"}],"wp:featuredmedia":[{"embeddable":true,"href":"https:\/\/archives.regards.fr\/index.php?rest_route=\/wp\/v2\/media\/20344"}],"wp:attachment":[{"href":"https:\/\/archives.regards.fr\/index.php?rest_route=%2Fwp%2Fv2%2Fmedia&parent=7771"}],"wp:term":[{"taxonomy":"category","embeddable":true,"href":"https:\/\/archives.regards.fr\/index.php?rest_route=%2Fwp%2Fv2%2Fcategories&post=7771"},{"taxonomy":"post_tag","embeddable":true,"href":"https:\/\/archives.regards.fr\/index.php?rest_route=%2Fwp%2Fv2%2Ftags&post=7771"}],"curies":[{"name":"wp","href":"https:\/\/api.w.org\/{rel}","templated":true}]}}