{"id":7711,"date":"2014-05-07T12:18:43","date_gmt":"2014-05-07T10:18:43","guid":{"rendered":"https:\/\/wp.muchomaas.com\/taxe-sur-les-transactions7711\/"},"modified":"2023-06-23T23:17:14","modified_gmt":"2023-06-23T21:17:14","slug":"taxe-sur-les-transactions7711","status":"publish","type":"post","link":"https:\/\/archives.regards.fr\/?p=7711","title":{"rendered":"Taxe sur les transactions financi\u00e8res : Bercy complice du sabotage"},"content":{"rendered":"<p class=\"post_excerpt\">La TTF adopt\u00e9e hier n&#8217;est que l&#8217;ombre de la taxe Tobin, elle est m\u00eame moins ambitieuse que le projet initial de Bruxelles. S&#8217;ils nient ce nouveau reniement, Fran\u00e7ois Hollande et Michel Sapin ne sont pas \u00e9trangers \u00e0 un r\u00e9tr\u00e9cissement qui fait le bonheur des banques fran\u00e7aises.<\/p>\n<p>Comme pour marquer l&#8217;anniversaire de l&#8217;\u00e9lection de Fran\u00e7ois Hollande, c&#8217;est ce 6 mai que plusieurs ministres europ\u00e9ens des Finances se sont mis d&#8217;accord sur une taxation des transactions financi\u00e8res (TTF) a minima. Le r\u00e9tr\u00e9cissement, en regard des enjeux et des b\u00e9n\u00e9fices attendus, est bien tout ce qu&#8217;il y a de spectaculaire dans une taxe qui ne concernera qu&#8217;une dizaine de pays [Autriche, Belgique, Estonie, France, Allemagne, Gr\u00e8ce, Italie, Portugal, Slovaquie et Espagne], et ne s&#8217;appliquera aux actions qu&#8217;en 2016 tout en \u00e9pargnant la plupart des produits financiers d\u00e9riv\u00e9s \u2013 un march\u00e9 presque exclusivement sp\u00e9culatif et qui alimente les risques d&#8217;un nouveau d\u00e9sastre.<\/p>\n<p><strong><em>Inefficace et inutile<br \/>\n<\/strong><\/em><\/p>\n<p>Thomas Coutrot, porte-parole d&#8217;Attac, y voit <em>\u00ab l\u2019aboutissement d\u2019une ann\u00e9e de man\u0153uvres de la France pour saboter le projet propos\u00e9 par la Commission europ\u00e9enne en mars 2013. Au lieu de freiner fortement la sp\u00e9culation et de rapporter 35 milliards d\u2019euros, la TTF europ\u00e9enne n\u2019aura quasiment aucun effet et rapportera dix fois moins. \u00bb<\/em> De son c\u00f4t\u00e9, l&#8217;ONG Oxfam rappelle qu&#8217;elle devait financer la solidarit\u00e9 internationale, qui fera donc aussi les frais de cette <em>\u00ab taxe en trompe-l&#8217;\u0153il \u00bb<\/em>. <\/p>\n<p>Bien qu&#8217;il ne s&#8217;agisse que de taxer \u00e0 0,1% les \u00e9changes d&#8217;actions et d&#8217;obligations et \u00e0 0,01% ceux des produits d\u00e9riv\u00e9s, le projet suscite l&#8217;opposition de plusieurs gouvernements, dont celui du Royaume-Uni qui s&#8217;en \u00e9tait exclu et menace de le contester \u00e0 nouveau devant les juridictions europ\u00e9ennes (un premier recours a \u00e9chou\u00e9 en avril). Le ministre des Finances luxembourgeois, Pierre Gramegna, a pour sa part regrett\u00e9 que la TTF ne soit <em>\u00ab pas bonne pour les march\u00e9s de capitaux en Europe \u00bb<\/em>, tandis que la F\u00e9d\u00e9ration europ\u00e9enne des banques (FBE) d\u00e9plorait une <em>\u00ab taxe sur la croissance \u00bb.<\/em> Mettre en sc\u00e8ne leurs victoires comme des d\u00e9faites, une strat\u00e9gie ordinaire pour les repr\u00e9sentants des int\u00e9r\u00eats financiers. Faute de conna\u00eetre le p\u00e9rim\u00e8tre de la taxe, sur les gigantesques volumes de produits d\u00e9riv\u00e9s (estim\u00e9s \u00e0 260 milliards d&#8217;euros en Europe au premier trimestre 2014), il ne s&#8217;agit que de r\u00e9criminations pr\u00e9ventives.<\/p>\n<p><strong><em>Bercy, succursale des banques<br \/>\n<\/strong><\/em><\/p>\n<p>Il faut voir dans cet aboutissement \u00e0 la fois <a href=\"https:\/\/wp.muchomaas.com\/web\/transactions-financieres-hollande,7491\">l&#8217;action de la France<\/a>, qui s&#8217;est oppos\u00e9e sur ce dossier \u00e0 l&#8217;Allemagne, favorable \u00e0 une TTF plus ambitieuse, et l&#8217;effet d&#8217;un lobbying intensif de l&#8217;industrie bancaire et financi\u00e8re (dont <a href=\"https:\/\/wp.muchomaas.com\/web\/comment-le-lobby-financier,7667\">la puissance de feu<\/a> est connue), nos fleurons nationaux \u00e9tant particuli\u00e8rement engag\u00e9s sur les produits d\u00e9riv\u00e9s. \u00c0 l&#8217;\u00e9chelle continentale, ce sont le Medef et son homologue allemand qui ont pouss\u00e9 pour un r\u00e9tr\u00e9cissement du projet de directive pr\u00e9conis\u00e9 il y a deux ans par la Commission. Comme <a href=\"http:\/\/www.lemonde.fr\/les-decodeurs\/article\/2014\/05\/05\/est-il-impossible-de-taxer-les-marches-financiers_4411637_4355770.html\">l&#8217;\u00e9crit <em>Le Monde<\/em><\/a>, <em>\u00ab Bercy a tent\u00e9, et visiblement r\u00e9ussi, \u00e0 vider le projet de la Commission de son contenu : Pierre Moscovici n&#8217;a pas h\u00e9sit\u00e9, d\u00e8s l&#8217;\u00e9t\u00e9 dernier, \u00e0 parler d&#8217;une &#8220;proposition excessive&#8221; de la Commission europ\u00e9enne \u00bb<\/em>. Une nouvelle fois, le gouvernement <a href=\"https:\/\/wp.muchomaas.com\/web\/banques-bercy-deborde-par,7447\">d\u00e9borde Bruxelles\u2026 sur sa droite<\/a>.<\/p>\n<p>Le plus consternant dans ce constat d&#8217;\u00e9chec est probablement que Fran\u00e7ois Hollande comme Michel Sapin trouvent de quoi s&#8217;en f\u00e9liciter. Le premier avait d\u00e9clar\u00e9 le matin m\u00eame que \u00ab<em> la finance<\/em> [avait] <em>\u00e9t\u00e9 ma\u00eetris\u00e9e \u00bb<\/em> en \u00e9voquant aussi bien la taxe europ\u00e9enne que l&#8217;union bancaire ou la s\u00e9paration des activit\u00e9s bancaires \u2013 toutes r\u00e9formes rendues aussi inoffensives que possible <em>(lire <a href=\"https:\/\/wp.muchomaas.com\/web\/dominique-plihon-les-reformes,7703\">l&#8217;interview de Dominique Plihon<\/a> d&#8217;Attac)<\/em>. Le second juge <em>\u00ab important de montrer que l\u2019Europe est capable d\u2019avancer et de transformer des id\u00e9es qui sont l\u00e0 depuis longtemps en actes \u00bb<\/em>. Assumer \u00e0 ce point ses propres renoncements, en les accompagnant d&#8217;un discours mensonger, en dit assez long \u00e0 la fois sur le positionnement et la volont\u00e9 politiques du gouvernement, qui font de Bercy une succursale des banques fran\u00e7aises. <\/p>\n<p>Sur ce dossier comme sur tous ceux qui devraient engager des choix forts (aussi forts que <a href=\"https:\/\/wp.muchomaas.com\/web\/2012-2014-le-grand-retournement-de,7706\">ceux martel\u00e9s durant la campagne de 2012<\/a>), on assiste \u00e0 un v\u00e9ritable refus de gouverner, au profit d&#8217;une simple gestion des int\u00e9r\u00eats priv\u00e9s.<br \/>\n<div id='gallery-1' class='gallery galleryid-7711 gallery-columns-3 gallery-size-thumbnail'><figure class='gallery-item'>\n\t\t\t<div class='gallery-icon landscape'>\n\t\t\t\t<a href='https:\/\/archives.regards.fr\/wp-content\/uploads\/2014\/05\/ttf-attac-acc.jpg'><img loading=\"lazy\" decoding=\"async\" width=\"150\" height=\"150\" src=\"https:\/\/archives.regards.fr\/wp-content\/uploads\/2014\/05\/ttf-attac-acc-150x150.jpg\" class=\"attachment-thumbnail size-thumbnail\" alt=\"ttf-attac.jpg\" \/><\/a>\n\t\t\t<\/div><\/figure>\n\t\t<\/div>\n<\/p>\n","protected":false},"excerpt":{"rendered":"<p>La TTF adopt\u00e9e hier n&#8217;est que l&#8217;ombre de la taxe Tobin, elle est m\u00eame moins ambitieuse que le projet initial de Bruxelles. S&#8217;ils nient ce nouveau reniement, Fran\u00e7ois Hollande et Michel Sapin ne sont pas \u00e9trangers \u00e0 un r\u00e9tr\u00e9cissement qui fait le bonheur des banques fran\u00e7aises.<\/p>\n","protected":false},"author":1188,"featured_media":20233,"comment_status":"open","ping_status":"open","sticky":false,"template":"","format":"standard","meta":{"_themeisle_gutenberg_block_has_review":false,"footnotes":""},"categories":[8],"tags":[],"class_list":["post-7711","post","type-post","status-publish","format-standard","has-post-thumbnail","hentry","category-economie"],"_links":{"self":[{"href":"https:\/\/archives.regards.fr\/index.php?rest_route=\/wp\/v2\/posts\/7711","targetHints":{"allow":["GET"]}}],"collection":[{"href":"https:\/\/archives.regards.fr\/index.php?rest_route=\/wp\/v2\/posts"}],"about":[{"href":"https:\/\/archives.regards.fr\/index.php?rest_route=\/wp\/v2\/types\/post"}],"author":[{"embeddable":true,"href":"https:\/\/archives.regards.fr\/index.php?rest_route=\/wp\/v2\/users\/1188"}],"replies":[{"embeddable":true,"href":"https:\/\/archives.regards.fr\/index.php?rest_route=%2Fwp%2Fv2%2Fcomments&post=7711"}],"version-history":[{"count":0,"href":"https:\/\/archives.regards.fr\/index.php?rest_route=\/wp\/v2\/posts\/7711\/revisions"}],"wp:featuredmedia":[{"embeddable":true,"href":"https:\/\/archives.regards.fr\/index.php?rest_route=\/wp\/v2\/media\/20233"}],"wp:attachment":[{"href":"https:\/\/archives.regards.fr\/index.php?rest_route=%2Fwp%2Fv2%2Fmedia&parent=7711"}],"wp:term":[{"taxonomy":"category","embeddable":true,"href":"https:\/\/archives.regards.fr\/index.php?rest_route=%2Fwp%2Fv2%2Fcategories&post=7711"},{"taxonomy":"post_tag","embeddable":true,"href":"https:\/\/archives.regards.fr\/index.php?rest_route=%2Fwp%2Fv2%2Ftags&post=7711"}],"curies":[{"name":"wp","href":"https:\/\/api.w.org\/{rel}","templated":true}]}}