{"id":7692,"date":"2014-04-29T09:17:57","date_gmt":"2014-04-29T07:17:57","guid":{"rendered":"https:\/\/wp.muchomaas.com\/chronique-de-la7692\/"},"modified":"2023-06-23T23:17:11","modified_gmt":"2023-06-23T21:17:11","slug":"chronique-de-la7692","status":"publish","type":"post","link":"https:\/\/archives.regards.fr\/?p=7692","title":{"rendered":"Chronique de la d\u00e9sindustrialisation sous Hollande"},"content":{"rendered":"<p class=\"post_excerpt\">Les visites tr\u00e8s m\u00e9diatis\u00e9es d\u2019usines en souffrance et les discours volontaristes d\u2019Arnaud Montebourg n\u2019auront pas emp\u00each\u00e9 les faillites, fermetures de site et rachats de se succ\u00e9der depuis le d\u00e9but du quinquennat de Fran\u00e7ois Hollande. Inventaire.<\/p>\n<p>Ce n\u2019est pas le tout d\u2019avoir un ministre du &#8220;Redressement productif&#8221; qui pose en marini\u00e8re Armor Lux pour chanter les louanges du &#8220;made in France&#8221;, un robot Moulinex en main. Encore faut-il se donner les moyens de s\u2019attaquer aux lois et aux structures \u00e9conomiques qui enfoncent depuis vingt ans la France dans la d\u00e9sindustrialisation, dont l\u2019imminent rachat d\u2019Alstom, convoit\u00e9 par l\u2019Am\u00e9ricain General Electric et l&#8217;Allemand Siemens, n\u2019est que le dernier \u00e9pisode en date. <\/p>\n<p><strong><em>Des fleurons fran\u00e7ais qui changent de nationalit\u00e9<br \/>\n<\/strong><\/em><\/p>\n<p>Depuis 2012, de nombreuses ic\u00f4nes de l\u2019\u00e9conomie fran\u00e7aise ont en partie ou int\u00e9gralement chang\u00e9 de nationalit\u00e9. La liste donne le tournis. En juillet 2013, une fusion est annonc\u00e9e entre Publicis, troisi\u00e8me agence mondiale, et son homologue am\u00e9ricain,  Omnicom. Si le si\u00e8ge social du futur g\u00e9ant mondial de la pub doit \u00eatre transf\u00e9r\u00e9 aux Pays-Bas, sa &#8220;r\u00e9sidence fiscale&#8221; devrait revenir au Royaume-Uni, optimisation fiscale oblige. Dans le cas de PSA Peugeot Citro\u00ebn, il \u00e9tait initialement pr\u00e9vu que le Chinois Dongfeng prenne 30\u2009% du capital, \u00e0 parit\u00e9 avec l\u2019\u00c9tat fran\u00e7ais, avant que l\u2019am\u00e9lioration des conditions de march\u00e9, fin 2013, ne permette de r\u00e9duire ces parts respectives \u00e0 14\u2009%. <\/p>\n<p>D\u00e9but avril, le cimentier Lafarge fusionne avec son rival suisse Holcim et transf\u00e8re son siege \u00e0 Zurich. Quant \u00e0 FagorBrandt, l\u00e2ch\u00e9 par son ex-actionnaire basque Mondragon, le groupe d&#8217;\u00e9lectrom\u00e9nager sera alg\u00e9rien, le tribunal de commerce de Nanterre ayant valid\u00e9 en avril sa reprise par le congom\u00e9rat Cevital. Enfin, SFR est en train de se faire racheter par Numericable, d\u00e9tenu \u00e0 60% par Altice, immatricul\u00e9e au Luxembourg, et elle-m\u00eame d\u00e9tenue \u00e0 62% par Next LP, la holding personnelle de Patrick Drahi, r\u00e9sident fiscal suisse et citoyen isra\u00e9lien ayant abandonn\u00e9 la nationalit\u00e9 fran\u00e7aise. <\/p>\n<p>La France voit ainsi dispara\u00eetre un \u00e0 un ses champions nationaux, parfois avec la complicit\u00e9 active du gouvernement fran\u00e7ais, comme dans le cas de PSA. Une tendance qui s\u2019est acc\u00e9l\u00e9r\u00e9e ces derniers mois : selon le cabinet Dealogic, le pays a concentr\u00e9 un tiers des fusions-acquisitions en Europe au premier trimestre 2014.<\/p>\n<p><strong><em>Des sites qui ferment<br \/>\n<\/strong><\/em><\/p>\n<p>Plus graves encore que les changements de pavillon, les fermetures d\u2019usines s\u2019acc\u00e9l\u00e8rent \u00e9galement. L\u00e0 encore, la liste para\u00eet interminable. \u00c0 peine deux mois apr\u00e8s l\u2019\u00e9lection de Hollande, la direction de PSA annonce la fermeture de son usine d\u2019Aulnay en Seine-Saint-Denis ainsi que la suppression de 8.000 postes en France. Apr\u00e8s que Montebourg a menac\u00e9 la direction d\u2019ArcelorMittal de nationaliser le site de Florange, fleuron de la sid\u00e9rurgie fran\u00e7aise, l\u2019ex-Premier ministre Jean-Marc Ayrault accepte, fin novembre 2012, le plan de fermeture des deux derniers hauts fourneaux lorrains. Le candidat Hollande s\u2019\u00e9tait pourtant engag\u00e9 \u00e0 faire adopter une loi qui obligerait les groupes souhaitant c\u00e9der des sites rentables \u00e0 les proposer \u00e0 un \u00e9ventuel repreneur\u2026 Ce sera, de l\u2019aveu de Montebourg, son <em>\u00ab \u00e9chec le plus cuisant \u00bb<\/em>.<\/p>\n<p>En janvier 2013, la direction de l\u2019\u00e9quipementier automobile Goodyear annonce \u00e0 son tour la fin du site d\u2019Amiens-Nord et la mise \u00e0 la porte de ses 1.200 salari\u00e9s. En avril 2013, le tribunal de commerce de Rouen rejette les offres de reprise du panam\u00e9en Netoil et du libyen Murzuk Oil, en lesquelles les 448 employ\u00e9s de la raffinerie de P\u00e9troplus \u00e0 Petit-Couronne fondaient leurs derniers espoirs. L&#8217;\u00c9tat peut beaucoup, <em>\u00ab mais il ne fait pas des miracles \u00bb<\/em>, commente Arnaud Montebourg. <\/p>\n<p><strong><em>Des emplois qui partent en fum\u00e9e<br \/>\n<\/strong><\/em><\/p>\n<p>Le g\u00e9ant Alcatel-Lucent annonce d\u00e9but octobre son intention de supprimer 900 emplois en France et de fermer deux sites dans l&#8217;Hexagone, \u00e0 Rennes et \u00e0 Colomiers. \u00c0 Docelles dans les Vosges, <a href=\"https:\/\/wp.muchomaas.com\/web\/papeterie-de-docelles-le-capital,7651\">la plus vieille usine de France<\/a>, une papeterie ouverte au XVe si\u00e8cle a cess\u00e9 sa production le 24 janvier. Et ce sera bient\u00f4t le tour des l\u00e9gumes Lunor \u00e0 Chaulnes en Picardie ou encore des \u00e9quipements automobiles Wimetal \u00e0 Iwuy dans le Nord. <\/p>\n<p>En 2013, 263 fermetures de sites industriels ont ainsi \u00e9t\u00e9 annonc\u00e9es, presque autant que l\u2019ann\u00e9e pr\u00e9c\u00e9dente, contre 124 cr\u00e9ations. Au total, la France compte environ 520 sites industriels de moins qu\u2019au d\u00e9but de 2009.<\/p>\n<p>Ces fermetures de site se traduisent in\u00e9vitablement par des destructions d\u2019emplois importantes : d\u2019apr\u00e8s le dernier rapport du Conseil national de l\u2019industrie (CNI), l&#8217;industrie tricolore a perdu 70.000 emplois en 2012 et 61.900 en 2013, les secteurs les plus touch\u00e9s \u00e9tant l\u2019automobile, la m\u00e9tallurgie, le  bois-papier-imprimerie et la fabrication de produits en caoutchouc et en plastique. Le ministre du Travail Fran\u00e7ois Rebsamen peut d\u00e9clarer solennellement vouloir <em>\u00ab que tous les emplois soient sauvegard\u00e9s \u00bb<\/em> chez Alstom, mais il est peu probable que ses paroles suffisent \u00e0 rassurer les salari\u00e9s.<br \/>\n<div id='gallery-1' class='gallery galleryid-7692 gallery-columns-3 gallery-size-thumbnail'><figure class='gallery-item'>\n\t\t\t<div class='gallery-icon landscape'>\n\t\t\t\t<a href='https:\/\/archives.regards.fr\/wp-content\/uploads\/2014\/04\/58921023_a34b7171a4_o-a57.jpg'><img loading=\"lazy\" decoding=\"async\" width=\"150\" height=\"150\" src=\"https:\/\/archives.regards.fr\/wp-content\/uploads\/2014\/04\/58921023_a34b7171a4_o-a57-150x150.jpg\" class=\"attachment-thumbnail size-thumbnail\" alt=\"58921023_a34b7171a4_o.jpg\" \/><\/a>\n\t\t\t<\/div><\/figure>\n\t\t<\/div>\n<\/p>\n","protected":false},"excerpt":{"rendered":"<p>Les visites tr\u00e8s m\u00e9diatis\u00e9es d\u2019usines en souffrance et les discours volontaristes d\u2019Arnaud Montebourg n\u2019auront pas emp\u00each\u00e9 les faillites, fermetures de site et rachats de se succ\u00e9der depuis le d\u00e9but du quinquennat de Fran\u00e7ois Hollande. Inventaire.<\/p>\n","protected":false},"author":1098,"featured_media":20193,"comment_status":"open","ping_status":"open","sticky":false,"template":"","format":"standard","meta":{"_themeisle_gutenberg_block_has_review":false,"footnotes":""},"categories":[157],"tags":[482],"class_list":["post-7692","post","type-post","status-publish","format-standard","has-post-thumbnail","hentry","category-web","tag-alstom"],"_links":{"self":[{"href":"https:\/\/archives.regards.fr\/index.php?rest_route=\/wp\/v2\/posts\/7692","targetHints":{"allow":["GET"]}}],"collection":[{"href":"https:\/\/archives.regards.fr\/index.php?rest_route=\/wp\/v2\/posts"}],"about":[{"href":"https:\/\/archives.regards.fr\/index.php?rest_route=\/wp\/v2\/types\/post"}],"author":[{"embeddable":true,"href":"https:\/\/archives.regards.fr\/index.php?rest_route=\/wp\/v2\/users\/1098"}],"replies":[{"embeddable":true,"href":"https:\/\/archives.regards.fr\/index.php?rest_route=%2Fwp%2Fv2%2Fcomments&post=7692"}],"version-history":[{"count":0,"href":"https:\/\/archives.regards.fr\/index.php?rest_route=\/wp\/v2\/posts\/7692\/revisions"}],"wp:featuredmedia":[{"embeddable":true,"href":"https:\/\/archives.regards.fr\/index.php?rest_route=\/wp\/v2\/media\/20193"}],"wp:attachment":[{"href":"https:\/\/archives.regards.fr\/index.php?rest_route=%2Fwp%2Fv2%2Fmedia&parent=7692"}],"wp:term":[{"taxonomy":"category","embeddable":true,"href":"https:\/\/archives.regards.fr\/index.php?rest_route=%2Fwp%2Fv2%2Fcategories&post=7692"},{"taxonomy":"post_tag","embeddable":true,"href":"https:\/\/archives.regards.fr\/index.php?rest_route=%2Fwp%2Fv2%2Ftags&post=7692"}],"curies":[{"name":"wp","href":"https:\/\/api.w.org\/{rel}","templated":true}]}}