{"id":7689,"date":"2014-04-28T18:10:48","date_gmt":"2014-04-28T16:10:48","guid":{"rendered":"https:\/\/wp.muchomaas.com\/campagne-des-europeennes-le-ps7689\/"},"modified":"2014-04-28T18:10:48","modified_gmt":"2014-04-28T16:10:48","slug":"campagne-des-europeennes-le-ps7689","status":"publish","type":"post","link":"https:\/\/archives.regards.fr\/?p=7689","title":{"rendered":"Campagne des europ\u00e9ennes : le PS sait-il qu&#8217;il est au pouvoir\u00a0?"},"content":{"rendered":"<p class=\"post_excerpt\">Si la campagne des \u00e9lections europ\u00e9ennes ne passionne gu\u00e8re les foules, elle livre d\u00e9j\u00e0 quelques perles. Ne doutant de rien, le Parti socialiste a en effet d\u00e9cid\u00e9 de placer sa campagne\u2026 sous le signe de la lutte contre l&#8217;aust\u00e9rit\u00e9.\n<\/p>\n<p>D\u00e8s le 4 avril, celui qui \u00e9tait encore premier secr\u00e9taire du PS, Harlem D\u00e9sir d\u00e9clarait\u00a0: <em>\u00ab\u00a0Il s&#8217;agit de rompre avec les politiques d&#8217;aust\u00e9rit\u00e9 impos\u00e9es par les conservateurs et donner la priorit\u00e9 \u00e0 la croissance et l&#8217;emploi\u00a0\u00bb<\/em>. Dans la foul\u00e9e, les socialistes et leurs alli\u00e9s du PRG convoquaient un meeting europ\u00e9en au Cirque d&#8217;hiver en pr\u00e9sence de Martin Schulz, candidat du Parti socialiste \u00e0 la pr\u00e9sidence de la Commission europ\u00e9enne. L&#8217;affiche met d&#8217;ailleurs en exergue une phrase de ce dernier\u00a0: <em>\u00ab\u00a0L&#8217;aust\u00e9rit\u00e9 en Europe est une erreur\u00a0\u00bb<\/em>. Pour faire bonne mesure, le mat\u00e9riel de campagne pour la circonscription d&#8217;Ile-de-France creuse le sillon\u00a0: <em>\u00ab\u00a0Je veux une Europe qui prot\u00e8ge\u00a0\u00bb, \u00ab\u00a01.000 milliards d&#8217;\u00e9vasion fiscale en Europe par an\u00a0!\u00a0\u00bb, \u00ab\u00a0Stop au dumping social\u00a0\u00bb<\/em>, indiquent les t\u00eates de chapitre. Sur le site de campagne <a href=\"https:\/\/www.choisirnotreeurope.fr\/proposals\">Choisir notre Europe<\/a>, on trouve aussi des mots d&#8217;ordre comme <em>\u00ab\u00a0Refuser l&#8217;aust\u00e9rit\u00e9\u00a0\u00bb<\/em>, assorti de l&#8217;ambition de <em>\u00ab\u00a0r\u00e9viser le pacte de stabilit\u00e9 pour donner la priorit\u00e9 \u00e0 la croissance, la relance et l&#8217;emploi\u00a0\u00bb.<\/em><\/p>\n<p>Bigre, se dit-on, voil\u00e0 un personnel politique qui gagnerait \u00e0 \u00eatre au pouvoir. Le probl\u00e8me est que, justement, ils y sont. Martin Schulz, par exemple, \u00e0 la suite d&#8217;un accord avec les conservateurs, est l&#8217;actuel pr\u00e9sident du Parlement europ\u00e9en. Surtout, il appartient au SPD qui, depuis les derni\u00e8res \u00e9lections l\u00e9gislatives, participe au gouvernement d&#8217;Angela Merkel dans le cadre d&#8217;une grande coalition. Depuis plus de trente ans, socialistes europ\u00e9ens et conservateurs ont vot\u00e9 tous les trait\u00e9s qui ont organis\u00e9 la d\u00e9r\u00e9gulation de l&#8217;\u00e9conomie, les privatisations et la casse des services publics. Quant aux socialistes fran\u00e7ais, se pr\u00e9valoir d&#8217;une quelconque lutte contre les politiques d&#8217;aust\u00e9rit\u00e9  au moment m\u00eame ou Manuel Valls va faire voter le Pacte de responsabilit\u00e9 \u00e0 l&#8217;Assembl\u00e9e nationale, il fallait oser. <\/p>\n","protected":false},"excerpt":{"rendered":"<p>Si la campagne des \u00e9lections europ\u00e9ennes ne passionne gu\u00e8re les foules, elle livre d\u00e9j\u00e0 quelques perles. Ne doutant de rien, le Parti socialiste a en effet d\u00e9cid\u00e9 de placer sa campagne\u2026 sous le signe de la lutte contre l&#8217;aust\u00e9rit\u00e9. <\/p>\n","protected":false},"author":1097,"featured_media":0,"comment_status":"open","ping_status":"open","sticky":false,"template":"","format":"standard","meta":{"_themeisle_gutenberg_block_has_review":false,"footnotes":""},"categories":[157],"tags":[352,390],"class_list":["post-7689","post","type-post","status-publish","format-standard","hentry","category-web","tag-europe","tag-parti-socialiste"],"_links":{"self":[{"href":"https:\/\/archives.regards.fr\/index.php?rest_route=\/wp\/v2\/posts\/7689","targetHints":{"allow":["GET"]}}],"collection":[{"href":"https:\/\/archives.regards.fr\/index.php?rest_route=\/wp\/v2\/posts"}],"about":[{"href":"https:\/\/archives.regards.fr\/index.php?rest_route=\/wp\/v2\/types\/post"}],"author":[{"embeddable":true,"href":"https:\/\/archives.regards.fr\/index.php?rest_route=\/wp\/v2\/users\/1097"}],"replies":[{"embeddable":true,"href":"https:\/\/archives.regards.fr\/index.php?rest_route=%2Fwp%2Fv2%2Fcomments&post=7689"}],"version-history":[{"count":0,"href":"https:\/\/archives.regards.fr\/index.php?rest_route=\/wp\/v2\/posts\/7689\/revisions"}],"wp:attachment":[{"href":"https:\/\/archives.regards.fr\/index.php?rest_route=%2Fwp%2Fv2%2Fmedia&parent=7689"}],"wp:term":[{"taxonomy":"category","embeddable":true,"href":"https:\/\/archives.regards.fr\/index.php?rest_route=%2Fwp%2Fv2%2Fcategories&post=7689"},{"taxonomy":"post_tag","embeddable":true,"href":"https:\/\/archives.regards.fr\/index.php?rest_route=%2Fwp%2Fv2%2Ftags&post=7689"}],"curies":[{"name":"wp","href":"https:\/\/api.w.org\/{rel}","templated":true}]}}