{"id":7670,"date":"2014-04-17T12:17:36","date_gmt":"2014-04-17T10:17:36","guid":{"rendered":"https:\/\/wp.muchomaas.com\/l-incendie-de-valparaiso-revele7670\/"},"modified":"2014-04-17T12:17:36","modified_gmt":"2014-04-17T10:17:36","slug":"l-incendie-de-valparaiso-revele7670","status":"publish","type":"post","link":"https:\/\/archives.regards.fr\/?p=7670","title":{"rendered":"L\u2019incendie de Valparaiso r\u00e9v\u00e8le les failles du mod\u00e8le n\u00e9olib\u00e9ral chilien"},"content":{"rendered":"<p class=\"post_excerpt\">L\u2019incendie qui a ravag\u00e9 la cit\u00e9 touristique chilienne a fait quinze morts. 12.500 habitants ont d\u00fb \u00eatre \u00e9vacu\u00e9s, et plus de 2.900 maisons ont br\u00fbl\u00e9. Les quartiers d\u00e9sh\u00e9rit\u00e9s de la ville ont fait les frais d\u2019une politique qui les a abandonn\u00e9s \u00e0 leur sort, et \u00e0 leur solidarit\u00e9. <\/p>\n<p>Le port de Valparaiso, \u00e0 130 kilom\u00e8tres au nord-ouest de Santiago, a travers\u00e9<em> \u00ab le pire incendie de<\/em> [son]<em> histoire \u00bb<\/em>, selon les termes de la pr\u00e9sidente chilienne Michelle Bachelet. Du 12 au 15 avril, plusieurs de ses quartiers p\u00e9riph\u00e9riques, situ\u00e9s sur les hauteurs de ses collines, ont \u00e9t\u00e9 r\u00e9duits en cendres. <\/p>\n<p><strong><em>\u00ab Commencer \u00e0 reconstruire \u00bb<br \/>\n<\/strong><\/em><\/p>\n<p>Le feu avait commenc\u00e9 samedi dans une for\u00eat proche, puis s\u2019est \u00e9tendu sous l\u2019effet du vent et de la s\u00e9cheresse \u00e0 la ville. Mardi, l\u2019incendie \u00e9tait ma\u00eetris\u00e9, mais la ville restait en convalescence. Contact\u00e9e par mail, Ximena Mu\u00f1oz Canobra, qui travaille \u00e0 l\u2019Universit\u00e9 populaire de Valparaiso, nous d\u00e9crit la situation : <em>\u00ab Des milliers de Porte\u00f1os<\/em> [les habitants de Valparaiso, ndlr] <em>sont r\u00e9partis dans de multiples espaces habilit\u00e9s, comme des auberges, tandis que des centaines d\u2019autres sont retourn\u00e9s l\u00e0 o\u00f9 se trouvaient leurs maisons, pour commencer \u00e0 les reconstruire. L\u00e0-bas ils doivent endurer les nuits de plus en plus fra\u00eeches de l\u2019hiver qui approche \u00bb<\/em>. <\/p>\n<p>Un r\u00e9seau d\u2019entraide au niveau national permet l\u2019arriv\u00e9e sur place de v\u00eatements et de produits de premi\u00e8re n\u00e9cessit\u00e9. Des volontaires viennent de tout le pays pour pr\u00eater main forte, fouiller les d\u00e9combres et aider les familles auxquelles il ne reste rien \u00e0 recoller les morceaux. La population pallie ainsi les carences de l\u2019\u00c9tat minimal chilien : elle en a l\u2019habitude. Ce sont pourtant ces carences qui ont renforc\u00e9 le caract\u00e8re meurtrier de l\u2019incendie, autant que le vent et la s\u00e9cheresse. <\/p>\n<p><strong><em>\u00ab L\u2019un des visages du n\u00e9olib\u00e9ralisme chilien \u00bb<br \/>\n<\/strong><\/em><\/p>\n<p>Selon plusieurs observateurs, il y a en effet des responsabilit\u00e9s politiques \u00e0 cet incendie. En 2008 et en 2013, la ville portuaire avait d\u00e9j\u00e0 \u00e9t\u00e9 victime de drames similaires, en plus du s\u00e9isme de 2010. L&#8217;ann\u00e9e pass\u00e9e, des experts avaient remis aux autorit\u00e9s un rapport d\u00e9signant onze foyers \u00e0 hauts risques. <em>\u00ab Les autorit\u00e9s savaient que les collines les plus pauvres, qui connaissent un probl\u00e8me de gestion des d\u00e9chets, et qui sont couvertes de maisons autoconstruites, \u00e9taient vuln\u00e9rables aux incendies,<\/em> explique Franck Gaudichaud, chercheur sp\u00e9cialiste du Chili, <em>mais elles n\u2019ont pas cherch\u00e9 des solutions de relogement. Ces poches de pauvret\u00e9 n\u2019ont pas \u00e9t\u00e9 affront\u00e9es par les autorit\u00e9s locales ni nationales. C\u2019est l\u2019un des visages du n\u00e9olib\u00e9ralisme chilien, dans une ville pauvre, o\u00f9 il y a beaucoup de ch\u00f4mage \u00bb<\/em>. L&#8217;image d&#8217;un Valparaiso paradis touristique o\u00f9 il fait bon vivre ne co\u00efncide pas avec la r\u00e9alit\u00e9. <\/p>\n<p>Ximena Mu\u00f1oz Canobra ne voit pas les choses autrement : <em>\u00ab La principale responsabilit\u00e9 politique revient \u00e0 l\u2019\u00c9tat et \u00e0 ses agents, du fait de l\u2019\u00e9tat d\u2019abandon dans lequel se trouve l\u2019immense majorit\u00e9 de la population. \u00c0 chaque fois qu\u2019une catastrophe naturelle s\u2019est produite, nous avons fait le m\u00eame constat. \u00bb<\/em> Selon elle, ces catastrophes r\u00e9v\u00e8lent <em>\u00ab les multitudes d\u2019histoires de survie quotidienne dont notre peuple est le protagoniste, dans des endroits o\u00f9 l\u2019\u00c9tat n\u2019existe simplement pas, et o\u00f9 les probl\u00e8mes de logement que rencontrent les familles chiliennes doivent \u00eatre r\u00e9solus de mani\u00e8re individuelle, et dans les pires conditions \u00bb<\/em>. <\/p>\n<p><strong><em>\u00ab \u00c0 quoi nous sert le patrimoine, s\u2019il n\u2019y a pas d\u2019humanit\u00e9? \u00bb<br \/>\n<\/strong><\/em><\/p>\n<p>Au rang des responsables, la municipalit\u00e9 n\u2019est pas en reste. La lenteur de l&#8217;intervention des pompiers s&#8217;explique par leur manque de moyens <em>\u00ab dans cette ville qui est en faillite depuis plus d\u2019une d\u00e9cennie \u00bb<\/em>, estime Ximena Mu\u00f1oz Canobra. Contact\u00e9 par mail, l\u2019historien chilien Sergio Grez confirme: <em>\u00ab La mairie a aussi sa part de responsabilit\u00e9 pour n\u2019avoir pas administr\u00e9 de mani\u00e8re efficace et int\u00e8gre les ressources disponibles, et pour ne pas avoir mis en place de programme destin\u00e9 \u00e0 prendre les maux de la ville \u00e0 la racine \u00bb.<\/em> <\/p>\n<p>Le port ayant \u00e9t\u00e9 class\u00e9 patrimoine mondial de l\u2019humanit\u00e9 par l\u2019Unesco en 2003, on pourrait pourtant s\u2019attendre \u00e0 ce qu\u2019une embellie \u00e9conomique ait succ\u00e9d\u00e9 \u00e0 ce classement. Que nenni: <em>\u00ab Cela a \u00e9t\u00e9 \u00e0 la fois une blague et une gifle pour l\u2019immense majorit\u00e9 des Porte\u00f1os et des Porte\u00f1as,<\/em> s\u2019indigne Ximena Mu\u00f1oz.<em> Cette classification internationale n\u2019a eu d\u2019impact que sur les espaces et dans les domaines li\u00e9s exclusivement au tourisme de masse \u00bb. <\/em> <\/p>\n<p>Dans une lettre ouverte qui a largement circul\u00e9 sur les r\u00e9seaux sociaux, Mar\u00eda Jos\u00e9 Blanco Contreras, habitante de Valparaiso, met le doigt o\u00f9 \u00e7a fait mal: <em>\u00ab \u00c0 quoi nous sert le patrimoine, s\u2019il n\u2019y a pas d\u2019humanit\u00e9? \u00bb<\/em>. Pour Ximena Mu\u00f1oz, il reste \u00e0 compter, une fois encore, sur <em>\u00ab l\u2019esprit de fraternit\u00e9 et de travail qui anime chacun des milliers de volontaires \u00bb<\/em>. Sous les yeux d&#8217;un \u00c9tat d\u00e9missionnaire.<\/p>\n","protected":false},"excerpt":{"rendered":"<p>L\u2019incendie qui a ravag\u00e9 la cit\u00e9 touristique chilienne a fait quinze morts. 12.500 habitants ont d\u00fb \u00eatre \u00e9vacu\u00e9s, et plus de 2.900 maisons ont br\u00fbl\u00e9. Les quartiers d\u00e9sh\u00e9rit\u00e9s de la ville ont fait les frais d\u2019une politique qui les a abandonn\u00e9s \u00e0 leur sort, et \u00e0 leur solidarit\u00e9. <\/p>\n","protected":false},"author":1,"featured_media":0,"comment_status":"open","ping_status":"open","sticky":false,"template":"","format":"standard","meta":{"_themeisle_gutenberg_block_has_review":false,"footnotes":""},"categories":[11],"tags":[],"class_list":["post-7670","post","type-post","status-publish","format-standard","hentry","category-monde"],"_links":{"self":[{"href":"https:\/\/archives.regards.fr\/index.php?rest_route=\/wp\/v2\/posts\/7670","targetHints":{"allow":["GET"]}}],"collection":[{"href":"https:\/\/archives.regards.fr\/index.php?rest_route=\/wp\/v2\/posts"}],"about":[{"href":"https:\/\/archives.regards.fr\/index.php?rest_route=\/wp\/v2\/types\/post"}],"author":[{"embeddable":true,"href":"https:\/\/archives.regards.fr\/index.php?rest_route=\/wp\/v2\/users\/1"}],"replies":[{"embeddable":true,"href":"https:\/\/archives.regards.fr\/index.php?rest_route=%2Fwp%2Fv2%2Fcomments&post=7670"}],"version-history":[{"count":0,"href":"https:\/\/archives.regards.fr\/index.php?rest_route=\/wp\/v2\/posts\/7670\/revisions"}],"wp:attachment":[{"href":"https:\/\/archives.regards.fr\/index.php?rest_route=%2Fwp%2Fv2%2Fmedia&parent=7670"}],"wp:term":[{"taxonomy":"category","embeddable":true,"href":"https:\/\/archives.regards.fr\/index.php?rest_route=%2Fwp%2Fv2%2Fcategories&post=7670"},{"taxonomy":"post_tag","embeddable":true,"href":"https:\/\/archives.regards.fr\/index.php?rest_route=%2Fwp%2Fv2%2Ftags&post=7670"}],"curies":[{"name":"wp","href":"https:\/\/api.w.org\/{rel}","templated":true}]}}