{"id":7656,"date":"2014-04-11T15:17:29","date_gmt":"2014-04-11T13:17:29","guid":{"rendered":"https:\/\/wp.muchomaas.com\/numero-d-avril-du-e-mensuel7656\/"},"modified":"2023-06-23T23:17:03","modified_gmt":"2023-06-23T21:17:03","slug":"numero-d-avril-du-e-mensuel7656","status":"publish","type":"post","link":"https:\/\/archives.regards.fr\/?p=7656","title":{"rendered":"Num\u00e9ro d&#8217;avril du e-mensuel"},"content":{"rendered":"\n\n<p class=\"post_excerpt\">D\u00e9couvrez le nouveau num\u00e9ro de notre e-mensuel en cliquant sur l&#8217;image ci-dessous puis en tournant les pages.<\/p>\n\n<strong>Avril 2014<\/strong><br>\n<br>\n<strong>Autoportrait<\/strong> \u00c9lise Lowy<br>\n<strong>Dossier<\/strong> La gauche en d\u00e9route<br>\n<strong>Isabelle Lorand<\/strong> Le Front de Gauche, c\u2019est maintenant ou jamais<br>\n<strong>L\u2019opinion au scalpel<\/strong> La paup\u00e9risation des couches populaires en France<br>\n<strong>Essai<\/strong> Dire Non d\u2019Edwy Pl\u00e9nel<br>\n<strong>Sur un plateau<\/strong> Les \u00e9l\u00e9ments de langage de Najat Vallaud-Belkacem contre la r\u00e9alit\u00e9 qui gronde<br>\n<strong>Parti pris<\/strong> Razmig Keucheyan\n\n\n<iframe loading=\"lazy\" width=\"460\" height=\"327\" src=\"\/\/e.issuu.com\/embed.html#6130135\/7454480\" frameborder=\"0\" allowfullscreen><\/iframe>\n\n\n<strong>Autres modes de lecture possible<\/strong> : cliquez ci-dessous pour acc\u00e9der \u00e0 la version imprimable (avec images) ou (sans images).\n<h2 class=\"wp-block-heading\">Documents joints<\/h2>\n\n\n\n<div class=\"wp-block-file\"><a href=\"https:\/\/wp.muchomaas.com\/wp-content\/uploads\/2014\/04\/regards_light_sansimages-bd4.pdf\">Version imprimable (sans images)<\/a><\/div>\n\n\n\n<div class=\"wp-block-file\"><a href=\"https:\/\/wp.muchomaas.com\/wp-content\/uploads\/2014\/04\/regards_light-959.pdf\">Version imprimable (avec images)<\/a><\/div>\n\n\n","protected":false},"excerpt":{"rendered":"<p>D\u00e9couvrez le nouveau num\u00e9ro de notre e-mensuel en cliquant sur l&#8217;image ci-dessous puis en tournant les pages.<\/p>\n","protected":false},"author":643,"featured_media":0,"comment_status":"open","ping_status":"open","sticky":false,"template":"","format":"standard","meta":{"_themeisle_gutenberg_block_has_review":false,"footnotes":""},"categories":[1],"tags":[359],"class_list":["post-7656","post","type-post","status-publish","format-standard","hentry","category-non-classe","tag-exclure-de-la-home"],"_links":{"self":[{"href":"https:\/\/archives.regards.fr\/index.php?rest_route=\/wp\/v2\/posts\/7656","targetHints":{"allow":["GET"]}}],"collection":[{"href":"https:\/\/archives.regards.fr\/index.php?rest_route=\/wp\/v2\/posts"}],"about":[{"href":"https:\/\/archives.regards.fr\/index.php?rest_route=\/wp\/v2\/types\/post"}],"author":[{"embeddable":true,"href":"https:\/\/archives.regards.fr\/index.php?rest_route=\/wp\/v2\/users\/643"}],"replies":[{"embeddable":true,"href":"https:\/\/archives.regards.fr\/index.php?rest_route=%2Fwp%2Fv2%2Fcomments&post=7656"}],"version-history":[{"count":0,"href":"https:\/\/archives.regards.fr\/index.php?rest_route=\/wp\/v2\/posts\/7656\/revisions"}],"wp:attachment":[{"href":"https:\/\/archives.regards.fr\/index.php?rest_route=%2Fwp%2Fv2%2Fmedia&parent=7656"}],"wp:term":[{"taxonomy":"category","embeddable":true,"href":"https:\/\/archives.regards.fr\/index.php?rest_route=%2Fwp%2Fv2%2Fcategories&post=7656"},{"taxonomy":"post_tag","embeddable":true,"href":"https:\/\/archives.regards.fr\/index.php?rest_route=%2Fwp%2Fv2%2Ftags&post=7656"}],"curies":[{"name":"wp","href":"https:\/\/api.w.org\/{rel}","templated":true}]}}