{"id":7643,"date":"2014-04-08T16:58:23","date_gmt":"2014-04-08T14:58:23","guid":{"rendered":"https:\/\/wp.muchomaas.com\/un-an-apres-la-catastrophe-du-rana7643\/"},"modified":"2014-04-08T16:58:23","modified_gmt":"2014-04-08T14:58:23","slug":"un-an-apres-la-catastrophe-du-rana7643","status":"publish","type":"post","link":"https:\/\/archives.regards.fr\/?p=7643","title":{"rendered":"Un an apr\u00e8s la catastrophe du Rana Plaza : \u00ab Tant qu&#8217;il n&#8217;y a pas de scandale, personne ne veut agir \u00bb"},"content":{"rendered":"<p class=\"post_excerpt\">Aura-t-il fallu 1.138 morts au Bangladesh pour &#8220;d\u00e9couvrir&#8221; la r\u00e9alit\u00e9 de la production d&#8217;un textile \u00e0 bas prix dans nos rayons\u00a0? Nayla Ajaltouni, du collectif \u00c9thique sur l&#8217;\u00e9tiquette, explique comment lutter contre l&#8217;irresponsabilit\u00e9 des multinationales du secteur et de la grande distribution.<\/p>\n<p>Il y a bient\u00f4t un an, le 24 avril 2013, l&#8217;immeuble du Rana Plaza \u00e0 Dacca au Bangladesh s&#8217;effondrait sur 4.000 ouvriers du textile, mais aussi sur la bonne conscience des consommateurs occidentaux et l&#8217;indiff\u00e9rence des entreprises : le prix de v\u00eatements bon march\u00e9, c&#8217;est aussi celui des conditions de travail mortelles des for\u00e7ats employ\u00e9s \u00e0 l&#8217;autre bout du monde. Parmi le millier de morts et les d\u00e9combres, les \u00e9tiquettes de marques occidentales, dont plusieurs impliquant des entreprises fran\u00e7aises comme Carrefour ou Auchan. <\/p>\n<p>C&#8217;est sur ce drame de la mondialisation qu&#8217;enqu\u00eate le documentaire de Anne Gintzburger, Anne-Sophie Le Conte et Franck Vrignon, <em>Les damn\u00e9es du low-cost<\/em>, <a href=\"http:\/\/www.france5.fr\/et-vous\/France-5-et-vous\/Les-programmes\/LE-MAG-N-15-2014\/articles\/p-20015-Les-Damnees-du-low-cost.htm\">diffus\u00e9 mardi sur France 5<\/a>, et pr\u00e9c\u00e9d\u00e9 la veille d&#8217;une manifestation organis\u00e9e \u00e0 Paris par Peuples Solidaires et le collectif \u00c9thique sur l&#8217;\u00e9tiquette, afin d&#8217;exiger des multinationales du textile qu&#8217;elles proc\u00e8dent \u00e0 l&#8217;indemnisation des victimes. Pour comprendre ce qui a conduit \u00e0 une telle trag\u00e9die et ce qui pourrait \u00e9viter qu&#8217;elle ne se reproduise, nous avons interrog\u00e9 Nayla Ajaltouni, coordinatrice d&#8217;<a href=\"http:\/\/www.ethique-sur-etiquette.org\/index.php\">\u00c9thique sur l&#8217;\u00e9tiquette<\/a>.<\/p>\n<p><strong>Regards. Avez-vous le sentiment que la catastrophe de Dacca a fait progresser, aupr\u00e8s de l&#8217;opinion, la conscience du co\u00fbt humain d&#8217;un textile \u00e0 bas prix ?<br \/>\n<\/strong><\/p>\n<p><strong>Nayla Ajaltouni.<\/strong> Effectivement, le drame a suscit\u00e9 une mobilisation citoyenne, m\u00e9diatique et politique sans pr\u00e9c\u00e9dent, et aujourd&#8217;hui les ph\u00e9nom\u00e8nes d&#8217;exploitation que nous, ONG, d\u00e9non\u00e7ons depuis plus longtemps sont port\u00e9s \u00e0 la connaissance du plus grand nombre. Maintenant, la question essentielle est de savoir comment agir collectivement pour faire en sorte qu&#8217;il n&#8217;y ait plus de Rana Plaza.<\/p>\n<p><strong>Les consommateurs veulent-ils vraiment voir la r\u00e9alit\u00e9 de la production textile, et peuvent-ils entendre l&#8217;\u00e9ventuelle n\u00e9cessit\u00e9 de payer plus cher ?<br \/>\n<\/strong><\/p>\n<p>Les consommateurs sont pris dans une sorte de dichotomie qu&#8217;il est compliqu\u00e9 de r\u00e9soudre. D&#8217;une part, les sondages et les contacts que nous pouvons avoir montrent qu&#8217;ils ne veulent plus \u00eatre les complices malgr\u00e9 eux de cette exploitation g\u00e9n\u00e9ralis\u00e9e. Dans le m\u00eame temps, ils continuent de mettre le prix au c\u0153ur de leurs crit\u00e8res d&#8217;achat. Mais il s&#8217;agit d&#8217;un faux probl\u00e8me. Il faut d&#8217;une part prendre conscience qu&#8217;un tee-shirt aujourd&#8217;hui ne doit pas co\u00fbter quatre euros, et d&#8217;autre part que l&#8217;on pourrait continuer \u00e0 avoir des v\u00eatements peu chers \u00e9tant donn\u00e9e la faible part du salaire de l&#8217;ouvrier, \u00e0 l&#8217;autre bout de la cha\u00eene, dans les co\u00fbts de production. La question est de savoir qui doit faire en sorte que les droits de l&#8217;Homme ne soient pas viol\u00e9s, que les ouvriers re\u00e7oivent un salaire d\u00e9cent. Certes, il y a une responsabilit\u00e9 du consommateur qui doit prendre conscience de son implication et faire \u00e9voluer ses comportements de consommation \u2013 car au-del\u00e0 du prix, il y a aussi la question de la fr\u00e9quence des achats, puisque lorsqu&#8217;on ach\u00e8te une douzaine de tee-shirts par an \u00e0 six ou sept euros, on a au bout du compte d\u00e9pens\u00e9 une somme assez importante. Mais la responsabilit\u00e9 premi\u00e8re est celle des multinationales et des donneurs d&#8217;ordres : ce n&#8217;est pas le consommateur qui exploite directement les ouvriers du textile.<\/p>\n<p><em> <strong><em>\u00ab Les grandes entreprises ont utilis\u00e9 la mondialisation et le ph\u00e9nom\u00e8ne de la sous-traitance pour se d\u00e9gager de toute responsabilit\u00e9 \u00bb<br \/>\n<\/strong><\/em> <\/em><\/p>\n<p><strong>Comment les multinationales impliqu\u00e9es ont-elles r\u00e9agi \u00e0 l&#8217;\u00e9v\u00e9nement et aux mobilisations qui l&#8217;ont suivi ?<br \/>\n<\/strong><\/p>\n<p>Nous dialoguions bien avant la catastrophe du Rana Plaza avec la grande distribution et les marques concern\u00e9es. Leur premi\u00e8re r\u00e9action a consist\u00e9 \u00e0 nier leur pr\u00e9sence, en l&#8217;occurrence le fait qu&#8217;une partie de leur production \u00e9tait sous-trait\u00e9e au Rana Plaza, avant, dans un deuxi\u00e8me temps, de jouer l&#8217;ignorance. Si les circonstances n&#8217;\u00e9taient pas tragiques, ce serait risible : comment une entreprise peut-elle penser que pr\u00e9texter l&#8217;ignorance lui donne une bonne image ? Il est tr\u00e8s probable qu&#8217;il y ait eu sous-traitance dissimul\u00e9e, c&#8217;est-\u00e0-dire que ces multinationales \u2013 par exemple Auchan \u2013 n&#8217;aient pas eu connaissance qu&#8217;un de ses fournisseurs avait sous-trait\u00e9 dans une des usines du Rana Plaza. Mais c&#8217;est pr\u00e9cis\u00e9ment le probl\u00e8me : est-il normal qu&#8217;une multinationale de cette dimension ne sache pas o\u00f9 elle fait fabriquer les v\u00eatements qu&#8217;elle vend ? C&#8217;est symptomatique de la fa\u00e7on dont les grandes entreprises, notamment du textile, ont utilis\u00e9 la mondialisation et le ph\u00e9nom\u00e8ne de la sous-traitance pour ne pas avoir \u00e0 rendre de comptes et se d\u00e9gager de toute responsabilit\u00e9. Le c\u0153ur de notre action vise \u00e0 enrayer ce syst\u00e8me.<\/p>\n<p><strong>Ces entreprises ont-elles, depuis, pris des engagements concrets, notamment sur le plan de la &#8220;tra\u00e7abilit\u00e9&#8221; de leurs produits ?<br \/>\n<\/strong><\/p>\n<p>\u00c0 la suite de l&#8217;affaire, un accord qui constitue une r\u00e9elle avanc\u00e9e a \u00e9t\u00e9 sign\u00e9 entre des syndicats internationaux et bangladais, l&#8217;OIT (Organisation internationale du travail), et 150 marques internationales qui produisent au Bangladesh. Il les oblige \u00e0 financer des syst\u00e8mes d&#8217;inspection ind\u00e9pendants et \u00e0 trouver les moyens, y compris financiers, \u00e0 effectuer les r\u00e9novations en cas de probl\u00e8mes de s\u00e9curit\u00e9 constat\u00e9s dans les installations. Malheureusement, ce type d&#8217;accord, qui arrive une fois que le mal est fait, n&#8217;est s\u00fbrement pas de nature \u00e0 \u00e9viter de futurs Rana Plaza. Nous avions soumis cet accord \u00e0 la signature des multinationales presque un an avant l&#8217;effondrement du b\u00e2timent \u00e0 Dacca, \u00e0 la suite d&#8217;une douzaine d&#8217;accidents graves dans l&#8217;industrie textile du Bangladesh qui \u00e9tait d\u00e9j\u00e0 mondialement connue pour l&#8217;\u00e9tat d\u00e9plorable de ses unit\u00e9s de production. Les marques nous disaient alors qu&#8217;elles disposaient de syst\u00e8mes volontaires internes performants. Quelques mois plus tard, le Rana Plaza s&#8217;effondre et toutes se pr\u00e9cipitent pour signer cet accord et tenter de sauver ce qu&#8217;il reste de leurs images de marque. Tant qu&#8217;il n&#8217;y a pas de scandale, personne ne veut agir. Aujourd&#8217;hui, l&#8217;accord, tout comme le fonds de compensation mis en place sous l&#8217;\u00e9gide de l&#8217;OIT, sont vraiment \u00e0 mettre au cr\u00e9dit de la mobilisation des ONG et des syndicats internationaux. Mais \u00e0 l&#8217;avenir, on n&#8217;\u00e9vitera pas d&#8217;autres Rana Plaza tant qu&#8217;une multinationale \u2013 pas seulement pour le textile \u2013 continuera \u00e0  ne pas \u00eatre responsable juridiquement de ses impacts \u00e0 l&#8217;\u00e9tranger et de ce qui se passe tout au long de sa cha\u00eene d&#8217;approvisionnement. On ne peut qu&#8217;en passer par la loi.<\/p>\n<p><em> <strong><em>\u00ab Le gouvernement verse des larmes de crocodiles sur cet accident \u00bb<br \/>\n<\/strong><\/em> <\/em><\/p>\n<p><strong>Quels espoirs fondez-vous sur le projet de loi, d\u00e9pos\u00e9 en d\u00e9but d&#8217;ann\u00e9e par le PS et les Verts rejoints par le PRG, rendant les donneurs d\u2019ordre responsables de leurs filiales et de leurs sous-traitants ?<br \/>\n<\/strong><\/p>\n<p>Cette loi introduit un devoir de vigilance de la part d&#8217;une maison-m\u00e8re vis-\u00e0-vis de ses filiales, et d&#8217;un donneur d&#8217;ordres vis-\u00e0-vis de sa cha\u00eene de sous-traitance, sur le plan des droits de l&#8217;Homme et du droit de l&#8217;environnement. Elle consiste \u00e0 mettre en \u0153uvre une politique active de pr\u00e9vention de leur violation \u2013 avec des sanctions le cas \u00e9ch\u00e9ant. Cette loi mettrait un terme \u00e0 l&#8217;impunit\u00e9, et nous pensons que c&#8217;est l&#8217;outil le plus ad\u00e9quat.<\/p>\n<p><strong>Quelles sont ses chances d&#8217;adoption face aux lobbies ?<br \/>\n<\/strong><\/p>\n<p>C&#8217;est au gouvernement d&#8217;\u00e9couter les parlementaires de sa majorit\u00e9 et de se saisir du projet. \u00c0 ce jour, il a manifest\u00e9 un blocage politique certain, mais nous allons recommencer \u00e0 aller voir les cabinets. Pour l&#8217;instant, nous avons l&#8217;impression qu&#8217;il verse des larmes de crocodiles sur cet accident, dans la mesure o\u00f9 il n&#8217;a pas pris de mesures ambitieuses et contraignantes. L&#8217;autre facteur de blocage, ce sont deux autres grands acteurs qui ont dit \u2013 officieusement bien s\u00fbr \u2013 qu&#8217;ils ne voulaient pas de cette loi : l&#8217;AFEP (Association fran\u00e7aise des entreprises priv\u00e9es) et le Medef. Les grandes entreprises ne veulent \u00e9videmment pas d&#8217;une loi contraignante qui les responsabiliserait juridiquement et mettrait un terme \u00e0 leur impunit\u00e9, donc \u00e0 leur recherche de profits sans contreparties.<\/p>\n<p><strong>Le probl\u00e8me n&#8217;est-il pas sans fin ? L&#8217;augmentation des salaires au Bangladesh aurait ainsi conduit \u00e0 des d\u00e9localisations vers l&#8217;\u00c9thiopie, ce qui indique la n\u00e9cessit\u00e9 d&#8217;une mobilisation mondiale, au-del\u00e0 d&#8217;une loi fran\u00e7aise\u2026<br \/>\n<\/strong><\/p>\n<p>C&#8217;est une loi fran\u00e7aise, mais qui responsabiliserait les multinationales pour leurs agissements en dehors du territoire fran\u00e7ais, l\u00e0 en est bien l&#8217;int\u00e9r\u00eat. Les victimes des violations dans les pays en d\u00e9veloppement, moins-disant socialement, auraient ainsi acc\u00e8s \u00e0 la justice. C&#8217;est une loi qui vise d&#8217;abord \u00e0 pr\u00e9venir les risques. S&#8217;il y a des pollutions irr\u00e9versibles, des violations massives du droit du travail, des d\u00e9placements de populations, c&#8217;est parce que les investissements des multinationales ne sont pas soumis \u00e0 des crit\u00e8res qui les obligent \u00e0 limiter les risques. Effectivement, agir au niveau europ\u00e9en serait tout \u00e0 fait pertinent. Mais nous pensons que le courage politique d&#8217;un pays est indispensable, parce que l&#8217;Europe se cache derri\u00e8re les \u00c9tats-membres et que les \u00c9tats-membres se cachent derri\u00e8re l&#8217;Europe. C&#8217;est inacceptable. D&#8217;autres pays comme les \u00c9tats-Unis, l&#8217;Angleterre ou l&#8217;Italie ont d\u00e9j\u00e0 introduit dans leurs l\u00e9gislations des dispositions relatives \u00e0 l&#8217;obligation de vigilance \u2013 sur la corruption ou les violations des droits. L&#8217;id\u00e9e est que cette loi fasse tache d&#8217;huile. La France, qui concentre une bonne partie des grandes multinationales dans le monde, doit s&#8217;engager.<\/p>\n","protected":false},"excerpt":{"rendered":"<p>Aura-t-il fallu 1.138 morts au Bangladesh pour &#8220;d\u00e9couvrir&#8221; la r\u00e9alit\u00e9 de la production d&#8217;un textile \u00e0 bas prix dans nos rayons\u00a0? Nayla Ajaltouni, du collectif \u00c9thique sur l&#8217;\u00e9tiquette, explique comment lutter contre l&#8217;irresponsabilit\u00e9 des multinationales du secteur et de la grande distribution.<\/p>\n","protected":false},"author":1188,"featured_media":0,"comment_status":"open","ping_status":"open","sticky":false,"template":"","format":"standard","meta":{"_themeisle_gutenberg_block_has_review":false,"footnotes":""},"categories":[8],"tags":[293],"class_list":["post-7643","post","type-post","status-publish","format-standard","hentry","category-economie","tag-entretien"],"_links":{"self":[{"href":"https:\/\/archives.regards.fr\/index.php?rest_route=\/wp\/v2\/posts\/7643","targetHints":{"allow":["GET"]}}],"collection":[{"href":"https:\/\/archives.regards.fr\/index.php?rest_route=\/wp\/v2\/posts"}],"about":[{"href":"https:\/\/archives.regards.fr\/index.php?rest_route=\/wp\/v2\/types\/post"}],"author":[{"embeddable":true,"href":"https:\/\/archives.regards.fr\/index.php?rest_route=\/wp\/v2\/users\/1188"}],"replies":[{"embeddable":true,"href":"https:\/\/archives.regards.fr\/index.php?rest_route=%2Fwp%2Fv2%2Fcomments&post=7643"}],"version-history":[{"count":0,"href":"https:\/\/archives.regards.fr\/index.php?rest_route=\/wp\/v2\/posts\/7643\/revisions"}],"wp:attachment":[{"href":"https:\/\/archives.regards.fr\/index.php?rest_route=%2Fwp%2Fv2%2Fmedia&parent=7643"}],"wp:term":[{"taxonomy":"category","embeddable":true,"href":"https:\/\/archives.regards.fr\/index.php?rest_route=%2Fwp%2Fv2%2Fcategories&post=7643"},{"taxonomy":"post_tag","embeddable":true,"href":"https:\/\/archives.regards.fr\/index.php?rest_route=%2Fwp%2Fv2%2Ftags&post=7643"}],"curies":[{"name":"wp","href":"https:\/\/api.w.org\/{rel}","templated":true}]}}