{"id":7638,"date":"2014-04-07T15:59:37","date_gmt":"2014-04-07T13:59:37","guid":{"rendered":"https:\/\/wp.muchomaas.com\/regards-printemps-2014-version-en7638\/"},"modified":"2014-04-07T15:59:37","modified_gmt":"2014-04-07T13:59:37","slug":"regards-printemps-2014-version-en7638","status":"publish","type":"post","link":"https:\/\/archives.regards.fr\/?p=7638","title":{"rendered":"Regards &#8211; Printemps 2014 \/ Version en ligne"},"content":{"rendered":"<p class=\"post_excerpt\">D\u00e9couvrez la version en ligne de notre dernier trimestriel en cliquant sur l&#8217;image ci-dessous puis en tournant les pages.<\/p>\n<p><strong>SOMMAIRE<\/strong><\/p>\n<ul>\n<li> <strong>Ce printemps<\/strong> Agenda politique, culturel et intellectuel.<\/li>\n<li> <strong>\u00c9dito<\/strong> Le go\u00fbt des autres.<\/li>\n<li> <strong>Bidonvilles<\/strong> Quelles politiques pour en sortir ?<\/li>\n<li> <strong>L&#8217;image<\/strong> Dans le ventre de l\u2019albatros.<\/li>\n<li> <strong>Le mot<\/strong> Invisibles. <\/li>\n<li> <strong>L&#8217;objet politique<\/strong> Le ballon de manif.<\/li>\n<li> <strong>Sortir de l&#8217;Europe<\/strong>\u00a0Enqu\u00eate dans les rangs de la gauche radicale intellectuelle et politique.<\/li>\n<li> <strong>Alexis Tsipras<\/strong> Portrait d\u2019un Grec moderne.<\/li>\n<li> <strong>Europe mauvaise voisine<\/strong> Dans un long entretien, le g\u00e9ographe Pierre Beckouche revient sur les politiques europ\u00e9ennes de voisinage.<\/li>\n<li> <strong>Port-folio<\/strong> \u00c0 la fronti\u00e8re Mexicaine, les Am\u00e9ricains choisissent leur camp : soutenir ou chasser les migrants.<\/li>\n<li> <strong> Socialisme, Fin de Partie<\/strong> Quand Fran\u00e7ois Hollande tombe le masque et assume son social-lib\u00e9ralisme. Un dossier pour comprendre les origines, les fondements et les implications de la nouvelle doxa pr\u00e9sidentielle.<\/li>\n<li> <strong>Pilpa<\/strong> Refusant d\u2019\u00eatre priv\u00e9s de dessert, des salari\u00e9s cr\u00e9ent leur SCOP et renouent avec l\u2019art de la cr\u00e8me glac\u00e9e.<\/li>\n<li> <strong>Travail <\/strong> Une sociologue, un syndicaliste et un dirigeant de SCOP repensent l\u2019\u00e9mancipation au travail.<\/li>\n<li> <strong>Palestine<\/strong> 20 ans apr\u00e8s les accords d\u2019Oslo, les jeunes Palestiniens r\u00e9inventent la r\u00e9sistance.<\/li>\n<li> <strong>Dans l\u2019atelier<\/strong>\u00a0Johnny Montreuil, chanteur nomade, nous re\u00e7oit dans sa carlo.\n<p><iframe loading=\"lazy\" width=\"460\" height=\"260\" src=\"\/\/e.issuu.com\/embed.html#6130135\/7394710\" frameborder=\"0\" allowfullscreen><\/iframe><\/li>\n<\/ul>\n<p><strong>Autre mode de lecture possible<\/strong> : <a href=\"http:\/\/www.sebastienbergerat.com\/regards_printemps_light.pdf\">cliquez ici pour acc\u00e9der \u00e0 la version imprimable (PDF).<\/a><\/p>\n","protected":false},"excerpt":{"rendered":"<p>D\u00e9couvrez la version en ligne de notre dernier trimestriel en cliquant sur l&#8217;image ci-dessous puis en tournant les pages.<\/p>\n","protected":false},"author":643,"featured_media":0,"comment_status":"open","ping_status":"open","sticky":false,"template":"","format":"standard","meta":{"_themeisle_gutenberg_block_has_review":false,"footnotes":""},"categories":[1],"tags":[359],"class_list":["post-7638","post","type-post","status-publish","format-standard","hentry","category-non-classe","tag-exclure-de-la-home"],"_links":{"self":[{"href":"https:\/\/archives.regards.fr\/index.php?rest_route=\/wp\/v2\/posts\/7638","targetHints":{"allow":["GET"]}}],"collection":[{"href":"https:\/\/archives.regards.fr\/index.php?rest_route=\/wp\/v2\/posts"}],"about":[{"href":"https:\/\/archives.regards.fr\/index.php?rest_route=\/wp\/v2\/types\/post"}],"author":[{"embeddable":true,"href":"https:\/\/archives.regards.fr\/index.php?rest_route=\/wp\/v2\/users\/643"}],"replies":[{"embeddable":true,"href":"https:\/\/archives.regards.fr\/index.php?rest_route=%2Fwp%2Fv2%2Fcomments&post=7638"}],"version-history":[{"count":0,"href":"https:\/\/archives.regards.fr\/index.php?rest_route=\/wp\/v2\/posts\/7638\/revisions"}],"wp:attachment":[{"href":"https:\/\/archives.regards.fr\/index.php?rest_route=%2Fwp%2Fv2%2Fmedia&parent=7638"}],"wp:term":[{"taxonomy":"category","embeddable":true,"href":"https:\/\/archives.regards.fr\/index.php?rest_route=%2Fwp%2Fv2%2Fcategories&post=7638"},{"taxonomy":"post_tag","embeddable":true,"href":"https:\/\/archives.regards.fr\/index.php?rest_route=%2Fwp%2Fv2%2Ftags&post=7638"}],"curies":[{"name":"wp","href":"https:\/\/api.w.org\/{rel}","templated":true}]}}