{"id":7616,"date":"2014-03-30T13:29:00","date_gmt":"2014-03-30T11:29:00","guid":{"rendered":"https:\/\/wp.muchomaas.com\/patrice-bessac-repond-a-notre7616\/"},"modified":"2023-06-23T23:16:57","modified_gmt":"2023-06-23T21:16:57","slug":"patrice-bessac-repond-a-notre7616","status":"publish","type":"post","link":"https:\/\/archives.regards.fr\/?p=7616","title":{"rendered":"Patrice Bessac r\u00e9pond \u00e0 notre questionnaire de Proust"},"content":{"rendered":"<p class=\"post_excerpt\">Le nouveau maire de Montreuil, \u00e9lu hier sur la liste Front de gauche, nous r\u00e9pondait dans le num\u00e9ro du e-mensuel de janvier. Son \u00e9lection, une des rares bonnes nouvelles du scrutin, est l&#8217;occasion de (re-)faire connaissance.<\/p>\n<ul>\n<li> <strong>Ma vertu pr\u00e9f\u00e9r\u00e9e<\/strong><\/li>\n<li> La tranquille d\u00e9termination \u00e0 pers\u00e9v\u00e9rer dans son \u00eatre.<br clear=\"all\"><br \/>\n<\/li>\n<\/ul>\n<ul>\n<li> <strong>Ce que j\u2019appr\u00e9cie le plus chez mes ami-e-s<\/strong><\/li>\n<li> Leur fid\u00e9lit\u00e9.<br clear=\"all\"><br \/>\n<\/li>\n<\/ul>\n<ul>\n<li> <strong>Mon principal d\u00e9faut<\/strong><\/li>\n<li> Interrogez mes potes, eux en trouveront une dizaine.<br clear=\"all\"><br \/>\n<\/li>\n<\/ul>\n<ul>\n<li> <strong>Mon occupation pr\u00e9f\u00e9r\u00e9e<\/strong><\/li>\n<li> Avoir le temps de s\u2019ennuyer un peu.<br clear=\"all\"><br \/>\n<\/li>\n<\/ul>\n<ul>\n<li> <strong>Mon r\u00eave de bonheur<\/strong><\/li>\n<li> Les petits bonheurs, c\u2019est \u00e7a le vrai talent.<br clear=\"all\"><br \/>\n<\/li>\n<\/ul>\n<ul>\n<li> <strong>Ce que je voudrais \u00eatre<\/strong><\/li>\n<li> Un trompettiste avec un bon swing.<br clear=\"all\"><br \/>\n<\/li>\n<\/ul>\n<ul>\n<li> <strong>Le pays o\u00f9 je d\u00e9sirerais vivre<\/strong><\/li>\n<li> \u00c0 Istanbul, en Turquie, pour pouvoir philosopher sur mes vieux jours\u2026<br clear=\"all\"><br \/>\n<\/li>\n<\/ul>\n<ul>\n<li> <strong>Ma couleur pr\u00e9f\u00e9r\u00e9e<\/strong><\/li>\n<li> J\u2019en n\u2019ai pas. Pour moi, ce sont les accords qui sont importants. Pas les notes.<br clear=\"all\"><br \/>\n<\/li>\n<\/ul>\n<ul>\n<li> <strong>La fleur que j\u2019aime<\/strong><\/li>\n<li> Le vieux rosier odorant de ma grand-m\u00e8re. Un soir d\u2019\u00e9t\u00e9.<br clear=\"all\"><br \/>\n<\/li>\n<\/ul>\n<ul>\n<li> <strong>Mes auteurs favoris en prose<\/strong><\/li>\n<li> Marguerite Yourcenar pour les <em>M\u00e9moires<\/em>, Pascal pour l\u2019ivresse.<br clear=\"all\"><br \/>\n<\/li>\n<\/ul>\n<ul>\n<li> <strong>Mes h\u00e9ros dans la fiction<\/strong><\/li>\n<li> En vrai, les h\u00e9ros m\u2019ennuient. Je pr\u00e9f\u00e8re Gaston \u00e0 Spirou.<br clear=\"all\"><br \/>\n<\/li>\n<\/ul>\n<ul>\n<li> <strong>Mes h\u00e9ro\u00efnes favorites dans la fiction<\/strong><\/li>\n<li> Mafalda. Une anticipatrice.<br clear=\"all\"><br \/>\n<\/li>\n<\/ul>\n<ul>\n<li> <strong>Mes h\u00e9ros dans la vie r\u00e9elle<\/strong><\/li>\n<li> De Gaulle l\u2019extralucide, les deux Simone Weil.<br clear=\"all\"><br \/>\n<\/li>\n<\/ul>\n<ul>\n<li> <strong>Mes h\u00e9ro\u00efnes de l\u2019histoire<\/strong><\/li>\n<li> <em>\u00ab (\u2026) Camille Claudel, Mam\u00b4zelle Chanel ou l\u2019enrag\u00e9e Louise Michel\u2026 \u00bb<\/em> [[Extrait de la chanson <em>Rimes f\u00e9minines<\/em> de Juliette.]]<br clear=\"all\"><br \/>\n<\/li>\n<\/ul>\n<ul>\n<li> <strong>Ce que je d\u00e9teste par-dessus tout<\/strong><\/li>\n<li> L\u2019impuissance.<br clear=\"all\"><br \/>\n<\/li>\n<\/ul>\n<ul>\n<li> <strong>Personnages historiques que je m\u00e9prise le plus<\/strong><\/li>\n<li> M\u00e9priser, ha\u00efr, c\u2019est d\u00e9j\u00e0 trop leur donner.<br clear=\"all\"><br \/>\n<\/li>\n<\/ul>\n<ul>\n<li> <strong>La r\u00e9forme que j\u2019estime le plus<\/strong><\/li>\n<li> La s\u00e9curit\u00e9 sociale. En 2014, c\u2019est encore r\u00e9volutionnaire.<br clear=\"all\"><br \/>\n<\/li>\n<\/ul>\n<ul>\n<li> <strong>Les fautes qui m\u2019inspirent le plus d\u2019indulgence<\/strong><\/li>\n<li> \u00c0 peu pr\u00e8s toutes\u2026 c\u2019est plut\u00f4t leur r\u00e9p\u00e9tition qui m\u2019exasp\u00e8re.<br clear=\"all\"><br \/>\n<\/li>\n<\/ul>\n<ul>\n<li> <strong>Ma devise<\/strong><\/li>\n<li> \u201cDieu est aveugle et frappe d\u2019orgueil ceux qu\u2019il veut perdre.\u201d \u00c0 se r\u00e9p\u00e9ter tous les jours.<br clear=\"all\"><br \/>\n<\/li>\n<\/ul>\n<ul>\n<li> <strong>Mon \u00e9tat d\u2019esprit actuel<\/strong><\/li>\n<li> Sereinement combatif !<\/li>\n<\/ul>\n<div id='gallery-1' class='gallery galleryid-7616 gallery-columns-3 gallery-size-thumbnail'><figure class='gallery-item'>\n\t\t\t<div class='gallery-icon landscape'>\n\t\t\t\t<a href='https:\/\/archives.regards.fr\/wp-content\/uploads\/2014\/03\/bessac-90a.jpg'><img loading=\"lazy\" decoding=\"async\" width=\"150\" height=\"150\" src=\"https:\/\/archives.regards.fr\/wp-content\/uploads\/2014\/03\/bessac-90a-150x150.jpg\" class=\"attachment-thumbnail size-thumbnail\" alt=\"bessac.jpg\" \/><\/a>\n\t\t\t<\/div><\/figure>\n\t\t<\/div>\n\n","protected":false},"excerpt":{"rendered":"<p>Le nouveau maire de Montreuil, \u00e9lu hier sur la liste Front de gauche, nous r\u00e9pondait dans le num\u00e9ro du e-mensuel de janvier. Son \u00e9lection, une des rares bonnes nouvelles du scrutin, est l&#8217;occasion de (re-)faire connaissance.<\/p>\n","protected":false},"author":1,"featured_media":20014,"comment_status":"open","ping_status":"open","sticky":false,"template":"","format":"standard","meta":{"_themeisle_gutenberg_block_has_review":false,"footnotes":""},"categories":[1],"tags":[],"class_list":["post-7616","post","type-post","status-publish","format-standard","has-post-thumbnail","hentry","category-non-classe"],"_links":{"self":[{"href":"https:\/\/archives.regards.fr\/index.php?rest_route=\/wp\/v2\/posts\/7616","targetHints":{"allow":["GET"]}}],"collection":[{"href":"https:\/\/archives.regards.fr\/index.php?rest_route=\/wp\/v2\/posts"}],"about":[{"href":"https:\/\/archives.regards.fr\/index.php?rest_route=\/wp\/v2\/types\/post"}],"author":[{"embeddable":true,"href":"https:\/\/archives.regards.fr\/index.php?rest_route=\/wp\/v2\/users\/1"}],"replies":[{"embeddable":true,"href":"https:\/\/archives.regards.fr\/index.php?rest_route=%2Fwp%2Fv2%2Fcomments&post=7616"}],"version-history":[{"count":0,"href":"https:\/\/archives.regards.fr\/index.php?rest_route=\/wp\/v2\/posts\/7616\/revisions"}],"wp:featuredmedia":[{"embeddable":true,"href":"https:\/\/archives.regards.fr\/index.php?rest_route=\/wp\/v2\/media\/20014"}],"wp:attachment":[{"href":"https:\/\/archives.regards.fr\/index.php?rest_route=%2Fwp%2Fv2%2Fmedia&parent=7616"}],"wp:term":[{"taxonomy":"category","embeddable":true,"href":"https:\/\/archives.regards.fr\/index.php?rest_route=%2Fwp%2Fv2%2Fcategories&post=7616"},{"taxonomy":"post_tag","embeddable":true,"href":"https:\/\/archives.regards.fr\/index.php?rest_route=%2Fwp%2Fv2%2Ftags&post=7616"}],"curies":[{"name":"wp","href":"https:\/\/api.w.org\/{rel}","templated":true}]}}