{"id":7594,"date":"2014-03-24T16:21:22","date_gmt":"2014-03-24T15:21:22","guid":{"rendered":"https:\/\/wp.muchomaas.com\/valles-une-vie-de-combats7594\/"},"modified":"2014-03-24T16:21:22","modified_gmt":"2014-03-24T15:21:22","slug":"valles-une-vie-de-combats7594","status":"publish","type":"post","link":"https:\/\/archives.regards.fr\/?p=7594","title":{"rendered":"Vall\u00e8s, une vie de combats"},"content":{"rendered":"<p class=\"post_excerpt\">En politique comme en litt\u00e9rature, Jules Vall\u00e8s a gagn\u00e9 \u00e0 tout perdre.<\/p>\n<p>S&#8217;attaquer \u00e0 la biographie de Jules Vall\u00e8s, c&#8217;est se mesurer \u00e0 un rival redoutable\u00a0: Jules Vall\u00e8s lui-m\u00eame, auteur de la trilogie Jacques Vingtras, transcription romanesque de sa propre existence \u2013 qu&#8217;il a aussi projet\u00e9e dans quelques autres doubles au fil de ses \u00e9crits. Mais en arbitrant entre son orgueil et sa pudeur (son extraordinaire capacit\u00e9 d&#8217;autod\u00e9rision correspondant aussi \u00e0 sa d\u00e9testation des cultes vou\u00e9s aux grandes figures litt\u00e9raires), l&#8217;auteur de <em>L&#8217;Enfant<\/em> a suffisamment brouill\u00e9 les pistes pour qu&#8217;il vaille la peine de les d\u00e9m\u00ealer, et surtout d&#8217;expliquer comment il s&#8217;est construit en tant qu&#8217;homme public et en tant qu&#8217;\u00e9crivain. <\/p>\n<p>Aussi les partis pris de Corinne Saminadayar-Perrin, normalienne impr\u00e9gn\u00e9e de la sociologie de Pierre Bourdieu, sont-ils particuli\u00e8rement adapt\u00e9s \u00e0 l&#8217;objet de son ouvrage\u00a0: renon\u00e7ant \u00e0 seulement dresser le portrait du personnage \u00e0 coups d&#8217;anecdotes et de t\u00e9moignages, elle s&#8217;attache d&#8217;abord \u00e0 reconstituer sa trajectoire sociale sous le prisme des rapports entre presse et litt\u00e9rature, au cours d&#8217;un Second empire qui maintenait ses opposants dans l&#8217;indigence mat\u00e9rielle et leur interdisait d&#8217;aborder frontalement la politique. Le tableau de cette jeunesse dont la jeunesse fut confisqu\u00e9e, de ces<em> \u00ab\u00a0for\u00e7ats de l&#8217;imprim\u00e9 \u00bb<\/em> vou\u00e9s \u00e0 des t\u00e2ches avilissantes tend un miroir sans piti\u00e9 aux illusions de la &#8220;vie de Boh\u00eame&#8221; et aux r\u00eaves de grandeur inspir\u00e9s des personnages de Balzac, qui impr\u00e9gnaient alors les esprits.<\/p>\n<p>En inventant de nouvelles formes de journalisme, en donnant la parole \u2013 si longtemps avant <em>La Mis\u00e8re du monde<\/em> ou le Parlement des invisibles \u2013 aux opprim\u00e9s et aux oubli\u00e9s, en repartant toujours au combat sans c\u00e9der aux compromissions par lesquelles le r\u00e9gime assurait sa tranquillit\u00e9, Vall\u00e8s tra\u00e7a son chemin aussi bien en politique qu&#8217;en litt\u00e9rature (lui qui disait avoir voulu ne s&#8217;adonner qu&#8217;\u00e0 la premi\u00e8re, et de n&#8217;avoir fait de la seconde qu&#8217;\u00e0 son corps d\u00e9fendant).<\/p>\n<p>Reconstituer la vie de Vall\u00e8s, r\u00e9fractaire sous Napol\u00e9on le petit, proscrit sous la R\u00e9publique de l&#8217;Ordre, c&#8217;est aussi faire la somme de ses souffrances. Pour autant, c&#8217;est sa vitalit\u00e9 de bon vivant fier de ses origines rurales, son d\u00e9sir de lutte qui le portent tout au long de ces ann\u00e9es. Il ne connut qu&#8217;une br\u00e8ve parenth\u00e8se enchant\u00e9e, bien que finalement tragique : l&#8217;heure de la Commune, celle de la revanche et du remboursement de ses peines, dans laquelle il se jeta \u00e0 corps perdu, sans craindre ni le sacrifice ni l&#8217;opprobre de ceux qui l&#8217;estimaient comme \u00e9crivain, tels Maxime Du Camp ou Edmond de Goncourt. Revenu dix ans plus tard d&#8217;un exil cruel, Vall\u00e8s n&#8217;en avait pas fini avec ses ennemis\u00a0: s&#8217;il reprit sa place dans le champ litt\u00e9raire et journalistique, la pr\u00e9fecture disputa encore \u00e0 la maladie le droit de pr\u00e9cipiter sa fin en menant une perquisition brutale \u00e0 son dernier domicile. Ses combats s&#8217;achevaient, pas son h\u00e9ritage.<\/p>\n<p><em>Jules Vall\u00e8s<\/em>, par Corinne Saminadayar-Perrin, \u00e9d. Folio biographies, 425 pages, 11,70 euros.<\/p>\n","protected":false},"excerpt":{"rendered":"<p>En politique comme en litt\u00e9rature, Jules Vall\u00e8s a gagn\u00e9 \u00e0 tout perdre.<\/p>\n","protected":false},"author":1188,"featured_media":19979,"comment_status":"open","ping_status":"open","sticky":false,"template":"","format":"standard","meta":{"_themeisle_gutenberg_block_has_review":false,"footnotes":""},"categories":[111],"tags":[396],"class_list":["post-7594","post","type-post","status-publish","format-standard","has-post-thumbnail","hentry","category-nos-selections","tag-livre"],"_links":{"self":[{"href":"https:\/\/archives.regards.fr\/index.php?rest_route=\/wp\/v2\/posts\/7594","targetHints":{"allow":["GET"]}}],"collection":[{"href":"https:\/\/archives.regards.fr\/index.php?rest_route=\/wp\/v2\/posts"}],"about":[{"href":"https:\/\/archives.regards.fr\/index.php?rest_route=\/wp\/v2\/types\/post"}],"author":[{"embeddable":true,"href":"https:\/\/archives.regards.fr\/index.php?rest_route=\/wp\/v2\/users\/1188"}],"replies":[{"embeddable":true,"href":"https:\/\/archives.regards.fr\/index.php?rest_route=%2Fwp%2Fv2%2Fcomments&post=7594"}],"version-history":[{"count":0,"href":"https:\/\/archives.regards.fr\/index.php?rest_route=\/wp\/v2\/posts\/7594\/revisions"}],"wp:featuredmedia":[{"embeddable":true,"href":"https:\/\/archives.regards.fr\/index.php?rest_route=\/wp\/v2\/media\/19979"}],"wp:attachment":[{"href":"https:\/\/archives.regards.fr\/index.php?rest_route=%2Fwp%2Fv2%2Fmedia&parent=7594"}],"wp:term":[{"taxonomy":"category","embeddable":true,"href":"https:\/\/archives.regards.fr\/index.php?rest_route=%2Fwp%2Fv2%2Fcategories&post=7594"},{"taxonomy":"post_tag","embeddable":true,"href":"https:\/\/archives.regards.fr\/index.php?rest_route=%2Fwp%2Fv2%2Ftags&post=7594"}],"curies":[{"name":"wp","href":"https:\/\/api.w.org\/{rel}","templated":true}]}}