{"id":7591,"date":"2014-03-23T20:25:25","date_gmt":"2014-03-23T19:25:25","guid":{"rendered":"https:\/\/wp.muchomaas.com\/en-direct-des-municipales7591\/"},"modified":"2023-06-23T23:16:54","modified_gmt":"2023-06-23T21:16:54","slug":"en-direct-des-municipales7591","status":"publish","type":"post","link":"https:\/\/archives.regards.fr\/?p=7591","title":{"rendered":"En direct des municipales"},"content":{"rendered":"<p class=\"post_excerpt\">Le fil rouge de la soir\u00e9e \u00e9lectorale, avec les estimations et les r\u00e9sultats qui nous parviennent des bureaux de vote.<\/p>\n<p>00h15<br \/>\n<br \/>\n<strong>Tremblay-en-France<\/strong> : Fran\u00e7ois Asensi (FdG) r\u00e9\u00e9lu (68,7%).<\/p>\n<p><em>00h10<br \/>\n<\/em><br \/>\n<br \/>\n<strong>Aubervilliers<\/strong><br \/>\nFdG : 32,9%<br \/>\nPS : 32,13%<br \/>\nUMP : 13%<br \/>\nJeunes : 7%<br \/>\nUDI : 7%<br \/>\nExtr\u00eame droite : 4%<br \/>\nLO : 3% <\/p>\n<p><em>00h05<\/em><br \/>\n<br \/>\n<strong>Corbeil-Essonne<br \/>\n<\/strong><br \/>\nBruno Piriou (FdG) : 23%, en t\u00eate des opposants au maire UMP Jean-Pierre Bechter (45%).<\/p>\n<p><em>23h55<br \/>\n<\/em><br \/>\n<br \/>\n<strong>Sevran<\/strong><br \/>\nSt\u00e9phane Gatignon (EELV) : 42%<br \/>\nCl\u00e9mentine Autain (Front de gauche) : 25%<\/p>\n<p><em>23h43<\/em><br \/>\n<br \/>\n<strong>Saint-Denis<\/strong> (d\u00e9finitif)<br \/>\nFdG : 40,2%<br \/>\nPS : 34,3%<br \/>\nDroite : 12% sur deux listes (4,9% + 8%)<br \/>\nPS dissident : 7,7%<br \/>\nExt gauch : 2,7% + 2,12%<\/p>\n<p><em>23h29<\/em><br \/>\n<br \/>\n<strong>Bobigny<\/strong> (d\u00e9finitif)<br \/>\nFront de gauche (Catherine Peyge) : 40,39%<br \/>\nUMP : 43,95%<br \/>\nMoDem :10,96%<br \/>\nLO : 4,69%<\/p>\n<p><em>23h16<br \/>\n<\/em><br \/>\n<br \/>\n<strong>Villeneuve-Saint-Georges<br \/>\n<\/strong><br \/>\nFdG (sortant) : 38%<br \/>\nFN: 25%<br \/>\nDroite : 35%<\/p>\n<p><em>23h09<\/em><br \/>\n<br \/>\n<strong>Bobigny<\/strong><br \/>\nFdG : 40%<br \/>\nLO : 5%<br \/>\nDroite : 43%<br \/>\nDissident droite : 12%<\/p>\n<p><em>22h58<\/em><br \/>\n<br \/>\n<strong>Saint-Ouen<br \/>\n<\/strong><br \/>\nDroite : 35%<br \/>\nFdG : 33%<br \/>\nPS : 27%<\/p>\n<p><em>22h57<\/em><br \/>\n<br \/>\n<strong>R\u00e9sultats diverses listes Front de gauche<br \/>\n<\/strong><br \/>\nChampigny : 44%<br \/>\nVitry : 48%<br \/>\nVillejuif : 35%<br \/>\nFontenay : 48,5%<\/p>\n<p><em>22h54<\/em><br \/>\n<br \/>\n<strong>Montreuil<\/strong> (d\u00e9finitif)<br \/>\nBessac : 18,5%<br \/>\nBrard : 24,7%<br \/>\nEELV : 15,6%<br \/>\nUMP : 16%<br \/>\nPS : officiel 9,59%<br \/>\nVipre : 10%<\/p>\n<p><em>22h28<\/em><br \/>\n<br \/>\n<strong>Montreuil<\/strong> (sur 41 bureaux &#8211; exprim\u00e9s 22.889)<br \/>\nPS : 9,65%<br \/>\nUMP : 16,6%<br \/>\nVipre : 10,58%<br \/>\nFdG : 18,19%<br \/>\nBrard : 25,89%<br \/>\nEELV : 14,5%<\/p>\n<p><em>22h15<\/em><br \/>\n<br \/>\n<strong>Municipalit\u00e9s Front de Gauche reconduites au premier tour:<br \/>\n<\/strong><br \/>\n<br \/>\nBagneux : autour de 60%<br \/>\n<br \/>\nNanterre : 52 a 54%<br \/>\n<br \/>\nGenneviliers : 61%<br \/>\n<br \/>\nIvry : 50,1%<\/p>\n<p><em>22h12<\/em><br \/>\n<br \/>\n<strong>Fontenay<\/strong><br \/>\nFdG : 49%<br \/>\nDroite : 30%<br \/>\nPS : 13%<br \/>\nModem : 8%<\/p>\n<p><em>21h59<\/em><br \/>\n<br \/>\n<strong>Montreuil<\/strong> (sur 13 bureaux)<br \/>\nBrard : 22%<br \/>\nBessac : 19%<br \/>\nEELV : 17%<br \/>\nUMP : 17%<br \/>\nViprey : 11%<br \/>\nHamadi : 9,7%<br \/>\nNPA : 1,9%<\/p>\n<p><em>21h45<\/em><br \/>\n<br \/>\n<strong>Rennes<\/strong> (definitif)<br \/>\nPS : 35%<br \/>\nDroite : 29%<br \/>\nEELV+FdG : 15%<\/p>\n<p><em>21h17<\/em><br \/>\n<br \/>\n<strong>Bagnolet<\/strong> (definitif)<br \/>\nLaurent Jamet (PC\/PS): 21,26<br \/>\nToni di Martino (PS): 21,25<br \/>\nMireille Ferry (EELV): 17,93<br \/>\nMarc Everbecq (maire sortant): 15,84<br \/>\nMohamed Hakem (Citoyen + Ensemble): 10,4<br \/>\nDroite : 10,23<\/p>\n<p><em>20h49<\/em><br \/>\n<br \/>\n<strong>Vitrolles<\/strong><br \/>\nPS : 34%<br \/>\nFN : 25%<br \/>\nUMP : 18%<br \/>\nFdG : 9%<\/p>\n<p><em>20h40<\/em><br \/>\n<br \/>\n<strong>Fr\u00e9jus<\/strong><br \/>\nFN : 40%<br \/>\nUMP : 18<br \/>\nPS : 16%<\/p>\n<p><em>20h34<\/em><br \/>\n<br \/>\n<strong>Aubagne<\/strong><br \/>\nPS-FdG : 37%<br \/>\nFN : 21%<br \/>\nDroite : 40%<\/p>\n<p><em>20h25<\/em><br \/>\n<br \/>\n<strong>Saint-\u00c9tienne<br \/>\n<\/strong><br \/>\nDroite : 36%<br \/>\nPS : 31%<br \/>\nFN : 19%<br \/>\nEELV : 5%<br \/>\nFdG : < 5%\n\n<em>20h12<\/em><br \/>\n<br \/>\n<strong>Paris<\/strong><br \/>\nLa liste Simonnet (Parti de gauche) serait \u00e0 5-6%<br \/>\nNathalie Kosciusko-Morizet : 34-36%<br \/>\nAnne Hidalgo : 36-39%<br \/>\nFN : 8%<\/p>\n<p><em>20h08<\/em><br \/>\n<br \/>\n<strong>Brignolles<\/strong><br \/>\nFN : 37%<br \/>\nUMP : 33%<br \/>\nPS-FdG : 27%<\/p>\n<p><em>20h06<\/em><br \/>\n<br \/>\n<strong>Avignon<\/strong><br \/>\nFN : 32%<br \/>\nPS : 28%<br \/>\nUMP : 21%.<div id='gallery-1' class='gallery galleryid-7591 gallery-columns-3 gallery-size-thumbnail'><figure class='gallery-item'>\n\t\t\t<div class='gallery-icon landscape'>\n\t\t\t\t<a href='https:\/\/archives.regards.fr\/wp-content\/uploads\/2014\/03\/mairie-direct-387.jpg'><img loading=\"lazy\" decoding=\"async\" width=\"150\" height=\"150\" src=\"https:\/\/archives.regards.fr\/wp-content\/uploads\/2014\/03\/mairie-direct-387-150x150.jpg\" class=\"attachment-thumbnail size-thumbnail\" alt=\"mairie-direct.jpg\" \/><\/a>\n\t\t\t<\/div><\/figure>\n\t\t<\/div>\n<\/p>\n","protected":false},"excerpt":{"rendered":"<p>Le fil rouge de la soir\u00e9e \u00e9lectorale, avec les estimations et les r\u00e9sultats qui nous parviennent des bureaux de vote.<\/p>\n","protected":false},"author":643,"featured_media":19975,"comment_status":"open","ping_status":"open","sticky":false,"template":"","format":"standard","meta":{"_themeisle_gutenberg_block_has_review":false,"footnotes":""},"categories":[6],"tags":[467],"class_list":["post-7591","post","type-post","status-publish","format-standard","has-post-thumbnail","hentry","category-actu","tag-municipales-2014"],"_links":{"self":[{"href":"https:\/\/archives.regards.fr\/index.php?rest_route=\/wp\/v2\/posts\/7591","targetHints":{"allow":["GET"]}}],"collection":[{"href":"https:\/\/archives.regards.fr\/index.php?rest_route=\/wp\/v2\/posts"}],"about":[{"href":"https:\/\/archives.regards.fr\/index.php?rest_route=\/wp\/v2\/types\/post"}],"author":[{"embeddable":true,"href":"https:\/\/archives.regards.fr\/index.php?rest_route=\/wp\/v2\/users\/643"}],"replies":[{"embeddable":true,"href":"https:\/\/archives.regards.fr\/index.php?rest_route=%2Fwp%2Fv2%2Fcomments&post=7591"}],"version-history":[{"count":0,"href":"https:\/\/archives.regards.fr\/index.php?rest_route=\/wp\/v2\/posts\/7591\/revisions"}],"wp:featuredmedia":[{"embeddable":true,"href":"https:\/\/archives.regards.fr\/index.php?rest_route=\/wp\/v2\/media\/19975"}],"wp:attachment":[{"href":"https:\/\/archives.regards.fr\/index.php?rest_route=%2Fwp%2Fv2%2Fmedia&parent=7591"}],"wp:term":[{"taxonomy":"category","embeddable":true,"href":"https:\/\/archives.regards.fr\/index.php?rest_route=%2Fwp%2Fv2%2Fcategories&post=7591"},{"taxonomy":"post_tag","embeddable":true,"href":"https:\/\/archives.regards.fr\/index.php?rest_route=%2Fwp%2Fv2%2Ftags&post=7591"}],"curies":[{"name":"wp","href":"https:\/\/api.w.org\/{rel}","templated":true}]}}