{"id":759,"date":"2023-03-01T13:54:13","date_gmt":"2023-03-01T12:54:13","guid":{"rendered":"https:\/\/wp.muchomaas.com\/breve-olivier-veran-759\/"},"modified":"2023-03-01T13:54:13","modified_gmt":"2023-03-01T12:54:13","slug":"breve-olivier-veran-759","status":"publish","type":"post","link":"https:\/\/archives.regards.fr\/?p=759","title":{"rendered":"Olivier V\u00e9ran"},"content":{"rendered":"<p><em>\u00ab Mettre le pays \u00e0 l&#8217;arr\u00eat, ce serait mettre en danger la sant\u00e9 de nos enfants, rater le train du futur. \u00bb<\/em> (01\/03\/2023)<\/p>\n","protected":false},"excerpt":{"rendered":"<p>\u00ab Mettre le pays \u00e0 l&#8217;arr\u00eat, ce serait mettre en danger la sant\u00e9 de nos enfants, rater le train du futur. \u00bb (01\/03\/2023)<\/p>\n","protected":false},"author":1,"featured_media":0,"comment_status":"open","ping_status":"open","sticky":false,"template":"","format":"standard","meta":{"_themeisle_gutenberg_block_has_review":false,"footnotes":""},"categories":[284],"tags":[],"class_list":["post-759","post","type-post","status-publish","format-standard","hentry","category-declarama-breves"],"_links":{"self":[{"href":"https:\/\/archives.regards.fr\/index.php?rest_route=\/wp\/v2\/posts\/759","targetHints":{"allow":["GET"]}}],"collection":[{"href":"https:\/\/archives.regards.fr\/index.php?rest_route=\/wp\/v2\/posts"}],"about":[{"href":"https:\/\/archives.regards.fr\/index.php?rest_route=\/wp\/v2\/types\/post"}],"author":[{"embeddable":true,"href":"https:\/\/archives.regards.fr\/index.php?rest_route=\/wp\/v2\/users\/1"}],"replies":[{"embeddable":true,"href":"https:\/\/archives.regards.fr\/index.php?rest_route=%2Fwp%2Fv2%2Fcomments&post=759"}],"version-history":[{"count":0,"href":"https:\/\/archives.regards.fr\/index.php?rest_route=\/wp\/v2\/posts\/759\/revisions"}],"wp:attachment":[{"href":"https:\/\/archives.regards.fr\/index.php?rest_route=%2Fwp%2Fv2%2Fmedia&parent=759"}],"wp:term":[{"taxonomy":"category","embeddable":true,"href":"https:\/\/archives.regards.fr\/index.php?rest_route=%2Fwp%2Fv2%2Fcategories&post=759"},{"taxonomy":"post_tag","embeddable":true,"href":"https:\/\/archives.regards.fr\/index.php?rest_route=%2Fwp%2Fv2%2Ftags&post=759"}],"curies":[{"name":"wp","href":"https:\/\/api.w.org\/{rel}","templated":true}]}}