{"id":7582,"date":"2014-03-19T15:08:25","date_gmt":"2014-03-19T14:08:25","guid":{"rendered":"https:\/\/wp.muchomaas.com\/italie-le-double-discours-de7582\/"},"modified":"2023-06-23T23:16:53","modified_gmt":"2023-06-23T21:16:53","slug":"italie-le-double-discours-de7582","status":"publish","type":"post","link":"https:\/\/archives.regards.fr\/?p=7582","title":{"rendered":"Italie : le double discours de Matteo Renzi"},"content":{"rendered":"<p class=\"post_excerpt\">En lan\u00e7ant un plan de relance massif sans craindre de creuser les d\u00e9ficits publics, le nouveau pr\u00e9sident du Conseil italien donne l&#8217;impression de rompre avec les politiques d&#8217;aust\u00e9rit\u00e9. Mais derri\u00e8re les effets d&#8217;annonce, \u00e0 quel degr\u00e9 d&#8217;audace faut-il vraiment s&#8217;attendre\u00a0?<\/p>\n<p>Si l&#8217;Italie n&#8217;est pas encore le premier pays europ\u00e9en \u00e0 dire non au diktat de l&#8217;aust\u00e9rit\u00e9, Matteo Renzi, le tout nouveau pr\u00e9sident du conseil italien, a en tout cas frapp\u00e9 fort jeudi 13 mars en qualifiant le pacte de stabilit\u00e9 de \u00ab\u00a0pacte de stupidit\u00e9\u00a0\u00bb. Et ce n&#8217;\u00e9tait pas tout \u00e0 fait des paroles en l&#8217;air. <\/p>\n<h2>&#8220;Tony Blair italien&#8221;<\/h2>\n<p>La veille de ses d\u00e9clarations du 13 mars, l&#8217;ancien maire charismatique de Florence avait annonc\u00e9 un plan de relance de 90 milliards d&#8217;euros. Au programme : &#8220;10 milliards d&#8217;euros pour 10 millions d&#8217;Italiens&#8221; sous forme de baisses d&#8217;imp\u00f4ts. Les salari\u00e9s gagnant moins de 25.000 euros nets par an pourront esp\u00e9rer un gain maximum de 1.000 euros nets annuels sur leur fiche de paye, l&#8217;imp\u00f4t \u00e9tant pr\u00e9lev\u00e9 \u00e0 la source. Le &#8220;Tony Blair italien&#8221; a par ailleurs promis que l&#8217;\u00c9tat r\u00e9glerait aux entreprises priv\u00e9es ce qu&#8217;il leur doit encore, soit 68 milliards d&#8217;euros. Il s&#8217;est \u00e9galement engag\u00e9 sur un plan de r\u00e9novation des \u00e9coles italiennes (3,5 milliards d&#8217;euros). Enfin, pour les jeunes de dix-huit \u00e0 vingt-neuf ans, un fonds de 1,7 milliard d&#8217;euros financera la poursuite des \u00e9tudes ou la recherche d&#8217;un emploi.<\/p>\n<p>Surtout, pour financer ces mesures, le Toscan ne compte pas seulement sur une r\u00e9duction des d\u00e9penses publiques, il entend \u00e9galement profiter de la baisse des taux de la dette italienne pour emprunter davantage sur les march\u00e9s, quitte \u00e0 laisser filer le d\u00e9ficit public de 2,6% actuellement \u00e0 3%. Une d\u00e9marche culott\u00e9e, sachant que la dette publique de l&#8217;Italie, la deuxi\u00e8me plus importante en Europe apr\u00e8s celle de la Gr\u00e8ce, s&#8217;\u00e9l\u00e8ve \u00e0 133% du PIB, et que la Commission europ\u00e9enne a plac\u00e9 l&#8217;Italie sous surveillance renforc\u00e9e, estimant que la p\u00e9ninsule faisait face \u00e0 des &#8220;d\u00e9s\u00e9quilibres excessifs&#8221; persistants. <\/p>\n<p>L&#8217;annonce de Renzi repr\u00e9sente donc un tournant notable pour un pays qui encha\u00eene depuis 2009 des plans de rigueur. Si le PIB italien a cr\u00fb au dernier trimestre 2013 de 0,1 %, il a recul\u00e9 de 9 % en trois ans, tandis que le taux de ch\u00f4mage atteint 12,9% \u2013 le plus \u00e9lev\u00e9 depuis 1977.<\/p>\n<h2>Merkel \u00ab\u00a0tr\u00e8s impressionn\u00e9e\u00a0\u00bb<\/h2>\n<p>Il ne faudrait pas s&#8217;emballer trop vite, cependant. Si Renzi remet en cause \u2013 dans une certaine mesure \u2013 le dogme de l&#8217;aust\u00e9rit\u00e9, il ne s&#8217;\u00e9carte certainement pas de l&#8217;orthodoxie bruxelloise en mati\u00e8re de r\u00e9formes structurelles. Le reste de son programme rel\u00e8ve d&#8217;une politique de l&#8217;offre on ne peut plus classique : baisse de la taxe professionnelle de 10 % pour les PME, flexibilisation du march\u00e9 du travail avec l&#8217;extension de la dur\u00e9e des CDD de un \u00e0 trois ans\u2026<\/p>\n<p>On comprend mieux, alors, qu&#8217;Angela Merkel se soit dite \u00ab\u00a0tr\u00e8s impressionn\u00e9e\u00a0\u00bb par les projets du nouveau chef de gouvernement, venu ce lundi \u00e0 Berlin pour pr\u00e9senter son programme. Il faut dire aussi que Renzi s&#8217;est montr\u00e9 moins v\u00e9h\u00e9ment une fois en pr\u00e9sence de la chanceli\u00e8re allemande. <em>\u00ab\u00a0Nous respectons tous les crit\u00e8res, l&#8217;Italie ne veut pas s&#8217;en \u00e9carter, ne demande rien, ne veut pas changer les r\u00e8gles, nous les avons \u00e9labor\u00e9es ensemble et elles sont tr\u00e8s importantes \u00bb<\/em>, a-t-il plaid\u00e9, avant d&#8217;ajouter que l&#8217;Allemagne \u00e9tait pour l&#8217;Italie <em>\u00ab\u00a0le partenaire num\u00e9ro un, un partenaire privil\u00e9gi\u00e9\u00a0\u00bb<\/em>, de m\u00eame qu&#8217;une <em>\u00ab\u00a0r\u00e9f\u00e9rence\u00a0\u00bb<\/em> en mati\u00e8re de r\u00e9forme du march\u00e9 du travail\u2026<\/p>\n<p>Comment comprendre ce double discours\u00a0? \u00c9tant parvenu au pouvoir en f\u00e9vrier \u00e0 la suite d&#8217;un putsch interne au Parti d\u00e9mocrate, Renzi n&#8217;a pour le moment pas plus de l\u00e9gitimit\u00e9 d\u00e9mocratique que ses deux pr\u00e9d\u00e9cesseurs, Mario Monti et Enrico Letta. Il essuie par ailleurs des critiques au sein de son parti \u00e0 cause de l&#8217;alliance qu&#8217;il a nou\u00e9e en janvier avec son principal opposant, l&#8217;ancien pr\u00e9sident du Conseil Silvio Berlusconi, pour mettre en place une r\u00e9forme \u00e9lectorale cr\u00e9ant un syst\u00e8me hypermajoritaire \u00e0 deux tours. Les \u00e9lections europ\u00e9ennes vont constituer un test politique redoutable. Le jeune chef de gouvernement doit donner des gages \u00e0 l\u2019\u00e9lectorat de gauche. Car si son parti perd le 25 mai, Renzi pourrait \u00e0 son tour \u00eatre pouss\u00e9 vers la sortie.<br \/>\n<div id='gallery-1' class='gallery galleryid-7582 gallery-columns-3 gallery-size-thumbnail'><figure class='gallery-item'>\n\t\t\t<div class='gallery-icon landscape'>\n\t\t\t\t<a href='https:\/\/archives.regards.fr\/wp-content\/uploads\/2014\/03\/renzi-8e2.jpg'><img loading=\"lazy\" decoding=\"async\" width=\"150\" height=\"150\" src=\"https:\/\/archives.regards.fr\/wp-content\/uploads\/2014\/03\/renzi-8e2-150x150.jpg\" class=\"attachment-thumbnail size-thumbnail\" alt=\"renzi.jpg\" \/><\/a>\n\t\t\t<\/div><\/figure>\n\t\t<\/div>\n<\/p>\n","protected":false},"excerpt":{"rendered":"<p>En lan\u00e7ant un plan de relance massif sans craindre de creuser les d\u00e9ficits publics, le nouveau pr\u00e9sident du Conseil italien donne l&#8217;impression de rompre avec les politiques d&#8217;aust\u00e9rit\u00e9. Mais derri\u00e8re les effets d&#8217;annonce, \u00e0 quel degr\u00e9 d&#8217;audace faut-il vraiment s&#8217;attendre\u00a0?<\/p>\n","protected":false},"author":1098,"featured_media":19967,"comment_status":"open","ping_status":"open","sticky":false,"template":"","format":"standard","meta":{"_themeisle_gutenberg_block_has_review":false,"footnotes":""},"categories":[157],"tags":[458],"class_list":["post-7582","post","type-post","status-publish","format-standard","has-post-thumbnail","hentry","category-web","tag-italie"],"_links":{"self":[{"href":"https:\/\/archives.regards.fr\/index.php?rest_route=\/wp\/v2\/posts\/7582","targetHints":{"allow":["GET"]}}],"collection":[{"href":"https:\/\/archives.regards.fr\/index.php?rest_route=\/wp\/v2\/posts"}],"about":[{"href":"https:\/\/archives.regards.fr\/index.php?rest_route=\/wp\/v2\/types\/post"}],"author":[{"embeddable":true,"href":"https:\/\/archives.regards.fr\/index.php?rest_route=\/wp\/v2\/users\/1098"}],"replies":[{"embeddable":true,"href":"https:\/\/archives.regards.fr\/index.php?rest_route=%2Fwp%2Fv2%2Fcomments&post=7582"}],"version-history":[{"count":0,"href":"https:\/\/archives.regards.fr\/index.php?rest_route=\/wp\/v2\/posts\/7582\/revisions"}],"wp:featuredmedia":[{"embeddable":true,"href":"https:\/\/archives.regards.fr\/index.php?rest_route=\/wp\/v2\/media\/19967"}],"wp:attachment":[{"href":"https:\/\/archives.regards.fr\/index.php?rest_route=%2Fwp%2Fv2%2Fmedia&parent=7582"}],"wp:term":[{"taxonomy":"category","embeddable":true,"href":"https:\/\/archives.regards.fr\/index.php?rest_route=%2Fwp%2Fv2%2Fcategories&post=7582"},{"taxonomy":"post_tag","embeddable":true,"href":"https:\/\/archives.regards.fr\/index.php?rest_route=%2Fwp%2Fv2%2Ftags&post=7582"}],"curies":[{"name":"wp","href":"https:\/\/api.w.org\/{rel}","templated":true}]}}