{"id":758,"date":"2023-02-08T13:43:48","date_gmt":"2023-02-08T12:43:48","guid":{"rendered":"https:\/\/wp.muchomaas.com\/breve-herve-marseille-president-de-l-udi\/"},"modified":"2023-02-08T13:43:48","modified_gmt":"2023-02-08T12:43:48","slug":"breve-herve-marseille-president-de-l-udi","status":"publish","type":"post","link":"https:\/\/archives.regards.fr\/?p=758","title":{"rendered":"Herv\u00e9 Marseille, pr\u00e9sident de l&#8217;UDI"},"content":{"rendered":"<p><em>\u00ab L&#8217;image que donne en particulier LFI est absolument effrayante. Transformer l&#8217;Assembl\u00e9e nationale en camp de gitans&#8230; Ce n&#8217;est pas les Saintes-Marie-de-la-mer ! Il faut arr\u00eater de donner ce spectacle et de d\u00e9grader cette R\u00e9publique. \u00bb<\/em> (08\/02\/2023, Radio J)<\/p>\n","protected":false},"excerpt":{"rendered":"<p>\u00ab L&#8217;image que donne en particulier LFI est absolument effrayante. Transformer l&#8217;Assembl\u00e9e nationale en camp de gitans&#8230; Ce n&#8217;est pas les Saintes-Marie-de-la-mer ! Il faut arr\u00eater de donner ce spectacle et de d\u00e9grader cette R\u00e9publique. \u00bb (08\/02\/2023, Radio J)<\/p>\n","protected":false},"author":1,"featured_media":0,"comment_status":"open","ping_status":"open","sticky":false,"template":"","format":"standard","meta":{"_themeisle_gutenberg_block_has_review":false,"footnotes":""},"categories":[284],"tags":[],"class_list":["post-758","post","type-post","status-publish","format-standard","hentry","category-declarama-breves"],"_links":{"self":[{"href":"https:\/\/archives.regards.fr\/index.php?rest_route=\/wp\/v2\/posts\/758","targetHints":{"allow":["GET"]}}],"collection":[{"href":"https:\/\/archives.regards.fr\/index.php?rest_route=\/wp\/v2\/posts"}],"about":[{"href":"https:\/\/archives.regards.fr\/index.php?rest_route=\/wp\/v2\/types\/post"}],"author":[{"embeddable":true,"href":"https:\/\/archives.regards.fr\/index.php?rest_route=\/wp\/v2\/users\/1"}],"replies":[{"embeddable":true,"href":"https:\/\/archives.regards.fr\/index.php?rest_route=%2Fwp%2Fv2%2Fcomments&post=758"}],"version-history":[{"count":0,"href":"https:\/\/archives.regards.fr\/index.php?rest_route=\/wp\/v2\/posts\/758\/revisions"}],"wp:attachment":[{"href":"https:\/\/archives.regards.fr\/index.php?rest_route=%2Fwp%2Fv2%2Fmedia&parent=758"}],"wp:term":[{"taxonomy":"category","embeddable":true,"href":"https:\/\/archives.regards.fr\/index.php?rest_route=%2Fwp%2Fv2%2Fcategories&post=758"},{"taxonomy":"post_tag","embeddable":true,"href":"https:\/\/archives.regards.fr\/index.php?rest_route=%2Fwp%2Fv2%2Ftags&post=758"}],"curies":[{"name":"wp","href":"https:\/\/api.w.org\/{rel}","templated":true}]}}