{"id":757,"date":"2023-01-24T11:13:48","date_gmt":"2023-01-24T10:13:48","guid":{"rendered":"https:\/\/wp.muchomaas.com\/breve-franck-riester-ministre-delegue-charge-des-relations-avec-le-parlement\/"},"modified":"2023-01-24T11:13:48","modified_gmt":"2023-01-24T10:13:48","slug":"breve-franck-riester-ministre-delegue-charge-des-relations-avec-le-parlement","status":"publish","type":"post","link":"https:\/\/archives.regards.fr\/?p=757","title":{"rendered":"Franck Riester, ministre d\u00e9l\u00e9gu\u00e9 charg\u00e9 des Relations avec le Parlement"},"content":{"rendered":"<p><em>\u00ab \u00c9videmment, si vous reportez l&#8217;\u00e2ge l\u00e9gal, les femmes sont un peu p\u00e9nalis\u00e9es. \u00bb<\/em> (23\/01\/2023, Public S\u00e9nat)<\/p>\n","protected":false},"excerpt":{"rendered":"<p>\u00ab \u00c9videmment, si vous reportez l&#8217;\u00e2ge l\u00e9gal, les femmes sont un peu p\u00e9nalis\u00e9es. \u00bb (23\/01\/2023, Public S\u00e9nat)<\/p>\n","protected":false},"author":1,"featured_media":0,"comment_status":"open","ping_status":"open","sticky":false,"template":"","format":"standard","meta":{"_themeisle_gutenberg_block_has_review":false,"footnotes":""},"categories":[284],"tags":[],"class_list":["post-757","post","type-post","status-publish","format-standard","hentry","category-declarama-breves"],"_links":{"self":[{"href":"https:\/\/archives.regards.fr\/index.php?rest_route=\/wp\/v2\/posts\/757","targetHints":{"allow":["GET"]}}],"collection":[{"href":"https:\/\/archives.regards.fr\/index.php?rest_route=\/wp\/v2\/posts"}],"about":[{"href":"https:\/\/archives.regards.fr\/index.php?rest_route=\/wp\/v2\/types\/post"}],"author":[{"embeddable":true,"href":"https:\/\/archives.regards.fr\/index.php?rest_route=\/wp\/v2\/users\/1"}],"replies":[{"embeddable":true,"href":"https:\/\/archives.regards.fr\/index.php?rest_route=%2Fwp%2Fv2%2Fcomments&post=757"}],"version-history":[{"count":0,"href":"https:\/\/archives.regards.fr\/index.php?rest_route=\/wp\/v2\/posts\/757\/revisions"}],"wp:attachment":[{"href":"https:\/\/archives.regards.fr\/index.php?rest_route=%2Fwp%2Fv2%2Fmedia&parent=757"}],"wp:term":[{"taxonomy":"category","embeddable":true,"href":"https:\/\/archives.regards.fr\/index.php?rest_route=%2Fwp%2Fv2%2Fcategories&post=757"},{"taxonomy":"post_tag","embeddable":true,"href":"https:\/\/archives.regards.fr\/index.php?rest_route=%2Fwp%2Fv2%2Ftags&post=757"}],"curies":[{"name":"wp","href":"https:\/\/api.w.org\/{rel}","templated":true}]}}