{"id":7566,"date":"2014-03-13T14:31:08","date_gmt":"2014-03-13T13:31:08","guid":{"rendered":"https:\/\/wp.muchomaas.com\/municipales-le-parti-de-l7566\/"},"modified":"2023-06-23T23:16:51","modified_gmt":"2023-06-23T21:16:51","slug":"municipales-le-parti-de-l7566","status":"publish","type":"post","link":"https:\/\/archives.regards.fr\/?p=7566","title":{"rendered":"Municipales\u00a0: le parti de l&#8217;hospitalit\u00e9"},"content":{"rendered":"<p class=\"post_excerpt\">De diverses \u00e9tiquettes politiques, des maires du Nord-Pas-de-Calais refusent l&#8217;indiff\u00e9rence et assurent aux migrants en transit des conditions moins indignes. Discrets sur leur engagement, ils mettent en demeure l&#8217;\u00c9tat d&#8217;assumer les cons\u00e9quences de ses politiques migratoires.<\/p>\n<p>\u00c0 Calais, la maire UMP Natacha Bouchard <a href=\"http:\/\/www.lefigaro.fr\/actualite-france\/2013\/10\/24\/01016-20131024ARTFIG00513-la-maire-de-calais-invite-a-signaler-par-mailles-squats-de-migrants.php\">a appel\u00e9 ses administr\u00e9s<\/a> \u00e0 d\u00e9noncer par mail les <em>\u00ab\u00a0squats de migrants\u00a0\u00bb.<\/em> L&#8217;\u00e9lue estime que la population est <em>\u00ab\u00a0prise en otage\u00a0\u00bb<\/em> par ces \u00e9trangers sans papiers, qui tentent de rejoindre l&#8217;Angleterre par tous les moyens, en stationnant parfois des semaines, voire des mois, dans certaines villes du Nord-Pas-de-Calais. Ailleurs, dans certaines communes de la r\u00e9gion, des maires tentent une toute autre approche, bas\u00e9e sur l&#8217;hospitalit\u00e9 et le rappel \u00e0 l\u2019\u00c9tat de ses responsabilit\u00e9s.<\/p>\n<p>Au bout d&#8217;un chemin de terre boueux, quatre bungalows de bois sont pos\u00e9s au milieu des champs. Devant, des hommes sont assis sur un mobilier fait de bric et de broc, une tasse de th\u00e9 \u00e0 la main. Ils viennent d\u2019\u00c9rythr\u00e9e ou du Soudan, et fuient les conflits qui ensanglantent leur r\u00e9gion depuis des ann\u00e9es. Les femmes dorment ou discutent dans la derni\u00e8re cabane install\u00e9e au fond du terrain. Chaque nuit, tout ce petit monde tente de monter \u00e0 bord des camions en partance pour l&#8217;Angleterre, et qui stationnent \u00e0 quelques kilom\u00e8tres de l\u00e0, apr\u00e8s avoir fait le plein dans l&#8217;une des stations-services qui bordent l&#8217;autoroute. <\/p>\n<p><strong><em>Un peu de nourriture et des abris de fortune<br \/>\n<\/strong><\/em><\/p>\n<p>Norrent-Fontes, petit village rural de 1.500 \u00e2mes du Nord-Pas-de-Calais, est devenu, comme une dizaine de communes du d\u00e9partement, un lieu de transit pour des milliers de migrants qui r\u00eavent d&#8217;Outre-Manche. <em>\u00ab\u00a0La premi\u00e8re fois qu&#8217;on a vu des \u00e9trangers ici, c&#8217;\u00e9taient des Kosovars en 1992,<\/em> raconte Marc Boulnois, le maire Europe \u00c9cologie Les Verts (EELV) du village, en lice pour sa r\u00e9\u00e9lection. <em>Et puis les Africains sont arriv\u00e9s. \u00c7a a vraiment repris avec la fermeture de Sangatte [[De 1999 \u00e0 2002, la commune a fait l&#8217;objet d&#8217;une importante exposition m\u00e9diatique pour avoir h\u00e9berg\u00e9 un centre d&#8217;accueil pour les immigr\u00e9s sans-papiers cherchant \u00e0 passer au\u00a0Royaume-Uni.]]. Ils ne veulent pas vivre ici, ces gens-l\u00e0 errent dans le monde en tentant de rejoindre leurs proches, j&#8217;ai vu passer 10.000 personnes depuis le d\u00e9but de mon mandat.\u00a0\u00bb <\/em> <\/p>\n<p><img loading=\"lazy\" decoding=\"async\" class=\" aligncenter size-full wp-image-19934\" src=\"https:\/\/wp.muchomaas.com\/wp-content\/uploads\/2014\/03\/camp-norrent-fontes-f63.jpg\" alt=\"camp-norrent-fontes.jpg\" align=\"center\" width=\"460\" height=\"307\" srcset=\"https:\/\/archives.regards.fr\/wp-content\/uploads\/2014\/03\/camp-norrent-fontes-f63.jpg 460w, https:\/\/archives.regards.fr\/wp-content\/uploads\/2014\/03\/camp-norrent-fontes-f63-300x200.jpg 300w\" sizes=\"auto, (max-width: 460px) 100vw, 460px\" \/><\/p>\n<p>Marc Boulnois, ancien membre du Mouvement rural de jeunesse chr\u00e9tienne, a fait partie des citoyens \u00e9mus par ces femmes et ces enfants vivant dehors par -10\u00b0, dans les abords de son village, \u00e0 l&#8217;hiver 2007. Les habitants commencent par distribuer des couvertures, un peu de nourriture, proposent des b\u00e2ches et des palettes pour construire des abris de fortune, que vont d\u00e9truire les CRS sur ordre du pr\u00e9fet de l&#8217;\u00e9poque. Lorsqu&#8217;il remporte les \u00e9lections municipales en 2008, Marc Boulnois ne cache pas ses intentions\u00a0: comme d&#8217;autres maires des alentours, <em>\u00ab\u00a0pour qui l&#8217;hospitalit\u00e9 n&#8217;est pas un vain mot\u00a0\u00bb<\/em>, il ouvre les douches de la salle de sport, met un terrain \u00e0 disposition des migrants, fournit de l&#8217;eau potable et organise le traitement des d\u00e9chets via la communaut\u00e9 d&#8217;agglom\u00e9ration. Avec eux, mais \u00e9galement des \u00e9lus des collectivit\u00e9s territoriales, des d\u00e9put\u00e9s ou des parlementaires europ\u00e9ens, il cr\u00e9e le R\u00e9seau des \u00e9lus hospitaliers. C&#8217;est par le biais de ce r\u00e9seau qu&#8217;en 2012, M\u00e9decins du Monde est invit\u00e9 \u00e0 construire les quatre chalets de bois de Norrent-Fontes, pour prot\u00e9ger les migrants des intemp\u00e9ries. <\/p>\n<h2>La responsabilit\u00e9 de l&#8217;\u00c9tat<\/h2>\n<p>Aujourd&#8217;hui, le camp a toujours des allures de bidonville. Dans la cuisine, un vieux meuble en bois et des fauteuils en cuir d\u00e9fonc\u00e9s ne suffisent pas \u00e0 masquer le sol en terre battue. Dans les baraques qui servent de dortoir, il n&#8217;y a pas de chauffage et les migrants sont ensevelis sous les couvertures pour lutter contre le froid. <em>\u00ab\u00a0On ne peut pas se satisfaire de cette situation<\/em>, confirme Nan Suel, pr\u00e9sidente de l&#8217;association Terre d&#8217;errances \u00e0 Norrent-Fontes, qui vient en aide aux migrants des environs. <em>C&#8217;est compl\u00e8tement indigne mais c&#8217;est mieux qu&#8217;avant. La commune fait ce qu&#8217;elle peut. Ce n&#8217;est pas son camp, ni le n\u00f4tre\u00a0\u00bb. <\/em> <\/p>\n<p>Le combat de l&#8217;association rejoint celui des \u00e9lus hospitaliers\u00a0: faire prendre ses responsabilit\u00e9s \u00e0 l\u2019\u00c9tat, comptable des politiques migratoires actuelles. <em>\u00ab\u00a0Ce n&#8217;est pas possible de rester indiff\u00e9rent et nous prenons volontiers notre part, <\/em> assure le maire de Norrent-Fontes. <em>Mais l&#8217;autorit\u00e9 qui doit \u00eatre en premi\u00e8re ligne, notamment financi\u00e8rement, c&#8217;est l\u2019\u00c9tat\u00a0\u00bb<\/em>. \u00a0Depuis 2012 et l&#8217;arriv\u00e9e des socialistes au pouvoir, Marc Boulnois admet <em>\u00ab\u00a0un d\u00e9gel des relations\u00a0\u00bb<\/em> et les destructions intempestives ont cess\u00e9. Reste que la solidarit\u00e9 associative et les initiatives communales, diverses selon le profil politique des \u00e9lus locaux, continuent de palier les manquements du gouvernement. <\/p>\n<h2>Les migrants en campagne<\/h2>\n<p>Dans la ville de Grande Synthe, on trouve encore pr\u00e8s des trottoirs des confettis multicolores, souvenirs du carnaval de Dunkerque la voisine&#8230; Mais ces festivit\u00e9s masquent mal une situation sociale difficile : 35 % des foyers vivent sous le seuil de pauvret\u00e9, et le ch\u00f4mage atteint les 25 %. Ici aussi, c&#8217;est une station service \u00e0 l&#8217;entr\u00e9e de la ville qui draine les migrants, install\u00e9s dans un champ \u00e0 sept-cents m\u00e8tres du centre-ville. Damien Car\u00eame est le maire socialiste de la ville depuis 2001, en campagne pour un troisi\u00e8me mandat. Il fait partie du r\u00e9seau des \u00e9lus hospitaliers.  <\/p>\n<p>Le Front national pr\u00e9sente lui aussi un candidat \u00e0 Grande Synthe pour les prochaines municipales, et ne manque pas de d\u00e9noncer l&#8217;aide apport\u00e9e aux migrants (voir <a href=\"http:\/\/www.dailymotion.com\/video\/xxmlfc_marine-le-pen-contre-l-argent-public-verse-au-benefice-des-clandestins_news\">cette vid\u00e9o<\/a> de Marine Le Pen fustigeant l&#8217;aide vers\u00e9e au r\u00e9seau des \u00e9lus hospitaliers). \u00ab\u00a0C&#8217;est s\u00fbr que nous sommes dans un climat social compliqu\u00e9. Mais il n&#8217;y a pas eu &#8220;d&#8217;appel d&#8217;air&#8221;, comme on peut l&#8217;entendre parfois, assure Damien Car\u00eame. Nous ne voulons pas pour autant en faire un sujet de campagne et d&#8217;ailleurs, les gens ne nous en parlent pas. Au d\u00e9but oui, il y avait des inqui\u00e9tudes car les migrants sonnaient aux portes pour demander de l&#8217;eau aux habitants. Mais on a install\u00e9 l&#8217;eau, des cabanes en dur, et ils passent d\u00e9sormais inaper\u00e7us.\u00a0\u00bb <\/p>\n<h2>L&#8217;aventure de l&#8217;hospitalit\u00e9<\/h2>\n<p>\u00c0 Steenvorde, un peu plus bas sur l&#8217;autoroute vers l&#8217;Angleterre, le maire UMP a lui aussi ouvert ses douches et pr\u00eat\u00e9 un terrain. Mais il ne veut pas communiquer sur le sujet, qui passe mal au sein de sa formation politique. Il refuse aussi de participer au R\u00e9seau des \u00e9lus hospitaliers, qui pr\u00f4ne pourtant la solidarit\u00e9 r\u00e9gionale sur cette question. <em>\u00ab\u00a0Quand on a des convictions personnelles, on les affiche publiquement<\/em>, estime Marc Boulnois. <em>Ce n&#8217;est pas le sujet num\u00e9ro un \u00e0 Norrent-Fontes, mais nous allons aborder la question dans nos tracts. M\u00eame si les gens nous en parlent peu, car la s\u00e9curit\u00e9 publique a \u00e9t\u00e9 r\u00e9tablie. Avant, on voyait les migrants sauter par dessus les cl\u00f4tures, poursuivis par les CRS, aujourd&#8217;hui ils se prom\u00e8nent dans le village, vont mettre un cierge \u00e0 l&#8217;\u00e9glise, ach\u00e8tent des cigarettes, et \u00e7a ne d\u00e9range pas grand monde\u00a0\u00bb.<\/em> <\/p>\n<p>Ailleurs en France, d&#8217;autres communes ont tent\u00e9, \u00e0 des degr\u00e9s divers, l&#8217;aventure de l&#8217;hospitalit\u00e9, \u00e0 l&#8217;image de Lasalle et de Soudorgues dans les C\u00e9vennes, qui ont accueilli apr\u00e8s la fermeture de Sangatte de jeunes Afghans. Une partie est rest\u00e9e peupler ces villages d\u00e9sert\u00e9s. Des militants de la <a href=\"www.lacimade.org\">Cimade<\/a>, dans le sud de la France, tentent eux aussi \u2013 sur le mod\u00e8le de l&#8217;Angleterre ou des des \u00c9tats-Unis \u2013 de mettre sur pied un r\u00e9seau de <em>\u00ab\u00a0villes sanctuaires\u00a0\u00bb<\/em>, qui choisissent<em> \u00ab\u00a0de vivre et de diffuser une culture d\u2019accueil et d\u2019hospitalit\u00e9 \u00e0 l\u2019\u00e9gard des migrants et des r\u00e9fugi\u00e9s\u00a0\u00bb<\/em>. Car accueillir ne veut pas toujours dire vivre ensemble. <em>\u00ab\u00a0C&#8217;est ce que nous n&#8217;avons pas encore r\u00e9ussi \u00e0 faire,<\/em> admet Marc Boulnois. <em>On passe \u00e0 c\u00f4t\u00e9 d&#8217;une culture et de l&#8217;\u00e9nergie folle d\u00e9ploy\u00e9e par ces jeunes qui tentent tout ce qui est possible pour un avenir meilleur. Il faudrait arr\u00eater de subir et profiter un peu de cette richesse. Mais ce n&#8217;est pas facile de dire que ce sont des gens int\u00e9ressants \u00e0 c\u00f4toyer quand on a un \u00c9tat qui passe son temps \u00e0 les traiter de d\u00e9linquants\u00a0\u00bb.<\/em>   <div id='gallery-1' class='gallery galleryid-7566 gallery-columns-3 gallery-size-thumbnail'><figure class='gallery-item'>\n\t\t\t<div class='gallery-icon landscape'>\n\t\t\t\t<a href='https:\/\/archives.regards.fr\/wp-content\/uploads\/2014\/03\/camp-norrent-fontes-b21.jpg'><img loading=\"lazy\" decoding=\"async\" width=\"150\" height=\"150\" src=\"https:\/\/archives.regards.fr\/wp-content\/uploads\/2014\/03\/camp-norrent-fontes-b21-150x150.jpg\" class=\"attachment-thumbnail size-thumbnail\" alt=\"camp-norrent-fontes.jpg\" \/><\/a>\n\t\t\t<\/div><\/figure>\n\t\t<\/div>\n<\/p>\n","protected":false},"excerpt":{"rendered":"<p>De diverses \u00e9tiquettes politiques, des maires du Nord-Pas-de-Calais refusent l&#8217;indiff\u00e9rence et assurent aux migrants en transit des conditions moins indignes. Discrets sur leur engagement, ils mettent en demeure l&#8217;\u00c9tat d&#8217;assumer les cons\u00e9quences de ses politiques migratoires.<\/p>\n","protected":false},"author":1,"featured_media":19934,"comment_status":"open","ping_status":"open","sticky":false,"template":"","format":"standard","meta":{"_themeisle_gutenberg_block_has_review":false,"footnotes":""},"categories":[157],"tags":[467,347,388],"class_list":["post-7566","post","type-post","status-publish","format-standard","has-post-thumbnail","hentry","category-web","tag-municipales-2014","tag-reportage","tag-sans-papiers"],"_links":{"self":[{"href":"https:\/\/archives.regards.fr\/index.php?rest_route=\/wp\/v2\/posts\/7566","targetHints":{"allow":["GET"]}}],"collection":[{"href":"https:\/\/archives.regards.fr\/index.php?rest_route=\/wp\/v2\/posts"}],"about":[{"href":"https:\/\/archives.regards.fr\/index.php?rest_route=\/wp\/v2\/types\/post"}],"author":[{"embeddable":true,"href":"https:\/\/archives.regards.fr\/index.php?rest_route=\/wp\/v2\/users\/1"}],"replies":[{"embeddable":true,"href":"https:\/\/archives.regards.fr\/index.php?rest_route=%2Fwp%2Fv2%2Fcomments&post=7566"}],"version-history":[{"count":0,"href":"https:\/\/archives.regards.fr\/index.php?rest_route=\/wp\/v2\/posts\/7566\/revisions"}],"wp:featuredmedia":[{"embeddable":true,"href":"https:\/\/archives.regards.fr\/index.php?rest_route=\/wp\/v2\/media\/19934"}],"wp:attachment":[{"href":"https:\/\/archives.regards.fr\/index.php?rest_route=%2Fwp%2Fv2%2Fmedia&parent=7566"}],"wp:term":[{"taxonomy":"category","embeddable":true,"href":"https:\/\/archives.regards.fr\/index.php?rest_route=%2Fwp%2Fv2%2Fcategories&post=7566"},{"taxonomy":"post_tag","embeddable":true,"href":"https:\/\/archives.regards.fr\/index.php?rest_route=%2Fwp%2Fv2%2Ftags&post=7566"}],"curies":[{"name":"wp","href":"https:\/\/api.w.org\/{rel}","templated":true}]}}