{"id":756,"date":"1997-12-01T00:00:00","date_gmt":"1997-11-30T23:00:00","guid":{"rendered":"https:\/\/wp.muchomaas.com\/jeunesse756\/"},"modified":"1997-12-01T00:00:00","modified_gmt":"1997-11-30T23:00:00","slug":"jeunesse756","status":"publish","type":"post","link":"https:\/\/archives.regards.fr\/?p=756","title":{"rendered":"Jeunesse"},"content":{"rendered":"<p class=\"post_excerpt\"> C&#8217;est \u00e0 Montreuil, comme chaque ann\u00e9e, un rendez-vous d&#8217;avant No\u00ebl, le livre pour la jeunesse, en masse, en diversit\u00e9. En avant-premi\u00e8re, quelques protagonistes. <\/p>\n<p>Pour apprendre \u00e0 lire les relations humaines \u00e0 hauteur d&#8217;enfance, ils ne cessent d&#8217;oser. Ils ? L&#8217;\u00e9quipe du Centre de promotion du livre de jeunesse et le Conseil g\u00e9n\u00e9ral gr\u00e2ce auxquels le Salon du Livre de jeunesse en Seine-Saint-Denis se pr\u00e9pare \u00e0 accueillir du 3 au 8 d\u00e9cembre \u00e0 Montreuil: 150 exposants, 700 auteurs et illustrateurs, 150 000 visiteurs. Ins\u00e9parable des actions men\u00e9es dans les villes au long de l&#8217;ann\u00e9e, une manifestation culturelle de dimension nationale, voire internationale, \u00e0 la charge trop exclusive d&#8217;un d\u00e9partement&#8230; Cela n&#8217;est pas une autre histoire&#8230; L&#8217;ab\u00e9c\u00e9daire qui suit m\u00eale informations et coups de coeur d&#8217;un itin\u00e9raire qui avoue sa personnalisation.<\/p>\n<p> <strong> A- ALLEMAGNE <\/strong><\/p>\n<p>Pour la premi\u00e8re ann\u00e9e, un pays, un &#8221; domaine linguistique &#8221; invit\u00e9s du salon. Des maisons d&#8217;\u00e9dition essentielles, une exposition de quinze illustrateurs et trois grandes r\u00e9trospectives dans trois villes: Nikolais Heidelbach \u00e0 Bagnolet, Helme Heine \u00e0 Bondy, Binette Schroeder \u00e0 Bobigny (1). Des rencontres entre dix \u00e9crivains fran\u00e7ais et dix allemands\/autrichiens sur le th\u00e8me du devoir de m\u00e9moire en litt\u00e9rature. Quelques avanc\u00e9es de sept lieues dans la construction d&#8217;une Europe culturelle bas\u00e9e sur la coop\u00e9ration et le respect des identit\u00e9s.<\/p>\n<p> <strong> B- BABAR <\/strong><\/p>\n<p>Il est l\u00e0 depuis 1931. Une exposition retrace son itin\u00e9raire, du p\u00e8re Jean de Brunhoff au fils Laurent. Avec l&#8217;appui de quelques-uns de ses enfants naturels dans l&#8217;illustration d&#8217;aujourd&#8217;hui.<\/p>\n<p> <strong> C- CONTES <\/strong><\/p>\n<p>Nouvelle collection &#8221; Petits contes de sagesse &#8221; dirig\u00e9e par Michel Piquemal. De tr\u00e8s s\u00e9duisants petits livres pour des textes d&#8217;auteurs chevronn\u00e9s, en charge de moralit\u00e9s fondamentales (Albin Michel); une version r\u00e9solument litt\u00e9raire de F. Mathieu du Joueur de fl\u00fbte de Hamelin avec bois grav\u00e9s de May Angeli (Sorbier); autre classique: la Princesse grenouille ench\u00e2ss\u00e9 dans les splendeurs de G. Spirin (Duculot-Casterman); inclassable: un cahier de mythologies personnelles de Fr\u00e9d\u00e9ric Cl\u00e9ment (textes, photos, peintures) ins\u00e9r\u00e9 dans le texte original de la Belle au bois dormant, assez loin de la petite enfance (Casterman).<\/p>\n<p> <strong> D- DOUZOU OLIVIER <\/strong><\/p>\n<p>Le succ\u00e8s tout neuf des \u00e9ditions du Rouergue lui doit une personnalit\u00e9 \u00e9ditoriale d\u00e9sormais rep\u00e9r\u00e9e. Ses albums malm\u00e8nent toujours quelques st\u00e9r\u00e9otypes au profit de l&#8217;humour et de la po\u00e9sie, que ce soit le coffret de trois titres revisitant l&#8217;Alphabet, le calendrier et les nombres ou Souliax (au magasin de chaussures). Dans le sillage, des variations autour de la Ligne d&#8217;horizon (P. Petit et C. Henry) et les d\u00e9m\u00eal\u00e9s des plus jeunes avec les v\u00eatements h\u00e9rit\u00e9s des a\u00een\u00e9s: les Petits H\u00e9ritages (F. Bertrand).<\/p>\n<p> <strong> E- ETRE EDITIONS <\/strong><\/p>\n<p>Le nom de la nouvelle maison d&#8217;\u00e9ditions cr\u00e9\u00e9e par Christian Bruel. Un retour attendu et une bonne nouvelle.<\/p>\n<p> <strong> F- FOOT <\/strong><\/p>\n<p>A l&#8217;approche de la coupe du monde, rappel urgent: si on aime le foot et encore plus si on ne l&#8217;aime pas, lire absolument le roman de Jean-No\u00ebl Blanc Jeu sans ballon, pas d&#8217;\u00e9quivalent dans le roman sportif (Seuil).<\/p>\n<p> <strong> G- GIREL STEPHANE <\/strong><\/p>\n<p>Un de ces jeunes illustrateurs mis en valeur dans le panorama publi\u00e9 l&#8217;an pass\u00e9. La fiert\u00e9 d&#8217;une d\u00e9couverte. Deux albums r\u00e9cents: la Route du vent (Pastel) et la Jeune Fille plus sage que le juge (Albin Michel).<\/p>\n<p> <strong> H- HARLIN QUIST <\/strong><\/p>\n<p>Le pav\u00e9 dans la mare de l&#8217;\u00e9dition jeunesse \u00e0 la fin des ann\u00e9es 60. L&#8217;illustration ne s&#8217;en est jamais remise. L&#8217;\u00e9diteur revient en force avec reprises et nouveaut\u00e9s; une exposition r\u00e9trospective lui est consacr\u00e9e.<\/p>\n<p> <strong> I- INTERNET <\/strong><\/p>\n<p>Depuis trois ans, le salon s&#8217;ouvre \u00e0 l&#8217;\u00e9dition multim\u00e9dia. Le Web du salon permet l&#8217;acc\u00e8s \u00e0 Internet. Avec les interrogations et d\u00e9bats \u00e0 mener sur les contenus en jeu.<\/p>\n<p> <strong> J &#8211; JOURNEES PROFESSIONNELLES <\/strong><\/p>\n<p>Des temps de r\u00e9flexion \u00e0 travers de multiples rencontres sur les stands et tables rondes autour des th\u00e8mes marquants de la manifestation (3 d\u00e9cembre apr\u00e8s-midi, 6 matin et 8 toute la journ\u00e9e).<\/p>\n<p> <strong> K- KAYAT CLAUDE <\/strong><\/p>\n<p>L&#8217;auteur de l&#8217;Armurier, une parodie de western sacr\u00e9ment \u00e9pic\u00e9e; \u00e0 suivre (Seuil).<\/p>\n<p> <strong> L- LE LIVRE BLANC DE TOUTES LES COULEURS <\/strong><\/p>\n<p>Plus de cent cr\u00e9ateurs rassembl\u00e9s par le CPLJ pour une riposte aux propos lourds de m\u00e9pris et de racisme rampant d&#8217;un ex-ministre de ville \u00e0 propos de la Seine-Saint-Denis (CPLJ-Albin Michel).<\/p>\n<p> <strong> M- M\u00e9moire ET OUBLI <\/strong><\/p>\n<p>Le th\u00e8me central de cette ann\u00e9e, qui traverse l&#8217;ensemble des initiatives et tout particuli\u00e8rement le Colloque international des 1er et 2 d\u00e9cembre, initi\u00e9 par Marie Nimier. Un th\u00e8me fondamental, annonc\u00e9 depuis plus d&#8217;un an, dont l&#8217;actualit\u00e9 renforce la n\u00e9cessit\u00e9. Sans doute le th\u00e8me le plus ambitieux jamais abord\u00e9 au Salon.<\/p>\n<p> <strong> N- NADJA <\/strong><\/p>\n<p>Les pages d&#8217;un album comme une suite de toiles peintes aux formes et couleurs largement d\u00e9ploy\u00e9es. Apr\u00e8s les superbes Contes de f\u00e9es de l&#8217;an pass\u00e9, voici, surgies du noir, les figures inqui\u00e9tantes de nos r\u00eaves h\u00e9rit\u00e9s: le Livre des cr\u00e9atures (l&#8217;Ecole des loisirs).<\/p>\n<p> <strong> O- OURS <\/strong><\/p>\n<p>Porteurs de tous les transferts affectifs des petits, les ours sont dans tous les stands. Celui de Sondak reste mon pr\u00e9f\u00e9r\u00e9 (EDL). Mais le singe n&#8217;est pas en reste. Voyez Marcel le r\u00eaveur d&#8217;Anthony Browne, \u00e9chapp\u00e9 dans des r\u00eaves en compagnie de Magritte, Dali, etc.(Kal\u00e9isdoscope).<\/p>\n<p> <strong> P- PREVERT JACQUES <\/strong><\/p>\n<p>Po\u00e8mes, photos, collages, bouts d&#8217;images reconstitu\u00e9s au hasard des ciseaux et du coeur, c&#8217;est le Pr\u00e9vert (Mango). Encore lui, derri\u00e8re le M. Pivert rencontrant le M. Moineau photographe&#8230;dans le d\u00e9licieux livre de Douzou (le Rouergue).<\/p>\n<p> <strong> Q- QUEBEC ET ALENTOURS <\/strong><\/p>\n<p>Contes et l\u00e9gendes en gros recueils par les incontournables C\u00e9cile Gagnon (Qu\u00e9bec) et William Camus (Indiens d&#8217;Am\u00e9rique du Nord) (Milan).<\/p>\n<p> <strong> R- RODARI GIANNI <\/strong><\/p>\n<p>J&#8217;aime ses histoires, sa Grammaire de l&#8217;imagination que r\u00e9\u00e9dite Rue du monde, jeune petit \u00e9diteur que j&#8217;aime aussi.<\/p>\n<p> <strong> S- SERRES ALAIN <\/strong><\/p>\n<p>Rue du monde, c&#8217;est lui; et c&#8217;est toujours l&#8217;auteur heureux d&#8217;albums complices de l&#8217;enfance: le Tambour de No\u00ebl (De la Martini\u00e8re), Un grand-p\u00e8re transformidable (Albin Michel) et le tr\u00e8s inventif le Plus Gros G\u00e2teau du monde (Nathan). T- TOTEMS Les prix d\u00e9cern\u00e9s chaque ann\u00e9e par le Salon, avec T\u00e9l\u00e9rama. Un exposition-bilan de dix ann\u00e9es en faveur de l&#8217;innovation graphique et litt\u00e9raire.<\/p>\n<p> <strong> U- UNGERER TOMI <\/strong><\/p>\n<p>Apr\u00e8s des ann\u00e9es sans, il revient. Pas assagi. Flix, c&#8217;est entre chien et chat une fable incisive \u00e0 propos de l&#8217;identit\u00e9 et de la mixit\u00e9 (Ecole des Loisirs).<\/p>\n<p> <strong> V et W- VIVAT <\/strong><\/p>\n<p>et cocorico ! Grand Prix de la Biennale d&#8217;illustration de Bratislava: Martin Jarrier. Pomme d&#8217;or \u00e0 Isabelle Chatellard.<\/p>\n<p> <strong> X <\/strong><\/p>\n<p>Chez les poux il y a des poux papas et des poux pas papas &#8220;; extrait des virelangues rassembl\u00e9s par J. H. Malineau, \u00e0 d\u00e9biter sans rire malgr\u00e9 les dessins de Pef: Dix dodus dindons (Albin Michel).<\/p>\n<p> <strong> Y- YAKARI <\/strong><\/p>\n<p>M\u00e9moire de BD; figure embl\u00e9matique conjuguant qualit\u00e9 artistique et respect de l&#8217;enfance, le petit indien est toujours l\u00e0 (Casterman).<\/p>\n<p> <strong> Z- ZOUGHEBI HENRIETTE <\/strong><\/p>\n<p>A elle, aux \u00e9quipes qu&#8217;elle sait rassembler, aux institutions dont elle est le partenaire toujours en avance de trois propositions, le Salon doit, plus que sa renomm\u00e9e, de fournir la preuve vivante que l&#8217;exigence d\u00e9mocratique ne se s\u00e9pare pas de l&#8217;ambition culturelle la plus ouverte aux d\u00e9fis de notre temps. Chapeau ! .<\/p>\n<p>1. OEuvres publi\u00e9es au Seuil, chez Gallimard, \u00e0 l&#8217;Ecole des Loisirs&#8230;<\/p>\n","protected":false},"excerpt":{"rendered":"<p> C&#8217;est \u00e0 Montreuil, comme chaque ann\u00e9e, un rendez-vous d&#8217;avant No\u00ebl, le livre pour la jeunesse, en masse, en diversit\u00e9. En avant-premi\u00e8re, quelques protagonistes. <\/p>\n","protected":false},"author":1,"featured_media":0,"comment_status":"open","ping_status":"open","sticky":false,"template":"","format":"standard","meta":{"_themeisle_gutenberg_block_has_review":false,"footnotes":""},"categories":[141],"tags":[288],"class_list":["post-756","post","type-post","status-publish","format-standard","hentry","category-archives-web","tag-spectacle-vivant"],"_links":{"self":[{"href":"https:\/\/archives.regards.fr\/index.php?rest_route=\/wp\/v2\/posts\/756","targetHints":{"allow":["GET"]}}],"collection":[{"href":"https:\/\/archives.regards.fr\/index.php?rest_route=\/wp\/v2\/posts"}],"about":[{"href":"https:\/\/archives.regards.fr\/index.php?rest_route=\/wp\/v2\/types\/post"}],"author":[{"embeddable":true,"href":"https:\/\/archives.regards.fr\/index.php?rest_route=\/wp\/v2\/users\/1"}],"replies":[{"embeddable":true,"href":"https:\/\/archives.regards.fr\/index.php?rest_route=%2Fwp%2Fv2%2Fcomments&post=756"}],"version-history":[{"count":0,"href":"https:\/\/archives.regards.fr\/index.php?rest_route=\/wp\/v2\/posts\/756\/revisions"}],"wp:attachment":[{"href":"https:\/\/archives.regards.fr\/index.php?rest_route=%2Fwp%2Fv2%2Fmedia&parent=756"}],"wp:term":[{"taxonomy":"category","embeddable":true,"href":"https:\/\/archives.regards.fr\/index.php?rest_route=%2Fwp%2Fv2%2Fcategories&post=756"},{"taxonomy":"post_tag","embeddable":true,"href":"https:\/\/archives.regards.fr\/index.php?rest_route=%2Fwp%2Fv2%2Ftags&post=756"}],"curies":[{"name":"wp","href":"https:\/\/api.w.org\/{rel}","templated":true}]}}