{"id":7543,"date":"2014-03-11T07:55:10","date_gmt":"2014-03-11T06:55:10","guid":{"rendered":"https:\/\/wp.muchomaas.com\/les-30-jours-de-fukushima7543\/"},"modified":"2023-06-23T23:16:48","modified_gmt":"2023-06-23T21:16:48","slug":"les-30-jours-de-fukushima7543","status":"publish","type":"post","link":"https:\/\/archives.regards.fr\/?p=7543","title":{"rendered":"Les 30 jours de Fukushima"},"content":{"rendered":"<p class=\"post_excerpt\">Trois ans apr\u00e8s le d\u00e9but d&#8217;une catastrophe nucl\u00e9aire qui se poursuit aujourd&#8217;hui, &#8220;revoyons&#8221; l&#8217;accident nucl\u00e9aire de la centrale de Fukushima-1 au travers d&#8217;un montage in\u00e9dit des images de la webcam plac\u00e9e \u00e0 proximit\u00e9. <\/p>\n<p>Aux premi\u00e8res heures de l&#8217;accident nucl\u00e9aire \u00e0 la centrale de Fukushima, les images de celle-ci sont rest\u00e9es rares et g\u00e9n\u00e9ralement abstraites : on scrutait surtout des prises de vues au t\u00e9l\u00e9objectif, des photos satellite et des infographies. Par la suite, l&#8217;exploitant Tepco a fourni des s\u00e9quences isol\u00e9es et fragmentaires qui ont tourn\u00e9 en boucle, comme celle des camions de pompiers aspergeant les r\u00e9acteurs, avant d&#8217;en livrer d&#8217;autres, toujours avec parcimonie, sur les interventions dans les installations elles-m\u00eames. C&#8217;est seulement une vingtaine de jours apr\u00e8s le 11 mars que des prises de vue a\u00e9riennes, de haute r\u00e9solution, ont livr\u00e9 du th\u00e9\u00e2tre des op\u00e9rations des images presque brutales par leur pr\u00e9cision.<\/p>\n<p><strong><em>Une image lointaine<br \/>\n<\/strong><\/em><\/p>\n<p>Tout au long de ce premier mois, l&#8217;exploitant de la centrale a cependant laiss\u00e9 en service \u2013 et en ligne sur son site \u2013 sa webcam plac\u00e9e \u00e0 quelques centaines de m\u00e8tres du site. Mise \u00e0 jour toutes les heures, elle en a donn\u00e9 une vue g\u00e9n\u00e9rale presque bucolique, avec son panorama sur la mer et son premier plan forestier derri\u00e8re lequel \u00e9mergent trois tours m\u00e9talliques et s&#8217;alignent les six r\u00e9acteurs. Une image lointaine et pauvre avec sa r\u00e9solution de 640 par 480 pixels, mais permanente, dont les relev\u00e9s horaires t\u00e9moignent de la catastrophe avec une certaine impassibilit\u00e9. L&#8217;auteur de ces lignes avait r\u00e9cup\u00e9r\u00e9 ces images, depuis l&#8217;aurore radieuse du 11 mars 2011, pour les monter dans une s\u00e9quence reconstituant trente jours \u00e0 Fukushima. <\/p>\n<p><iframe loading=\"lazy\" width=\"460\" height=\"345\" src=\"\/\/www.youtube.com\/embed\/lh4u0kYhqek?rel=0\" frameborder=\"0\" allowfullscreen><\/iframe><\/p>\n<p>Depuis ce point de vue de carte postale, on n&#8217;a qu&#8217;un vague \u00e9cho des \u00e9v\u00e9nements qui se d\u00e9roulent dans le champ \u2013 catastrophe nucl\u00e9aire et drames humains. Entre 14 et 15 heures le premier jour, la cam\u00e9ra a manifestement chut\u00e9 de quelques m\u00e8tres \u2013 et la ligne d&#8217;horizon s&#8217;est inclin\u00e9e \u2013 sous l&#8217;effet du s\u00e9isme et du tsunami, changeant le point de vue. Mais les effets sont peu perceptibles. Ils le restent les jours suivants : une flamme en haut de la torch\u00e8re, des d\u00e9gagements de fum\u00e9e. Puis les cubes explosent et d\u00e9gagent un bout d&#8217;horizon, des d\u00e9bris tombent. La fum\u00e9e revient plus souvent, plus \u00e9paisse. Une apparition : un h\u00e9licopt\u00e8re s&#8217;\u00e9loignant avec sa poche d&#8217;eau vide, d\u00e9risoire. D&#8217;autres panaches encore, toujours plus sombres.<\/p>\n<p>Le reste tient essentiellement aux variations du ciel et au d\u00e9placement des ombres. Au fil des jours, les journ\u00e9es printani\u00e8res s&#8217;encha\u00eenent avec monotonie, interrompues par des heures grises. Le danger reste invisible: la cellule de l&#8217;appareil ne r\u00e9agit pas aux rejets radioactifs. Impossible, pourtant, d&#8217;\u00e9chapper \u00e0 l&#8217;\u00e9vidence que ce paysage irradi\u00e9 est l&#8217;\u00e9picentre paisible d&#8217;un d\u00e9sastre plan\u00e9taire.<div id='gallery-1' class='gallery galleryid-7543 gallery-columns-3 gallery-size-thumbnail'><figure class='gallery-item'>\n\t\t\t<div class='gallery-icon landscape'>\n\t\t\t\t<a href='https:\/\/archives.regards.fr\/wp-content\/uploads\/2014\/03\/fukushima-204.jpg'><img loading=\"lazy\" decoding=\"async\" width=\"150\" height=\"150\" src=\"https:\/\/archives.regards.fr\/wp-content\/uploads\/2014\/03\/fukushima-204-150x150.jpg\" class=\"attachment-thumbnail size-thumbnail\" alt=\"fukushima.jpg\" \/><\/a>\n\t\t\t<\/div><\/figure>\n\t\t<\/div>\n<\/p>\n","protected":false},"excerpt":{"rendered":"<p>Trois ans apr\u00e8s le d\u00e9but d&#8217;une catastrophe nucl\u00e9aire qui se poursuit aujourd&#8217;hui, &#8220;revoyons&#8221; l&#8217;accident nucl\u00e9aire de la centrale de Fukushima-1 au travers d&#8217;un montage in\u00e9dit des images de la webcam plac\u00e9e \u00e0 proximit\u00e9. <\/p>\n","protected":false},"author":1188,"featured_media":19912,"comment_status":"open","ping_status":"open","sticky":false,"template":"","format":"standard","meta":{"_themeisle_gutenberg_block_has_review":false,"footnotes":""},"categories":[18],"tags":[374],"class_list":["post-7543","post","type-post","status-publish","format-standard","has-post-thumbnail","hentry","category-ecologie","tag-nucleaire"],"_links":{"self":[{"href":"https:\/\/archives.regards.fr\/index.php?rest_route=\/wp\/v2\/posts\/7543","targetHints":{"allow":["GET"]}}],"collection":[{"href":"https:\/\/archives.regards.fr\/index.php?rest_route=\/wp\/v2\/posts"}],"about":[{"href":"https:\/\/archives.regards.fr\/index.php?rest_route=\/wp\/v2\/types\/post"}],"author":[{"embeddable":true,"href":"https:\/\/archives.regards.fr\/index.php?rest_route=\/wp\/v2\/users\/1188"}],"replies":[{"embeddable":true,"href":"https:\/\/archives.regards.fr\/index.php?rest_route=%2Fwp%2Fv2%2Fcomments&post=7543"}],"version-history":[{"count":0,"href":"https:\/\/archives.regards.fr\/index.php?rest_route=\/wp\/v2\/posts\/7543\/revisions"}],"wp:featuredmedia":[{"embeddable":true,"href":"https:\/\/archives.regards.fr\/index.php?rest_route=\/wp\/v2\/media\/19912"}],"wp:attachment":[{"href":"https:\/\/archives.regards.fr\/index.php?rest_route=%2Fwp%2Fv2%2Fmedia&parent=7543"}],"wp:term":[{"taxonomy":"category","embeddable":true,"href":"https:\/\/archives.regards.fr\/index.php?rest_route=%2Fwp%2Fv2%2Fcategories&post=7543"},{"taxonomy":"post_tag","embeddable":true,"href":"https:\/\/archives.regards.fr\/index.php?rest_route=%2Fwp%2Fv2%2Ftags&post=7543"}],"curies":[{"name":"wp","href":"https:\/\/api.w.org\/{rel}","templated":true}]}}