{"id":7527,"date":"2014-03-05T12:03:55","date_gmt":"2014-03-05T11:03:55","guid":{"rendered":"https:\/\/wp.muchomaas.com\/desavoue-par-le-senat-michel-sapin7527\/"},"modified":"2014-03-05T12:03:55","modified_gmt":"2014-03-05T11:03:55","slug":"desavoue-par-le-senat-michel-sapin7527","status":"publish","type":"post","link":"https:\/\/archives.regards.fr\/?p=7527","title":{"rendered":"D\u00e9savou\u00e9 par le S\u00e9nat, Michel Sapin s&#8217;acharne sur l&#8217;Inspection du travail"},"content":{"rendered":"<p class=\"post_excerpt\">Mortifi\u00e9 par le rejet de sa r\u00e9forme-r\u00e9tr\u00e9cissement de l&#8217;Inspection du travail, le ministre veut d\u00e9sormais le faire passer par d\u00e9cret. Selon une conception toute particuli\u00e8re du &#8220;dialogue social&#8221;, qui figure pourtant dans l&#8217;intitul\u00e9 de sa fonction&#8230;<\/p>\n<p>Le ministre du Travail, Michel Sapin, s&#8217;\u00e9tait d\u00e9j\u00e0 fait remarquer en supprimant les \u00e9lections prud&#8217;homales. Il s&#8217;est ensuite engag\u00e9 dans une brillante r\u00e9forme de l&#8217;Inspection du travail. <em>Regards<\/em> a d\u00e9j\u00e0 relat\u00e9 ce <a href=\"7430\">bijou technocratique<\/a> qui consiste, notamment, \u00e0 retirer des agents sur le terrain pour cr\u00e9er une nouvelle couche hi\u00e9rarchique. Il faut dire qu&#8217;avec 2.250 fonctionnaires pour 1,8 million d&#8217;entreprises, l&#8217;urgence \u00e9tait \u00e9videmment d&#8217;all\u00e9ger les proc\u00e9dures de contr\u00f4le. Cette r\u00e9forme, int\u00e9gr\u00e9e au projet de loi relatif \u00e0 la formation professionnelle, figurait comme l&#8217;article 20 dans la proc\u00e9dure de discussion parlementaire. Coup de th\u00e9\u00e2tre, le 20 f\u00e9vrier 2014, 201 s\u00e9nateurs sur 348 ont vot\u00e9 contre l&#8217;adoption de cet article 20 r\u00e9formant l&#8217;inspection du travail.<\/p>\n<p>Le revers est tel que la commission mixte des deux chambres a renonc\u00e9 \u00e0 r\u00e9introduire cet article dans le texte final, soumis \u00e0 l&#8217;Assembl\u00e9e Nationale et vot\u00e9 le 27 f\u00e9vrier 2014 par celle-ci. Cette nouvelle situation est une victoire pour les organisations syndicales majoritaires qui ont d\u00e9nonc\u00e9 depuis des mois l&#8217;absurdit\u00e9 et la nocivit\u00e9 de cette r\u00e9forme. Au cours de la discussion parlementaire, de nombreux d\u00e9put\u00e9s et s\u00e9nateurs ont d\u00e9nonc\u00e9 <em>\u00ab\u00a0le d\u00e9ficit d\u2019\u00e9coute\u00a0\u00bb<\/em>, <em>\u00ab\u00a0le d\u00e9ficit d\u00e9mocratique\u00a0\u00bb<\/em>, ou encore <em>\u00ab\u00a0un dialogue social insuffisant\u00a0\u00bb<\/em>.<\/p>\n<h2>Le d\u00e9cret plut\u00f4t que le dialogue<\/h2>\n<p>Michel Sapin, pourtant clairement d\u00e9savou\u00e9 par les parlementaires, persiste et signe. Au minist\u00e8re du Travail, on assure qu\u2019il s\u2019agit d\u2019une\u00a0\u00ab\u00a0p\u00e9rip\u00e9tie ponctuelle\u00a0\u00bb\u00a0et que l\u2019objectif reste une entr\u00e9e en vigueur de la r\u00e9forme au 1er\u00a0janvier 2015. Lors du vote de son projet de loi \u00e0 l\u2019Assembl\u00e9e, Michel Sapin a annonc\u00e9 pour\u00a0<em>\u00ab\u00a0les prochains jours des propositions de m\u00e9thode et de calendrier pour cette r\u00e9forme qui continuera \u00e0 se faire dans le dialogue\u00a0\u00bb<\/em>. Le couperet \u00e9tant tomb\u00e9, puisque la voie l\u00e9gislative est d\u00e9sormais impossible, c&#8217;est donc par simple d\u00e9cret que s&#8217;op\u00e9rera la r\u00e9forme. Reconnaissons que la m\u00e9thode est pratique, elle permet de s&#8217;affranchir de toutes discussions\u00a0: un v\u00e9ritable coup de ma\u00eetre pour celui qui est aussi le ministre du Dialogue social. <\/p>\n<p>Dans un <a href=\"http:\/\/www.sud-travail-affaires-sociales.org\/spip.php?article687\">communiqu\u00e9 commun<\/a>, quatre organisations syndicales (CGT, Sud, FO, SNU-FSU) qui repr\u00e9sentent pr\u00e8s de 70% des voix parmi les inspecteurs et contr\u00f4leurs du travail d\u00e9noncent l&#8217;acharnement du ministre\u00a0: <em>\u00ab\u00a0Pire, en r\u00e9ponse \u00e0 cette le\u00e7on de d\u00e9mocratie, le ministre a d\u00e9cid\u00e9 de transcrire l\u2019organisation structurelle de l\u2019inspection du travail dans un d\u00e9cret \u00e0 soumettre aux repr\u00e9sentants syndicaux lors d\u2019un comit\u00e9 technique minist\u00e9riel du minist\u00e8re du travail qui doit se tenir le 14 mars, soit moins de deux semaines apr\u00e8s le rejet du texte par le parlement\u00a0! C\u2019est une v\u00e9ritable provocation de la part du ministre, qui foulant aux pieds la volont\u00e9 exprim\u00e9e par le vote des \u00e9lus de la nation, entend co\u00fbte que co\u00fbte respecter le calendrier de la mise en place de sa r\u00e9forme, peu importe qui se met en travers de son chemin\u00a0!\u00a0\u00bb<\/em>. <\/p>\n<p>Au minist\u00e8re du travail, la mobilisation se poursuit, mais voil\u00e0 qui en dit long sur la pr\u00e9tendue m\u00e9thode &#8220;social-d\u00e9mocrate&#8221; du gouvernement.<\/p>\n","protected":false},"excerpt":{"rendered":"<p>Mortifi\u00e9 par le rejet de sa r\u00e9forme-r\u00e9tr\u00e9cissement de l&#8217;Inspection du travail, le ministre veut d\u00e9sormais le faire passer par d\u00e9cret. Selon une conception toute particuli\u00e8re du &#8220;dialogue social&#8221;, qui figure pourtant dans l&#8217;intitul\u00e9 de sa fonction&#8230;<\/p>\n","protected":false},"author":1097,"featured_media":0,"comment_status":"open","ping_status":"open","sticky":false,"template":"","format":"standard","meta":{"_themeisle_gutenberg_block_has_review":false,"footnotes":""},"categories":[157],"tags":[323],"class_list":["post-7527","post","type-post","status-publish","format-standard","hentry","category-web","tag-droit-du-travail"],"_links":{"self":[{"href":"https:\/\/archives.regards.fr\/index.php?rest_route=\/wp\/v2\/posts\/7527","targetHints":{"allow":["GET"]}}],"collection":[{"href":"https:\/\/archives.regards.fr\/index.php?rest_route=\/wp\/v2\/posts"}],"about":[{"href":"https:\/\/archives.regards.fr\/index.php?rest_route=\/wp\/v2\/types\/post"}],"author":[{"embeddable":true,"href":"https:\/\/archives.regards.fr\/index.php?rest_route=\/wp\/v2\/users\/1097"}],"replies":[{"embeddable":true,"href":"https:\/\/archives.regards.fr\/index.php?rest_route=%2Fwp%2Fv2%2Fcomments&post=7527"}],"version-history":[{"count":0,"href":"https:\/\/archives.regards.fr\/index.php?rest_route=\/wp\/v2\/posts\/7527\/revisions"}],"wp:attachment":[{"href":"https:\/\/archives.regards.fr\/index.php?rest_route=%2Fwp%2Fv2%2Fmedia&parent=7527"}],"wp:term":[{"taxonomy":"category","embeddable":true,"href":"https:\/\/archives.regards.fr\/index.php?rest_route=%2Fwp%2Fv2%2Fcategories&post=7527"},{"taxonomy":"post_tag","embeddable":true,"href":"https:\/\/archives.regards.fr\/index.php?rest_route=%2Fwp%2Fv2%2Ftags&post=7527"}],"curies":[{"name":"wp","href":"https:\/\/api.w.org\/{rel}","templated":true}]}}