{"id":7510,"date":"2014-01-01T09:00:00","date_gmt":"2014-01-01T08:00:00","guid":{"rendered":"https:\/\/wp.muchomaas.com\/jean-luc-melenchon-en-flagrant7510\/"},"modified":"2023-06-23T23:16:45","modified_gmt":"2023-06-23T21:16:45","slug":"jean-luc-melenchon-en-flagrant7510","status":"publish","type":"post","link":"https:\/\/archives.regards.fr\/?p=7510","title":{"rendered":"Jean-Luc M\u00e9lenchon en flagrant d\u00e9lit de TF1"},"content":{"rendered":"<p class=\"post_excerpt\">Interview en duplex par Claire Chazal,<br \/>\n13 heures de TF1, 1er d\u00e9cembre 2013.<\/p>\n<p>Du point de vue de<br \/>\nJean-Luc M\u00e9lenchon,<br \/>\nTF1, c\u2019est<br \/>\nl\u2019ennemi. L\u2019ennemi<br \/>\nvisible. L\u2019ennemi qui<br \/>\ncr\u00e8ve l\u2019\u00e9cran. L\u2019ennemi<br \/>\navec <em>\u00ab des<br \/>\nnoms et une adresse \u00bb<\/em> : Claire Chazal,<br \/>\nGilles Bouleau, Jean-Pierre Pernaut, et<br \/>\nleurs clones officiant depuis les studios<br \/>\nde Boulogne-Billancourt. L\u2019ennemi<br \/>\nparmi d\u2019autres, bien s\u00fbr. Mais l\u2019entreprise<br \/>\ncot\u00e9e est une cible de choix sur<br \/>\nla liste de l\u2019ancien candidat du Front<br \/>\nde gauche \u00e0 l\u2019\u00e9lection pr\u00e9sidentielle :<br \/>\n<em>\u00ab Qu\u2019ils s\u2019en aillent tous ! \u00bb<\/em> Car TF1,<br \/>\npremi\u00e8re sur le bouton de t\u00e9l\u00e9commande<br \/>\net en audience, c\u2019est la privatis\u00e9e<br \/>\nde 1987 par la droite, sous Mitterrand.<br \/>\nLa cha\u00eene outranci\u00e8rement et<br \/>\nmalignement dominante, b\u00e2tie de pied<br \/>\nen cap pour gagner des millions. Celle<br \/>\nqui fait la nique au cahier des charges,<br \/>\net dont l\u2019\u00c9tat a mis la fin de concession<br \/>\nen mode Saint-Glinglin. Celle qui tire<br \/>\nle PAF vers le mieux-disant publicitaire<br \/>\npermanent. Celle qui impose sa loi des<br \/>\ns\u00e9ries, son flux de crimes par armes \u00e0<br \/>\nfeu et de t\u00e9l\u00e9films sexistes. Qui fait jeu<br \/>\nde tout bois. Qui t\u00e9l\u00e9-r\u00e9alise en primetime<br \/>\nle moindre de nos d\u00e9sirs. Celle qui<br \/>\nanesth\u00e9sie ses t\u00e9l\u00e9spectateurs \u00e0 coup<br \/>\nde m\u00e9t\u00e9o des plages, des neiges, des<br \/>\nautoroutes. De marronniers micror\u00e9gionaux<br \/>\n\u00e0 l\u2019\u00e9talage. Et qui, \u00e0 chaque journal<br \/>\nt\u00e9l\u00e9vis\u00e9, ne manque pas de pointer<br \/>\nla dette qui explose, les fraudeurs de<br \/>\nla s\u00e9cu, les gr\u00e9vistes grognards, les<br \/>\nBronx des banlieues. Car TF1 sert les<br \/>\npuissants, \u00ab pas vu pas pris \u00bb, disait<br \/>\nPierre Carles. TF1 flatte les passions<br \/>\ntristes pour mieux s\u2019engraisser en parts<br \/>\nde march\u00e9. TF1 participe, \u00e0 coup d\u2019interviews<br \/>\ncomplaisantes comme Aphatie<br \/>\nd\u2019RTL et consorts, de la construction<br \/>\nd\u2019une autoroute au clan Le Pen.<\/p>\n<h2>Dans la gueule du loup<\/h2>\n<p>Que vient faire M\u00e9lenchon \u00e0 TF1 ? D\u2019un<br \/>\nc\u00f4t\u00e9, le pourfendeur obstin\u00e9 de la caste<br \/>\nm\u00e9diatique. De l\u2019autre, la vendeuse de<br \/>\n<em>\u00ab temps de cerveau disponible \u00e0 Coca-<br \/>\nCola \u00bb<\/em>, la b\u00e9tonn\u00e9e de l\u2019int\u00e9rieur<br \/>\nd\u00e8s qu\u2019on \u00e9gratigne ses int\u00e9r\u00eats. Car<br \/>\nla cha\u00eene de Bouygues est un gros<br \/>\nmorceau de cette <em>\u00ab deuxi\u00e8me peau<br \/>\ndu capitalisme \u00bb<\/em> dont parle souvent le<br \/>\nporte-parole du Front de gauche le plus<br \/>\nm\u00e9diatis\u00e9, et son bras droit Delapierre,<br \/>\nth\u00e9oricien du <em>\u00ab judo dans les m\u00e9dias \u00bb<\/em>.<br \/>\nOn conna\u00eet leur strat\u00e9gie anti-m\u00e9dias<br \/>\nqui va de pair avec la ligne d\u2019action<br \/>\npolitique : bousculer les biens\u00e9ances<br \/>\nsur les plateaux, faire sauter les verrous<br \/>\ntenus par la \u00ab cl\u00e9ricature \u00bb, percer les<br \/>\n\u00e9crans de fum\u00e9e id\u00e9ologiques, mettre<br \/>\n\u00e0 bas l\u2019entre-soi des oligarques de la<br \/>\npolitique et de l\u2019information. On comprend<br \/>\nmal, d\u00e8s lors, que M\u00e9lenchon<br \/>\nse mette sans broncher dans la main<br \/>\nde TF1. Et, le temps d\u2019un duplex avec<br \/>\nClaire Chazal, remise ses r\u00e9parties<br \/>\nsaillantes et son esprit d\u00e9capant.<\/p>\n<p>Car le 1er d\u00e9cembre dernier, Jean-<br \/>\nLuc M\u00e9lenchon a visiblement besoin<br \/>\nde TF1. C\u2019est le jour de la marche du Front de gauche pour la \u201cr\u00e9volution<br \/>\nfiscale\u201d. Le plan m\u00e9dia passe par ce<br \/>\nduplex au \u00ab 13 heures \u00bb. L\u2019enjeu est de<br \/>\ntaille : la manifestation, con\u00e7ue pour<br \/>\ncontrer l\u2019offensive des Bonnets rouges<br \/>\ndepuis le 2 novembre \u00e0 Quimper, doit<br \/>\nfaire nombre. On sait que r\u00e9pondre aux<br \/>\nquestions de la journaliste vedette de<br \/>\nTF1 ne jettera pas les t\u00e9l\u00e9spectateurs<br \/>\ndans la rue. Mais l\u2019objectif est de toucher<br \/>\nle public de TF1 et d\u2019amplifier le<br \/>\ncaract\u00e8re national de l\u2019\u00e9v\u00e9nement. Les<br \/>\nr\u00e9sultats d\u2019audience confirmeront le<br \/>\nlendemain : 6,6 millions de t\u00e9l\u00e9spectateurs<br \/>\ndevant le \u00ab 13 heures \u00bb, pour<br \/>\nune part d\u2019audience de 38,9 %. Par<br \/>\nl\u2019entremise de TF1, pr\u00e8s de 40 % de<br \/>\nvrais t\u00e9l\u00e9spectateurs, devant leurs<br \/>\npostes \u00e0 ce moment-l\u00e0 partout en<br \/>\nFrance, sont inform\u00e9s de l\u2019arriv\u00e9e<br \/>\nimminente \u00e0 Paris de vrais manifestants.<br \/>\nLe Front de gauche claironnera<br \/>\nle chiffre de 100 000. Le minist\u00e8re de<br \/>\nl\u2019Int\u00e9rieur de Manuel Valls canonnera<br \/>\npour le r\u00e9duire \u00e0 7 000. Un \u00e9cart sans<br \/>\npr\u00e9c\u00e9dent. \u00c0 ce niveau, la m\u00e9thode de<br \/>\ncalcul compte moins que la volont\u00e9<br \/>\nd\u2019affichage, et de nuire.<\/p>\n<h2>Mise en sc\u00e8ne<\/h2>\n<p>Il faut regarder ce qu\u2019est l\u2019\u00e9mission<br \/>\nnomm\u00e9e \u00ab 13 heures \u00bb sur TF1. Il faut<br \/>\nla voir plusieurs fois tant le diable se<br \/>\nniche dans les d\u00e9tails. Ce 1er d\u00e9cembre<br \/>\nsous la r\u00e9alit\u00e9 r\u00e9elle du ciel parisien,<br \/>\nJean-Luc M\u00e9lenchon est positionn\u00e9<br \/>\navenue des Gobelins, \u00e0 quelques centaines<br \/>\nde m\u00e8tres de la place d\u2019Italie<br \/>\nd\u2019o\u00f9 partiront les cort\u00e8ges. Claire Chazal<br \/>\nest pr\u00eate \u00e0 prendre l\u2019antenne, coiff\u00e9e-<br \/>\nmaquill\u00e9e sous la vraie lumi\u00e8re du<br \/>\nstudio de Boulogne. \u00c0 12 h 59, le community<br \/>\nmanager du PG poste un tweet :<br \/>\n<em>\u00ab Dans quelques instants, @JLMelenchon<br \/>\nest sur #TF1. Nous live-tweeterons.<br \/>\n\u00bb <\/em> Il joint une photo : M\u00e9lenchon<br \/>\ndebout sur le trottoir, avenue d\u00e9serte,<br \/>\ncaban, \u00e9charpe rouge. Une dizaine de<br \/>\nm\u00e8tres derri\u00e8re, un groupe de militants,<br \/>\nbanderole Front de gauche et drapeaux.<br \/>\nOn ne lui a pas encore \u00e9pingl\u00e9<br \/>\nle micro-cravate. On ne voit ni camion<br \/>\nsatellite, ni cadreur, ni cam\u00e9ra.<\/p>\n<p><iframe src=\"http:\/\/www.wat.tv\/embedframe\/211258chuPP3r10992291\" frameborder=\"0\" style=\"width: 460px; height: 270px;\"><\/iframe><\/p>\n<div class=\"watlinks\" style=\"width:460px;font-size:11px; background:#CCCCCC; padding:2px 0 4px 0; text-align: center;\"><a rel=\"nofollow noopener\" target=\"_blank\" class=\"waturl\" href=\"http:\/\/www.wat.tv\/video\/titres-13-heures-01-decembre-6jlpf_2i6xp_.html\" title=\"Vid\u00e9o Les titres du 13 heures du 01 d&eacute;cembre 2013 sur wat.tv\"><strong>Les titres du 13 heures du 01 d\u00e9cembre 2013<\/strong> sur WAT.tv<\/a>  <\/div>\n<p><br clear=\"all\"><\/p>\n<p>C\u2019est l\u2019heure. G\u00e9n\u00e9rique. Musique.<br \/>\nM\u00e9lenchon est \u00e0 l\u2019\u00e9cran d\u00e8s le deuxi\u00e8me<br \/>\ntitre du journal, apr\u00e8s les risques<br \/>\nd\u2019avalanche \u00e9lev\u00e9s dans les Pyr\u00e9n\u00e9es.<br \/>\n<em>\u00ab Mobilisation antifiscalit\u00e9 \u00bb<\/em>, dit<br \/>\nChazal. En surtitre : <em>\u00ab Grogne antifiscale<br \/>\n\u00bb<\/em>. Le plan serr\u00e9 montre M\u00e9lenchon<br \/>\net les militants qui emplissent<br \/>\nle cadre. M\u00e9lenchon sourit. Chazal va d\u00e9rouler trois autres titres : manif de cavaliers<br \/>\n\u00e0 Nice, insurrection en Tha\u00eflande,<br \/>\nluxueuses villas sur la Riviera.<\/p>\n<p><iframe loading=\"lazy\" frameborder=\"0\" width=\"460\" height=\"270\" src=\"http:\/\/www.dailymotion.com\/embed\/video\/x17uzuw\" allowfullscreen><\/iframe><br clear=\"all\"><\/p>\n<p>\u00c0 2\u201955, Chazal lance son <em>\u00ab Jean-Luc<br \/>\nM\u00e9lenchon est avec nous en direct \u00bb<\/em>.<br \/>\nCette fois le micro-cravate y est. Le duplex<br \/>\noccupera 3 minutes 39 d\u2019antenne.<br \/>\n<em>\u00ab On aper\u00e7oit derri\u00e8re vous les drapeaux<br \/>\net les gens qui se massent\u2026 \u00bb<\/em><br \/>\nM\u00e9lenchon dit bonjour \u00e0 tous : <em>\u00ab Je voudrais<br \/>\nvous corriger Claire\u2026 \u00bb <\/em> Familiarit\u00e9<br \/>\ninhabituelle envers l\u2019inamovible pr\u00e9sentatrice<br \/>\nqui \u00e9marge \u00e0 26 000 euros<br \/>\npar mois. On s\u2019attend \u00e0 des protestations<br \/>\nou des corrections de l\u2019invit\u00e9 :<br \/>\n<em>\u00ab Pourquoi ce mot de \u201cgrogne\u201d dans<br \/>\nvos titres ? Nous ne sommes pas des<br \/>\nanimaux beuglants ! Derri\u00e8re moi, ce<br \/>\nne sont pas des gens qui se massent,<br \/>\nmais un petit groupe de militants joyeux<br \/>\net d\u00e9termin\u00e9s ! Nous allons tant\u00f4t \u00e0 la<br \/>\nmanif. \u00bb<\/em> Rien de tout \u00e7a : M\u00e9lenchon<br \/>\ncorrige Chazal parce qu\u2019elle a r\u00e9duit<br \/>\nl\u2019appel de la manifestation au seul PG.<br \/>\nPendant l\u2019interview, d\u00e9filent des images<br \/>\nchoisies des pr\u00e9paratifs de la manif :<br \/>\nbanderoles <em>\u00ab contre le racket d\u2019\u00c9tat \u00bb<\/em>,<br \/>\nballon du PG encore d\u00e9gonfl\u00e9, tables<br \/>\navec livres On n\u2019est pas des moutons :<br \/>\nTVA stop, etc. M\u00e9lenchon ajuste son<br \/>\noreillette. Et fait oeuvre de p\u00e9dagogie<br \/>\npour \u00ab les braves gens \u00bb. Sans pouvoir<br \/>\nentendre ce qui se dit, les militants<br \/>\nagitent les drapeaux. Chazal : \u00ab Estce<br \/>\nque vous voulez faire mieux que<br \/>\nles Bonnets rouges, et reprendre la<br \/>\nmain ? \u00bb La journaliste fait son m\u00e9tier<br \/>\nde TF1. Jean-Luc M\u00e9lenchon est venu<br \/>\nparler gentiment : \u00ab On va s\u2019en sortir<br \/>\ntous ensemble, du mieux qu\u2019on peut. \u00bb<br \/>\nL\u2019obsession pointe derri\u00e8re les mots<br \/>\nchoisis : le tr\u00e8s grand nombre, ne pas<br \/>\n\u00eatre marginalis\u00e9, occuper le terrain.<br \/>\nQuand Chazal remercie, M\u00e9lenchon<br \/>\nne sait pas que son micro-cravate a<br \/>\n\u00e9t\u00e9 coup\u00e9 : \u00ab Je parle tout \u00e0 l\u2019heure \u00bb,<br \/>\nmurmure-t-il pour annoncer son grand<br \/>\ndiscours de l\u2019apr\u00e8s-midi \u00e0 Bercy,<br \/>\ncomme esp\u00e9rant une derni\u00e8re faveur<br \/>\nde la puissance qui l\u2019\u00e9claire.<br \/>\nCar ces quelques minutes Front de<br \/>\ngauche p\u00e8sent si peu dans la grille de<br \/>\nTF1. Le flux m\u00eame du JT noie la \u00ab r\u00e9volution<br \/>\nfiscale \u00bb dans une m\u00e9lasse d\u2019images<br \/>\ncontradictoires : un peu d\u2019avalanches,<br \/>\nun peu de Tha\u00eflande en feu, deux doses<br \/>\nde luxe ni\u00e7ois. Pour finir, comment savoir<br \/>\nce qui marquera, du mot \u00ab grogne \u00bb<br \/>\nou des efforts de M\u00e9lenchon ? Car la<br \/>\ncom\u2019 militante, aussi sinc\u00e8re soit elle, se<br \/>\nvoit fatalement prise dans les ressorts<br \/>\net le fond de teint de TF1.<\/p>\n<p>Qu\u2019y a-t-il de vrai sur la sc\u00e8ne des m\u00e9dias,<br \/>\n\u00e0 part des effets ? Toute image est<br \/>\nmise en sc\u00e8ne. Toute image a son horschamp.<br \/>\nM\u00eame sur un bout de trottoir,<br \/>\nTF1 contr\u00f4le le plateau de tournage.<br \/>\nLe cadreur a plac\u00e9 ses sujets. Mis les<br \/>\nmilitants \u00e0 distance. Pens\u00e9 la focale, la<br \/>\nprofondeur de champ, la lumi\u00e8re. TF1<br \/>\nma\u00eetrise ses effets, d\u00e9cide de chaque<br \/>\ncentim\u00e8tre carr\u00e9 de ce qui passe \u00e0<br \/>\nl\u2019\u00e9cran. TF1 a voulu faire croire \u00e0 une<br \/>\nfoule nombreuse au coeur de l\u2019\u00e9v\u00e9nement.<br \/>\nM\u00e9lenchon s\u2019est laiss\u00e9 faire.<br \/>\nIn fine, TF1 habille comme elle veut<br \/>\nl\u2019image, r\u00e8gle comme elle veut le niveau<br \/>\ndu son en r\u00e9gie. Des malins sur Twitter<br \/>\ncomme @stefandevries ont cru bon de<br \/>\nsoulever des li\u00e8vres inconsistants avec<br \/>\nune photo prise d\u2019un balcon qui d\u00e9voile<br \/>\nle hors-champ du duplex : M\u00e9lenchon<br \/>\n<em>\u00ab \u00e0 la t\u00e9l\u00e9 et\u2026 en r\u00e9alit\u00e9 \u00bb<\/em>. Quelle trouvaille<br \/>\n! Chazal s\u2019est dite <em>\u00ab abasourdie \u00bb<\/em> !<br \/>\nEt le \u201cbad-buzz\u201d \u00e0 charge s\u2019est emball\u00e9<br \/>\nsur la toile et dans les r\u00e9dactions : <em>\u00ab M\u00e9lenchon<br \/>\npris en flagrant d\u00e9lit de mise<br \/>\nen sc\u00e8ne \u00bb, \u00ab M\u00e9lenchon en duplex<br \/>\nde pas grand monde \u00bb, \u00ab Les d\u00e9cors<br \/>\nsont de M\u00e9lenchon, la r\u00e9alisation de<br \/>\nTF1 \u00bb<\/em>. On nous dit que la \u00ab commission<br \/>\nd\u00e9ontologie \u00bb du CSA examinera, en<br \/>\nm\u00eame temps que le d\u00e9calage sonore<br \/>\nde 4 secondes sur les hu\u00e9es contre<br \/>\nHollande le 11 novembre. Que TF1 a<br \/>\njug\u00e9 seulement \u00ab maladroit \u00bb.<\/p>\n<h2>Le jeu et la chandelle<\/h2>\n<p>Voil\u00e0 des gens qui font mine de d\u00e9couvrir<br \/>\nque l\u2019information est sc\u00e9naris\u00e9e,<br \/>\nque le moindre reportage est calibr\u00e9<br \/>\ndans le moule \u00e0 tarte obligatoire, que<br \/>\nles communicants pensent les images,<br \/>\nque des publicitaires s\u2019occupent des<br \/>\n\u00ab produits \u00bb politiques. Et voil\u00e0 des<br \/>\npolitiques, fon\u00e7ant t\u00eate baiss\u00e9e dans<br \/>\nla personnalisation tr\u00e8s Ve R\u00e9publique<br \/>\ndu d\u00e9bat m\u00e9diatique, de s\u2019apercevoir<br \/>\nque le grand cirque m\u00e9diatique a t\u00f4t<br \/>\nfait d\u2019assigner une case \u00e0 votre personnage.<br \/>\nQuand il ne r\u00e9duit pas les \u00ab bons<br \/>\nclients \u00bb les plus radicaux \u00e0 des caricatures<br \/>\n: Besancenot le facteur de Neuilly,<br \/>\nBov\u00e9 le gaulois, M\u00e9lenchon l\u2019impr\u00e9cateur.<br \/>\nCombien d\u2019\u00e9l\u00e9ments de langage<br \/>\net d\u2019essais lumi\u00e8re ont \u00e9t\u00e9 br\u00fbl\u00e9s sur<br \/>\nle b\u00fbcher aux vanit\u00e9s d\u2019un DSK ventripotent<br \/>\nou d\u2019un Cahuzac parjure, lui qui<br \/>\ns\u2019\u00e9tait permis de traiter de \u00ab clown \u00bb \u00e0<br \/>\nla t\u00e9l\u00e9vision un M\u00e9lenchon qui faisait<br \/>\nun jeu de mot sur son nom. <em>\u00ab Les malheureux,<br \/>\nils n\u2019y sont pour rien \u00bb<\/em> dira au Grand Journal, le surlendemain,<br \/>\nun M\u00e9lenchon fac\u00e9tieux \u00e0 propos de<br \/>\nTF1. Alliance objective ou int\u00e9r\u00eats partag\u00e9s<br \/>\n? Cela ne tranche pas la seule<br \/>\nquestion qui vaille et que le site de critique<br \/>\ndes m\u00e9dias <em>Acrimed<\/em> pose en ces<br \/>\ntermes : Comment se servir des m\u00e9dias<br \/>\nsans leur \u00eatre asservi ? Comment lutter<br \/>\ncontre cette violence symbolique des<br \/>\nimages ? Pourquoi se soumettre aux<br \/>\n<em>\u00ab injonctions de rapidit\u00e9, de bri\u00e8vet\u00e9,<br \/>\nde confiance, de biens\u00e9ance \u00bb<\/em> des dispositifs<br \/>\nm\u00e9diatiques ? Henri Maler et<br \/>\nMathias Reymond d\u2019Acrimed ajoutent :<br \/>\n<em>\u00ab Les formes de lutte et de mise en<br \/>\nforme des luttes sont indissociables<br \/>\nde l\u2019impact m\u00e9diatique escompt\u00e9, au<br \/>\npoint que les imp\u00e9ratifs de m\u00e9diatisation<br \/>\ndes conflits invitent souvent \u00e0<br \/>\nadopter des formes d\u2019actions et de repr\u00e9sentation<br \/>\najust\u00e9es \u00e0 la logique m\u00e9diatique.<br \/>\nOui, mais \u00e0 quel prix ? Comment<br \/>\n\u00e9viter de substituer le spectacle<br \/>\n\u00e0 la mobilisation ? \u00bb<\/em><\/p>\n<p>TF1 est un syst\u00e8me qui se combat en<br \/>\nbloc et en d\u00e9tail. M\u00e9lenchon r\u00e9p\u00e8te que<br \/>\n<em>\u00ab les m\u00e9dias sont un traquenard permanent<br \/>\n\u00bb<\/em>, qu\u2019ils <em>\u00ab pourrissent la vie publique<br \/>\n\u00bb<\/em>. Candidat du Front de gauche,<br \/>\nM\u00e9lenchon s\u2019\u00e9tait engag\u00e9 : <em>\u00ab TF1 b\u00e9n\u00e9ficie<br \/>\nd\u2019une concession ; or elle ne<br \/>\nrespecte pas le cahier des charges.<br \/>\nAu-del\u00e0 se pose la question de la l\u00e9gitimit\u00e9<br \/>\nde l\u2019octroi de la premi\u00e8re cha\u00eene \u00e0<br \/>\nun groupe priv\u00e9. \u00bb<\/em> Cela devrait suffire \u00e0<br \/>\nouvrir en permanence le front des hostilit\u00e9s.<br \/>\nL\u2019arme fatale en terrain adverse,<br \/>\nc\u2019est la radicalit\u00e9 non-violente et anticonformiste,<br \/>\ncomme celle d\u2019un Pepe<br \/>\nMujica, le trop peu connu Pr\u00e9sident<br \/>\nuruguayen. Il est urgent de penser, en<br \/>\nm\u00eame temps qu\u2019un autre monde, une<br \/>\nautre t\u00e9l\u00e9vision est possible. Un vrai JT<br \/>\nde gauche. L\u2019enjeu est \u00e9norme : celui<br \/>\nde la bataille pour l\u2019h\u00e9g\u00e9monie culturelle<br \/>\nau sens de Gramsci. Bien au-del\u00e0<br \/>\ndes coups tactiques du jeu politicien,<br \/>\nil est n\u00e9cessaire de <em>\u00ab changer d\u2019imaginaire<br \/>\n\u00bb<\/em>, comme l\u2019\u00e9crivait Christian<br \/>\nSalmon r\u00e9cemment dans Mediapart.<br \/>\nCertes M\u00e9lenchon n\u2019a pas toujours \u00e9t\u00e9<br \/>\ncaressant avec l\u2019ennemi TF1. Apr\u00e8s<br \/>\nson passage \u00e0 l\u2019\u00e9mission \u00ab Parole<br \/>\nde candidats \u00bb en mars 2012, ulc\u00e9r\u00e9<br \/>\nd\u2019\u00eatre pass\u00e9 apr\u00e8s Marine Le Pen qui<br \/>\navait eu droit au prime time, il \u00e9crivait<br \/>\nsur son blog : <em>\u00ab N\u2019oubliez jamais que<br \/>\ncette cha\u00eene a donn\u00e9 la parole \u00e0 la candidate<br \/>\ndu parti qui applaudit debout un<br \/>\ncollabo assassin et antis\u00e9mite et m\u2019a<br \/>\nr\u00e9duit \u00e0 passer sous ses pieds pour<br \/>\nmoiti\u00e9 moins de temps. [\u2026] Mais TF1<br \/>\nnous a expliqu\u00e9 que c\u2019\u00e9tait comme \u00e7a<br \/>\nou rien. Il faut donc subir. Comme on<br \/>\nsubit l\u2019occupant priv\u00e9 d\u2019une ancienne<br \/>\nt\u00e9l\u00e9 publique en lui r\u00e9sistant du mieux<br \/>\nqu\u2019on peut. \u00bb<\/em> M\u00eame le temps d\u2019un<br \/>\nduplex, en connivence pour les beaux<br \/>\n6 millions de t\u00e9l\u00e9spectateurs de Claire<br \/>\nChazal, on ne traverse pas sans risque<br \/>\nle \u00ab Truman Show \u00bb quotidien de TF1.<br \/>\nM\u00eame du mieux qu\u2019on peut, on ne combat<br \/>\npas \u00e0 mains nues contre les images.<div id='gallery-1' class='gallery galleryid-7510 gallery-columns-3 gallery-size-thumbnail'><figure class='gallery-item'>\n\t\t\t<div class='gallery-icon landscape'>\n\t\t\t\t<a href='https:\/\/archives.regards.fr\/wp-content\/uploads\/2014\/02\/jlm-fb9.jpg'><img loading=\"lazy\" decoding=\"async\" width=\"150\" height=\"150\" src=\"https:\/\/archives.regards.fr\/wp-content\/uploads\/2014\/02\/jlm-fb9-150x150.jpg\" class=\"attachment-thumbnail size-thumbnail\" alt=\"jlm.jpg\" \/><\/a>\n\t\t\t<\/div><\/figure>\n\t\t<\/div>\n<\/p>\n","protected":false},"excerpt":{"rendered":"<p>Interview en duplex par Claire Chazal,<br \/>\n13 heures de TF1, 1er d\u00e9cembre 2013.<\/p>\n","protected":false},"author":1,"featured_media":19861,"comment_status":"open","ping_status":"open","sticky":false,"template":"","format":"standard","meta":{"_themeisle_gutenberg_block_has_review":false,"footnotes":""},"categories":[1],"tags":[383,397],"class_list":["post-7510","post","type-post","status-publish","format-standard","has-post-thumbnail","hentry","category-non-classe","tag-jean-luc-melenchon","tag-television"],"_links":{"self":[{"href":"https:\/\/archives.regards.fr\/index.php?rest_route=\/wp\/v2\/posts\/7510","targetHints":{"allow":["GET"]}}],"collection":[{"href":"https:\/\/archives.regards.fr\/index.php?rest_route=\/wp\/v2\/posts"}],"about":[{"href":"https:\/\/archives.regards.fr\/index.php?rest_route=\/wp\/v2\/types\/post"}],"author":[{"embeddable":true,"href":"https:\/\/archives.regards.fr\/index.php?rest_route=\/wp\/v2\/users\/1"}],"replies":[{"embeddable":true,"href":"https:\/\/archives.regards.fr\/index.php?rest_route=%2Fwp%2Fv2%2Fcomments&post=7510"}],"version-history":[{"count":0,"href":"https:\/\/archives.regards.fr\/index.php?rest_route=\/wp\/v2\/posts\/7510\/revisions"}],"wp:featuredmedia":[{"embeddable":true,"href":"https:\/\/archives.regards.fr\/index.php?rest_route=\/wp\/v2\/media\/19861"}],"wp:attachment":[{"href":"https:\/\/archives.regards.fr\/index.php?rest_route=%2Fwp%2Fv2%2Fmedia&parent=7510"}],"wp:term":[{"taxonomy":"category","embeddable":true,"href":"https:\/\/archives.regards.fr\/index.php?rest_route=%2Fwp%2Fv2%2Fcategories&post=7510"},{"taxonomy":"post_tag","embeddable":true,"href":"https:\/\/archives.regards.fr\/index.php?rest_route=%2Fwp%2Fv2%2Ftags&post=7510"}],"curies":[{"name":"wp","href":"https:\/\/api.w.org\/{rel}","templated":true}]}}