{"id":7498,"date":"2014-02-21T15:40:58","date_gmt":"2014-02-21T14:40:58","guid":{"rendered":"https:\/\/wp.muchomaas.com\/article-l-anthologie-liberale-de-dix\/"},"modified":"2014-02-21T15:40:58","modified_gmt":"2014-02-21T14:40:58","slug":"article-l-anthologie-liberale-de-dix","status":"publish","type":"post","link":"https:\/\/archives.regards.fr\/?p=7498","title":{"rendered":"L&#8217;anthologie lib\u00e9rale de dix socialistes"},"content":{"rendered":"<p class=\"post_excerpt\">Ou comment des parlementaires PS fustigent la \u00ab rigidit\u00e9 \u00bb du Code du travail, \u00e2nonnent la vulgate droiti\u00e8re sur \u00ab nos corporatismes, nos conservatismes et nos \u00e9go\u00efsmes \u00bb et f\u00e9licitent Fran\u00e7ois Hollande de \u00ab s\u2019\u00e9lever au dessus des pr\u00e9jug\u00e9s et des tabous id\u00e9ologiques \u00bb&#8230;<\/p>\n<p>Il est parfois des d\u00e9couvertes qui laissent pantois. Ainsi de cette phrase : <em>\u00ab Pour l\u2019emploi, il faudra que F. Hollande s\u2019attaque \u00e0 un ultime et redoutable tabou national : celui des rigidit\u00e9s d\u2019un code du travail qui, de protecteur du salari\u00e9, est devenu un puissant r\u00e9pulsif de l\u2019emploi \u00bb.<\/em> Et l\u00e0, on se dit : Pierre Gattaz, tu exag\u00e8res, il faut toujours que tu en rajoutes. D&#8217;abord, avec le Pacte de responsabilit\u00e9, tu es d\u00e9j\u00e0 bien servi, ensuite, l&#8217;Accord national interprofessionnel (ANI) sign\u00e9 le 11 janvier 2013 par trois syndicats (CFE-CGC, CFDT, CFTC) et l&#8217;ensemble des organisations patronales (MEDEF, UPA, CGPME) a accord\u00e9 de nouveaux outils de flexibilit\u00e9 aux entreprises. Oui mais voil\u00e0, cette phrase n&#8217;\u00e9mane ni des cercles du patronat fran\u00e7ais, ni des secteurs les plus lib\u00e9raux de l&#8217;UMP mais d&#8217;un texte sign\u00e9 par dix parlementaires socialistes, <a href=\"http:\/\/blog.jmlg.fr\/?p=3950\">&#8220;Pacte de responsabilit\u00e9: le pari audacieux de F. Hollande&#8221;<\/a>. <\/p>\n<p><strong><em>Poncifs ultralib\u00e9raux<br \/>\n<\/strong><\/em><\/p>\n<p>Anciens aficionados de Dominique Strauss-Kahn, ces d\u00e9put\u00e9s et s\u00e9nateurs dont Jean-Marie Le Guen ou Christophe Caresche d\u00e9put\u00e9s de Paris se livrent \u00e0 une v\u00e9ritable anthologie du renoncement. Fini les faux semblants, les ruses de la raison pour pr\u00e9server un petit vernis progressiste, le discours s&#8217;affirme r\u00e9solument lib\u00e9ral : <em>\u00ab en donnant la priorit\u00e9 \u00e0 une politique \u00e9conomique dite &#8220;de l\u2019offre&#8221;, F. Hollande transgresse la fronti\u00e8re entre les pr\u00e9tendus &#8220;lib\u00e9raux de droite&#8221; et &#8220;keyn\u00e9siens de gauche&#8221; \u00bb<\/em>. Les <em>\u00ab pr\u00e9tendus lib\u00e9raux de droite \u00bb<\/em>, il faut oser : jusque l\u00e0 seuls des sites ultralib\u00e9raux comme <em>atlantico.fr<\/em> occupaient ce cr\u00e9neau. Il faut croire que depuis la conf\u00e9rence de presse de Fran\u00e7ois Hollande, toutes les digues ont c\u00e9d\u00e9 au sein du Parti Socialiste. <\/p>\n<p><em>Le Monde<\/em>, rendant compte d&#8217;une \u00e9tude lexicale des discours du pr\u00e9sident de la R\u00e9publique, vient de publier <a href=\"http:\/\/abonnes.lemonde.fr\/culture\/article\/2014\/02\/20\/la-sarkozysation-du-discours-hollandais_4370612_3246.html\">&#8220;La sarkozysation du discours hollandais&#8221;<\/a>\u2026 L&#8217;\u00e9tonnante tribune de ces dix socialistes reprend quant \u00e0 elle tous les poncifs ultra-lib\u00e9raux : <em>\u00ab la France, combl\u00e9e d\u2019atouts mais aussi percluse de conservatismes \u00bb,  \u00ab le vieux et inavouable corporatisme de nos corps interm\u00e9diaires \u00bb<\/em> ou encore <em>\u00ab les abus et les d\u00e9rives de nos d\u00e9penses sociales \u00bb<\/em>. Il y a peu, de tels propos exprim\u00e9s, m\u00eame avec un luxe de pr\u00e9caution, par l&#8217;UMP auraient suscit\u00e9 une lev\u00e9e de boucliers. Qu&#8217;ils puissent sans ambages \u00eatre prof\u00e9r\u00e9s par des parlementaires bien install\u00e9s dans l&#8217;appareil socialiste en dit long sur la d\u00e9gradation du rapport de forces et l&#8217;\u00e9tat du PS.<\/p>\n<p><strong><em>\u00ab Essayer aujourd\u2019hui toutes les solutions \u00bb<br \/>\n<\/strong><\/em><\/p>\n<p>Avec son Pacte de responsabilit\u00e9, le gouvernement laisse miroiter d&#8217;\u00e9ventuelles contreparties en mati\u00e8re d&#8217;embauches. Chacun le sait, il n&#8217;en sera rien, et la tribune le reconna\u00eet sans difficult\u00e9 : <em>\u00ab Si F. Hollande a le m\u00e9rite d\u2019affronter le probl\u00e8me du co\u00fbt du travail, on peut douter qu\u2019il obtienne en contrepartie des engagements fermes d\u2019embauche dans un contexte \u00e9conomique tr\u00e8s incertain \u00bb<\/em>. Mais pas de souci car le v\u00e9ritable probl\u00e8me pour l&#8217;emploi c&#8217;est <em>\u00ab la rigidit\u00e9 du code du travail \u00bb<\/em>.<\/p>\n<p>Les convictions, la volont\u00e9 d&#8217;un peu de justice sociale \u2013 on ne parle pas ici de transformation de la soci\u00e9t\u00e9, abandonn\u00e9e depuis belle lurette \u2013, c&#8217;est termin\u00e9. D\u00e9sormais, <em>\u00ab on caract\u00e9rise un homme d\u2019\u00c9tat par sa capacit\u00e9 \u00e0 s\u2019\u00e9lever au dessus des pr\u00e9jug\u00e9s et des tabous id\u00e9ologiques de son camp pour faire pr\u00e9valoir une vision de l\u2019int\u00e9r\u00eat sup\u00e9rieur du pays \u00bb <\/em>. Et le texte de conclure : <em>\u00ab il faut essayer aujourd\u2019hui toutes les solutions que nos retenues id\u00e9ologiques, nos conservatismes et nos \u00e9go\u00efsmes, ont trop longtemps interdites \u00e0 la France \u00bb.<\/em> Reconnaissons aux signataires de cette tribune, qu&#8217;effectivement, il n&#8217;y a plus aucune retenue.<\/p>\n<p>Ce texte est une nouvelle illustration de ce qu&#8217;incarne le quinquennat de Fran\u00e7ois Hollande : l&#8217;adieu d\u00e9finitif \u00e0 la gauche. Ce n&#8217;est pas une bonne nouvelle, mais c&#8217;est une r\u00e9alit\u00e9 \u00e0 laquelle il faut d\u00e9sormais se confronter.<\/p>\n","protected":false},"excerpt":{"rendered":"<p>Ou comment des parlementaires PS fustigent la \u00ab rigidit\u00e9 \u00bb du Code du travail, \u00e2nonnent la vulgate droiti\u00e8re sur \u00ab nos corporatismes, nos conservatismes et nos \u00e9go\u00efsmes \u00bb et f\u00e9licitent Fran\u00e7ois Hollande de \u00ab s\u2019\u00e9lever au dessus des pr\u00e9jug\u00e9s et des tabous id\u00e9ologiques \u00bb&#8230;<\/p>\n","protected":false},"author":1097,"featured_media":0,"comment_status":"open","ping_status":"open","sticky":false,"template":"","format":"standard","meta":{"_themeisle_gutenberg_block_has_review":false,"footnotes":""},"categories":[157],"tags":[390,304],"class_list":["post-7498","post","type-post","status-publish","format-standard","hentry","category-web","tag-parti-socialiste","tag-travail"],"_links":{"self":[{"href":"https:\/\/archives.regards.fr\/index.php?rest_route=\/wp\/v2\/posts\/7498","targetHints":{"allow":["GET"]}}],"collection":[{"href":"https:\/\/archives.regards.fr\/index.php?rest_route=\/wp\/v2\/posts"}],"about":[{"href":"https:\/\/archives.regards.fr\/index.php?rest_route=\/wp\/v2\/types\/post"}],"author":[{"embeddable":true,"href":"https:\/\/archives.regards.fr\/index.php?rest_route=\/wp\/v2\/users\/1097"}],"replies":[{"embeddable":true,"href":"https:\/\/archives.regards.fr\/index.php?rest_route=%2Fwp%2Fv2%2Fcomments&post=7498"}],"version-history":[{"count":0,"href":"https:\/\/archives.regards.fr\/index.php?rest_route=\/wp\/v2\/posts\/7498\/revisions"}],"wp:attachment":[{"href":"https:\/\/archives.regards.fr\/index.php?rest_route=%2Fwp%2Fv2%2Fmedia&parent=7498"}],"wp:term":[{"taxonomy":"category","embeddable":true,"href":"https:\/\/archives.regards.fr\/index.php?rest_route=%2Fwp%2Fv2%2Fcategories&post=7498"},{"taxonomy":"post_tag","embeddable":true,"href":"https:\/\/archives.regards.fr\/index.php?rest_route=%2Fwp%2Fv2%2Ftags&post=7498"}],"curies":[{"name":"wp","href":"https:\/\/api.w.org\/{rel}","templated":true}]}}