{"id":7472,"date":"2014-02-13T08:58:12","date_gmt":"2014-02-13T07:58:12","guid":{"rendered":"https:\/\/wp.muchomaas.com\/emma-cosse-nous-assumons-l-idee7472\/"},"modified":"2014-02-13T08:58:12","modified_gmt":"2014-02-13T07:58:12","slug":"emma-cosse-nous-assumons-l-idee7472","status":"publish","type":"post","link":"https:\/\/archives.regards.fr\/?p=7472","title":{"rendered":"Emma Cosse : \u00abNous assumons l&#8217;id\u00e9e que ce gouvernement doit r\u00e9ussir\u00bb"},"content":{"rendered":"<p class=\"post_excerpt\">Europe \u00c9cologie-Les Verts a tenu samedi 8 f\u00e9vrier un Conseil f\u00e9d\u00e9ral. Dans un contexte politique de recul du gouvernement sur des th\u00e9matiques de gauche, la question de la participation au gouvernement se pose une nouvelle fois. Entretien avec Emmanuelle Cosse, secr\u00e9taire nationale d&#8217;EELV.<\/p>\n<p><strong>Regards.fr: <em>Vous avez plaid\u00e9 lors de ce Conseil f\u00e9d\u00e9ral pour une &#8220;participation combative&#8221; au gouvernement. C&#8217;est-\u00e0-dire<\/em>?<\/strong><\/p>\n<p><strong>Emmanuelle Cosse:<\/strong> Nous avons fait le choix de participer \u00e0 ce gouvernement et nous ne sommes pas sur l&#8217;id\u00e9e d&#8217;un va-et-vient permanent entre le dedans et le dehors. On y est et on l&#8217;assume. \u00c0 partir de l\u00e0, nous nous battons pour tenir les engagements sur lesquels nous avons \u00e9t\u00e9 \u00e9lus. Nous voulons \u00eatre force de proposition. C&#8217;est cela que j&#8217;appelle une participation combative. Tout r\u00e9cemment, nous nous sommes clairement positionn\u00e9s sur la loi sur la famille [[au lendemain de l&#8217;annonce du report de l&#8217;examen de la loi, Emmanuelle Cosse avait d\u00e9plor\u00e9 un \u00ab\u00a0<em>renoncement consternant<\/em>\u00a0\u00bb suite \u00e0 la\u00a0\u00ab<em>mobilisation du camp r\u00e9actionnaire<\/em>\u00bb.]] et nous voulons travailler au contenu du pacte de responsabilit\u00e9 [[Lors du Conseil f\u00e9d\u00e9ral de ce week-end, EELV a produit une motion <a href=\"https:\/\/eelv.fr\/wp-content\/uploads\/2014\/02\/Motion-pour-un-autre-pacte-de-responsabilit\u00e9-\u00e9cologique-et-social1.pdf\">\u00abPour un pacte de responsabilit\u00e9 \u00e9cologiste et social\u00bb<\/a> dans laquelle il est notamment \u00e9crit que \u00ab<em>Le Conseil f\u00e9d\u00e9ral d\u2019EELV r\u00e9uni le 8 et 9 f\u00e9vrier exprime une opposition ferme \u00e0 l\u2019orientation \u00e9conomique environnementale et sociale de la politique gouvernementale telle qu\u2019elle a \u00e9t\u00e9 exprim\u00e9e par Fran\u00e7ois Hollande lors de sa conf\u00e9rence de presse de janvier<\/em>\u00bb.]]. Jusqu&#8217;\u00e0 la fin, nous voulons travailler sur le contenu. Il faut aussi bien mesurer que sans cette participation, la moiti\u00e9 des amendements que nous proposons \u00e0 l&#8217;Assembl\u00e9e et au S\u00e9nat ne passerait pas. Le fait d&#8217;\u00eatre au gouvernement nous donne une capacit\u00e9 de n\u00e9gociation et je pense que c&#8217;est parce que nous avons un pied dans le gouvernement que nous pouvons parvenir \u00e0 faire bouger des choses.<\/p>\n<p><strong> <em>Pourtant, la volont\u00e9 d&#8217;EELV, exprim\u00e9e lors du Conseil de ce week-end, d&#8217;\u00eatre<\/em> \u00abtotalement intransigeant\u00bb <em>sur la loi de transition \u00e9nerg\u00e9tique pourrait r\u00e9sonner comme une menace de d\u00e9part adress\u00e9e au chef du gouvernement&#8230;<\/em> <\/strong><\/p>\n<p>Encore une fois, notre participation est l\u00e0 et nous souhaitons dans ce cadre d\u00e9fendre un certain nombre de choses. Mais personne ne sait jusqu&#8217;\u00e0 quand cela durera. La loi sur la transition \u00e9nerg\u00e9tique est pour nous extr\u00eamement importante et nous tenons \u00e0 ce que l&#8217;ensemble des engagements que Fran\u00e7ois Hollande a pris durant la campagne soient tenus. La France doit enclencher sans tarder un processus de d\u00e9croissance sur le nucl\u00e9aire. Cela passe par la fermeture de Fessenheim, par le respect de l&#8217;\u00e9ch\u00e9ancier annonc\u00e9 sur 2025 [[lors de sa campagne pr\u00e9sidentielle, Fran\u00e7ois Hollande s&#8217;\u00e9tait engag\u00e9 \u00e0 une r\u00e9duction \u00e0 50% de la part du nucl\u00e9aire dans la production \u00e9nerg\u00e9tique fran\u00e7aise d&#8217;ici \u00e0 2025. Une promesse r\u00e9it\u00e9r\u00e9e d\u00e9but d\u00e9cembre pour r\u00e9pondre aux doutes exprim\u00e9es par Anne Lauvergeon, l&#8217;ancienne pr\u00e9sidente d&#8217;Areva.]]. On ne veut plus d&#8217;EPR&#8230; Il y a toute une bataille \u00e0 mener sur la question de l&#8217;efficacit\u00e9 \u00e9nerg\u00e9tique. Et il est clair que cette question pourrait constituer un motif de rupture avec le gouvernement.<\/p>\n<p><strong> <em>Pacte de responsabilit\u00e9, recul sur la loi de la famille&#8230; Le grand \u00e9cart entre la participation \u00e0 un gouvernement qui ne brille pas vraiment par la mise en \u0153uvre d&#8217;une politique de gauche et les positions plus marqu\u00e9es d&#8217;EELV sur ces sujets, n&#8217;est-il pas un peu douloureux ?<\/em> <\/strong><\/p>\n<p>Je r\u00e9fute l&#8217;id\u00e9e selon laquelle EELV fait le grand \u00e9cart. Il est incroyable que ce soit \u00e0 nous que l&#8217;on demande sans cesse d&#8217;\u00eatre les marqueurs de gauche du gouvernement !  Il faut, je crois, faire la diff\u00e9rence entre Hollande et le gouvernement d&#8217;un c\u00f4t\u00e9, et le PS de l&#8217;autre. Car les premiers trahis par le recul sur la loi sur la famille ce sont les socialistes, pas Les Verts! Le vrai sujet est de savoir comment les socialistes sont de gauche&#8230; Il y a au sein du PS, pour aller vite, un clivage entre une ligne disons social-d\u00e9mocrate et une autre social-\u00e9tatiste. C&#8217;est un fait, mais je ne me r\u00e9sous pas pour autant \u00e0 penser que nous ne pouvons pas gouverner avec eux. La question, c&#8217;est de savoir si, oui ou non, nous renon\u00e7ons \u00e0 exister pour les vingt-cinq ans qui viennent&#8230; Parce que le Grand soir, pour l&#8217;instant, ne se traduit pas \u00e9lectoralement.<\/p>\n<p><strong> <em>Comment peser sur les politiques gouvernementales, et quelle place occuper \u00e0 gauche, dans ce contexte ?<\/em> <\/strong><\/p>\n<p>Sans \u00eatre dans la compromission, ni dans le reniement de nos valeurs, nous voulons allumer un certain nombre de signaux quand le PS gouverne. Nous pourrions demain participer \u00e0 une alternative \u00e0 gauche, mais je consid\u00e8re qu&#8217;aujourd&#8217;hui, dans cet espace, les organisations ne sont pas suffisamment forces de proposition. Je le regrette et l&#8217;un de nos probl\u00e8mes, justement, c&#8217;est qu&#8217;il n&#8217;y a pas de ministre Front de gauche au gouvernement ! Je r\u00e9fl\u00e9chis, avec d&#8217;autres, \u00e0 ce que pourrait \u00eatre une autre politique de gauche. Mais il faut vraiment sortir d&#8217;une vision binaire des choses. En attendant, nous sommes dans un gouvernement et nous assumons l&#8217;id\u00e9e que ce gouvernement doit r\u00e9ussir. <\/p>\n<p><strong> <em>Qu&#8217;attendez-vous des \u00e9lections municipales?<\/em> <\/strong><\/p>\n<p>Clairement, nous comptons sur ce scrutin pour modifier le rapport de force actuel avec le PS, qui d\u00e9coule de l&#8217;\u00e9lection pr\u00e9sidentielle de 2012. On part de loin, donc \u00e7a ne devrait pas \u00eatre tr\u00e8s compliqu\u00e9&#8230; D&#8217;autre part, il s&#8217;agit bien s\u00fbr de renforcer notre nombre d&#8217;\u00e9lus. Dans les villes de plus de 30.000 habitants, nous partons aujourd&#8217;hui \u00e0 51 % au soutien d&#8217;une t\u00eate de liste PS, \u00e0 35 % en autonomie, \u00e0 7,5 % au soutien d&#8217;une t\u00eate de liste PC, \u00e0 1,5 % au soutien d&#8217;une liste PG et \u00e0 0,5 % au soutien d&#8217;une liste Modem. Dans notre parti, ce type de d\u00e9cisions se prend localement, avec des strat\u00e9gies locales. Nous sommes bien s\u00fbr tr\u00e8s prudents, mais les projections dont nous disposons dans les villes o\u00f9 nous sommes en autonomie nous donnent plus d&#8217;\u00e9lus que nous n&#8217;en avons pour l&#8217;instant. Et cela correspond aux retours que nous avons du terrain. Nous esp\u00e9rons donc nous renforcer \u00e0 l&#8217;issue de ces municipales.<\/p>\n","protected":false},"excerpt":{"rendered":"<p>Europe \u00c9cologie-Les Verts a tenu samedi 8 f\u00e9vrier un Conseil f\u00e9d\u00e9ral. Dans un contexte politique de recul du gouvernement sur des th\u00e9matiques de gauche, la question de la participation au gouvernement se pose une nouvelle fois. Entretien avec Emmanuelle Cosse, secr\u00e9taire nationale d&#8217;EELV.<\/p>\n","protected":false},"author":558,"featured_media":0,"comment_status":"open","ping_status":"open","sticky":false,"template":"","format":"standard","meta":{"_themeisle_gutenberg_block_has_review":false,"footnotes":""},"categories":[157],"tags":[457,293],"class_list":["post-7472","post","type-post","status-publish","format-standard","hentry","category-web","tag-eelv","tag-entretien"],"_links":{"self":[{"href":"https:\/\/archives.regards.fr\/index.php?rest_route=\/wp\/v2\/posts\/7472","targetHints":{"allow":["GET"]}}],"collection":[{"href":"https:\/\/archives.regards.fr\/index.php?rest_route=\/wp\/v2\/posts"}],"about":[{"href":"https:\/\/archives.regards.fr\/index.php?rest_route=\/wp\/v2\/types\/post"}],"author":[{"embeddable":true,"href":"https:\/\/archives.regards.fr\/index.php?rest_route=\/wp\/v2\/users\/558"}],"replies":[{"embeddable":true,"href":"https:\/\/archives.regards.fr\/index.php?rest_route=%2Fwp%2Fv2%2Fcomments&post=7472"}],"version-history":[{"count":0,"href":"https:\/\/archives.regards.fr\/index.php?rest_route=\/wp\/v2\/posts\/7472\/revisions"}],"wp:attachment":[{"href":"https:\/\/archives.regards.fr\/index.php?rest_route=%2Fwp%2Fv2%2Fmedia&parent=7472"}],"wp:term":[{"taxonomy":"category","embeddable":true,"href":"https:\/\/archives.regards.fr\/index.php?rest_route=%2Fwp%2Fv2%2Fcategories&post=7472"},{"taxonomy":"post_tag","embeddable":true,"href":"https:\/\/archives.regards.fr\/index.php?rest_route=%2Fwp%2Fv2%2Ftags&post=7472"}],"curies":[{"name":"wp","href":"https:\/\/api.w.org\/{rel}","templated":true}]}}