{"id":7469,"date":"2014-02-12T11:53:58","date_gmt":"2014-02-12T10:53:58","guid":{"rendered":"https:\/\/wp.muchomaas.com\/liberation-un-bilan-a-deposer7469\/"},"modified":"2014-02-12T11:53:58","modified_gmt":"2014-02-12T10:53:58","slug":"liberation-un-bilan-a-deposer7469","status":"publish","type":"post","link":"https:\/\/archives.regards.fr\/?p=7469","title":{"rendered":"Lib\u00e9ration, un bilan \u00e0 d\u00e9poser"},"content":{"rendered":"<p class=\"post_excerpt\">Pour faire table rase d&#8217;une politique qui a pr\u00e9cipit\u00e9 le quotidien dans la spirale de son d\u00e9clin et l&#8217;a conduit \u00e0 un bras de fer radical entre les actionnaires et les journalistes, un nouveau projet \u00e9ditorial est n\u00e9cessaire. Qui passe probablement, pour ces derniers, par un d\u00e9p\u00f4t de bilan&#8230; <\/p>\n<p><em>\u00ab\u00a0Nous sommes un journal\u00a0\u00bb<\/em>, proclamait en une <em>Lib\u00e9ration<\/em>, le samedi 7 f\u00e9vrier. Poursuivant\u00a0: <em>\u00ab\u00a0pas un restaurant, pas un r\u00e9seau social, pas un espace culturel, pas un plateau t\u00e9l\u00e9, pas un bar, pas un incubateur de start-up&#8230;\u00a0\u00bb<\/em>. Cette une et les trois pages qui suivaient ont \u00e9t\u00e9 r\u00e9dig\u00e9es par un groupe de journalistes \u00e9manant d&#8217;une assembl\u00e9e g\u00e9n\u00e9rale du personnel. Laquelle avait, l&#8217;avant-veille, vot\u00e9 la gr\u00e8ve avec non parution du journal du vendredi 6 f\u00e9vrier. Un geste d&#8217;une extr\u00eame gravit\u00e9, pour une entreprise de presse aux comptes ratibois\u00e9s. Un geste vot\u00e9 par le recours \u00e0 la proc\u00e9dure d&#8217;une liste d&#8217;\u00e9margements, celle du personnel admis au vote pour les \u00e9lections professionnelles. Avec un r\u00e9sultat sans appel\u00a0: plus de 80% de votants \u2013 un chiffre \u00e9norme en raison des impossibilit\u00e9s pratiques pour des pigistes ou salari\u00e9s hors de l&#8217;entreprise ce jour l\u00e0 \u2013, et plus de 65% pour la gr\u00e8ve.<\/p>\n<h2>Ledoux allume l&#8217;incendie<\/h2>\n<p>C&#8217;est cette non parution qui va d\u00e9clencher l&#8217;outing de Bruno Ledoux, affairiste dans l&#8217;immobilier, venu au capital de <em>Lib\u00e9ration<\/em> pour des motifs jusqu&#8217;alors inconnus. Ledoux se trouve \u00eatre le copropri\u00e9taire de l&#8217;immeuble o\u00f9 travaille l&#8217;\u00e9quipe de <em>Lib\u00e9ration<\/em> depuis 1986. Et l&#8217;on murmure, chez quelques sp\u00e9cialistes de la r\u00e9daction, que ses soci\u00e9t\u00e9s en cascade, avec localisation de fortes sommes en paradis fiscal, pourraient bien int\u00e9resser Bercy. C&#8217;est lui qui, pas tout \u00e0 fait volontairement, allume l&#8217;incendie, par un courriel destin\u00e9 \u00e0 Nicolas Demorand (mis en place par \u00c9douard de Rothschild lorsqu&#8217;il a \u00e9vinc\u00e9 July), mais intercept\u00e9 et publi\u00e9 par BFM. Il y insulte les journalistes, trait\u00e9s de <em>\u00ab\u00a0ringards\u00a0\u00bb<\/em>, <em>\u00ab\u00a0\u00e9triqu\u00e9s\u00a0\u00bb<\/em>, <em>\u00ab\u00a0mecs pour lesquels les Fran\u00e7ais raquent\u00a0\u00bb.<\/em> Auxquels il faut parler <em>\u00ab\u00a0cash\u00a0\u00bb<\/em> avec <em>\u00ab\u00a0le projet sur l&#8217;immeuble\u00a0\u00bb<\/em>. Tout en gardant <em>\u00ab\u00a0le monopole de la vision strat\u00e9gique et \u00e9conomique\u00a0\u00bb<\/em>. Un baratin servi aux \u00e9lus du personnel depuis le mois de septembre s&#8217;\u00e9croule. Remplac\u00e9 par un discours grotesque sur une transformation de l&#8217;immeuble, avec le designer Starck, en <em>\u00ab\u00a0centre culturel, incubateur de start-up, resto branch\u00e9, newsroom digitale\u00a0\u00bb<\/em>&#8230; cens\u00e9 apporter de l&#8217;argent frais au quotidien, dont l&#8217;\u00e9quipe d\u00e9m\u00e9nagerait dans un autre immeuble appartenant \u00e0 Ledoux, \u00e0 Bagnolet.<\/p>\n<p>Depuis, le bras de fer continue, avec enfumage du c\u00f4t\u00e9 des actionnaires et prise en main d&#8217;une partie du journal par les journalistes, qui imposent plusieurs jours de suite de capturer deux pages pour s&#8217;exprimer sur le conflit en cours, et emp\u00eachent que Nicolas Demorand y publient un texte. \u00c0 l&#8217;heure o\u00f9 ces lignes sont \u00e9crites, il est impossible de pronostiquer la fin de ce conflit pour le moins singulier. Son enjeu\u00a0? Est-il possible de r\u00e9introduire dans les kiosques un quotidien national, de gauche, situ\u00e9 politiquement et culturellement entre <em>Le Monde<\/em> et l&#8217;<em>Humanit\u00e9<\/em>\u00a0? La place existe, c&#8217;est une \u00e9vidence pour un quotidien papier et un ensemble de productions sur Internet, \u00e0 condition qu&#8217;elles soient payantes et non fond\u00e9es sur le mod\u00e8le mixte acc\u00e8s gratuit et publicit\u00e9.\u00a0<\/p>\n<h2>Enrayer la banalisation, retrouver l&#8217;ind\u00e9pendance<\/h2>\n<p>Mais occuper cet espace avec suffisamment de r\u00e9ussite pour en faire vivre une \u00e9quipe d&#8217;environ 250 \u00e0 300 personnes, indispensable pour une qualit\u00e9 minimum, suppose une orientation politique et \u00e9ditoriale claire et une comp\u00e9tence qui ne sont manifestement plus l\u00e0. R\u00e9sultat d&#8217;une d\u00e9prise progressive de l&#8217;\u00e9quipe sur le journal, fruit du choix ancien de s&#8217;en remettre \u00e0 Serge July qui a petit \u00e0 petit, mais efficacement, banalis\u00e9 le fonctionnement, \u00e9tabli une forte hi\u00e9rarchie, y compris salariale, banalisant aussi, du coup, le contenu. Les \u00e9checs de gestion de July, dont l&#8217;erreur gigantesque du projet Lib\u00e9-3, ont min\u00e9 l&#8217;\u00e9conomie de l&#8217;entreprise et provoqu\u00e9 la perte de l&#8217;ind\u00e9pendance, les salari\u00e9s n&#8217;\u00e9tant plus qu&#8217;une minorit\u00e9 au capital, pour finir \u00e0 1% aujourd&#8217;hui.<\/p>\n<p>S&#8217;est alors engag\u00e9e une spirale de d\u00e9clin, \u00e9conomique mais aussi intellectuelle et professionnelle, qui a accentu\u00e9 l&#8217;effet d\u00e9l\u00e9t\u00e8re des maux g\u00e9n\u00e9raux de la presse (co\u00fbt d&#8217;impression et de distribution, disparition de centaines de points de vente, concurrence des gratuits, captation des jeunes g\u00e9n\u00e9rations par le net..). La d\u00e9rive finale, depuis deux ans, doit beaucoup \u00e0 l&#8217;incomp\u00e9tence de Nicolas Demorand, bombard\u00e9 \u00e0 un poste largement au dessus de son niveau de Peter. Mais aussi \u00e0 l&#8217;inertie de la r\u00e9daction, o\u00f9 la d\u00e9fense individuelle a depuis longtemps \u00e9cras\u00e9 tout projet collectif. Avec des r\u00e9sultats d&#8217;une grande m\u00e9diocrit\u00e9 en termes d&#8217;informations, voire des d\u00e9rapages comme l&#8217;histoire abracadabrante des soi-disant comptes en Suisse de Laurent Fabius.<\/p>\n<p>Les salari\u00e9s les plus lucides estiment que seule l&#8217;\u00e9jection de Rothschild et Ledoux peut redonner un espoir de vie au journal, dans cette perspective. Et donc militent pour un d\u00e9p\u00f4t de bilan, une reprise, un red\u00e9marrage avec une autre \u00e9quipe de direction tant pour l&#8217;entreprise que pour la r\u00e9daction. Y parviendront-ils\u00a0? Ou bien l&#8217;op\u00e9ration ne servira-t-elle qu&#8217;\u00e0 permettre une survie li\u00e9e \u00e0 un service rendu ou \u00e0 rendre aux forces politiques qui tiennent l&#8217;\u00c9lys\u00e9e et l&#8217;Assembl\u00e9e\u00a0?<\/p>\n","protected":false},"excerpt":{"rendered":"<p>Pour faire table rase d&#8217;une politique qui a pr\u00e9cipit\u00e9 le quotidien dans la spirale de son d\u00e9clin et l&#8217;a conduit \u00e0 un bras de fer radical entre les actionnaires et les journalistes, un nouveau projet \u00e9ditorial est n\u00e9cessaire. Qui passe probablement, pour ces derniers, par un d\u00e9p\u00f4t de bilan&#8230; <\/p>\n","protected":false},"author":1,"featured_media":0,"comment_status":"open","ping_status":"open","sticky":false,"template":"","format":"standard","meta":{"_themeisle_gutenberg_block_has_review":false,"footnotes":""},"categories":[157],"tags":[287],"class_list":["post-7469","post","type-post","status-publish","format-standard","hentry","category-web","tag-medias"],"_links":{"self":[{"href":"https:\/\/archives.regards.fr\/index.php?rest_route=\/wp\/v2\/posts\/7469","targetHints":{"allow":["GET"]}}],"collection":[{"href":"https:\/\/archives.regards.fr\/index.php?rest_route=\/wp\/v2\/posts"}],"about":[{"href":"https:\/\/archives.regards.fr\/index.php?rest_route=\/wp\/v2\/types\/post"}],"author":[{"embeddable":true,"href":"https:\/\/archives.regards.fr\/index.php?rest_route=\/wp\/v2\/users\/1"}],"replies":[{"embeddable":true,"href":"https:\/\/archives.regards.fr\/index.php?rest_route=%2Fwp%2Fv2%2Fcomments&post=7469"}],"version-history":[{"count":0,"href":"https:\/\/archives.regards.fr\/index.php?rest_route=\/wp\/v2\/posts\/7469\/revisions"}],"wp:attachment":[{"href":"https:\/\/archives.regards.fr\/index.php?rest_route=%2Fwp%2Fv2%2Fmedia&parent=7469"}],"wp:term":[{"taxonomy":"category","embeddable":true,"href":"https:\/\/archives.regards.fr\/index.php?rest_route=%2Fwp%2Fv2%2Fcategories&post=7469"},{"taxonomy":"post_tag","embeddable":true,"href":"https:\/\/archives.regards.fr\/index.php?rest_route=%2Fwp%2Fv2%2Ftags&post=7469"}],"curies":[{"name":"wp","href":"https:\/\/api.w.org\/{rel}","templated":true}]}}