{"id":7463,"date":"2014-02-11T14:00:09","date_gmt":"2014-02-11T13:00:09","guid":{"rendered":"https:\/\/wp.muchomaas.com\/si-on-faisait-le-meme-referendum7463\/"},"modified":"2014-02-11T14:00:09","modified_gmt":"2014-02-11T13:00:09","slug":"si-on-faisait-le-meme-referendum7463","status":"publish","type":"post","link":"https:\/\/archives.regards.fr\/?p=7463","title":{"rendered":"\u00ab Si on faisait le m\u00eame r\u00e9f\u00e9rendum en France, on n&#8217;aurait pas un r\u00e9sultat tr\u00e8s diff\u00e9rent \u00bb"},"content":{"rendered":"<p class=\"post_excerpt\">Le r\u00e9sultat de la votation en Suisse sur la situation des migrants d\u00e9clenche en France de vives critiques de la part des grands m\u00e9dias et des personnalit\u00e9s politiques. Pourtant, la France et l&#8217;Union europ\u00e9enne n&#8217;ont rien \u00e0 envier \u00e0 la Suisse en mati\u00e8re de politique migratoire. Entretien avec Claudia Charles, juriste, charg\u00e9e d&#8217;\u00e9tudes au GISTI (groupe d&#8217;information et de soutien des immigr\u00e9s).<\/p>\n<p><strong>Regards.fr.<\/strong> <strong> <em>La question de la votation demandait aux Suisses de se positionner sur l&#8217;\u00ab immigration de masse \u00bb. Que traduit selon vous cette formulation ?<\/em> <\/strong><\/p>\n<p><strong>Claudia Charles.<\/strong> Le discours sur la suppos\u00e9e \u00ab immigration de masse \u00bb est commun aux pays membres de l&#8217;Union europ\u00e9enne \u2013 la Suisse n&#8217;en fait pas partie, mais elle est associ\u00e9e \u00e0 l&#8217;Union et fait partie de l&#8217;espace Schengen. Parler de l&#8217;immigration massive, c&#8217;est une mani\u00e8re de montrer qu&#8217;il est urgent de ma\u00eetriser l&#8217;arriv\u00e9e des \u00e9trangers, et de d\u00e9cider entre qui on veut et qui on ne veut pas. Le r\u00e9sultat du vote d\u00e9montre que ce discours est tr\u00e8s efficace. <\/p>\n<p><em> <strong>Que r\u00e9v\u00e8le ce r\u00e9sultat ?<\/strong> <\/em><\/p>\n<p>Le repli sur soi, le repli identitaire des pays comme la Suisse ou la France&#8230; Si l&#8217;on faisait un r\u00e9f\u00e9rendum de ce m\u00eame type en France, on n&#8217;est pas s\u00fbr d&#8217;obtenir un r\u00e9sultat tr\u00e8s diff\u00e9rent. Le discours g\u00e9n\u00e9ral et les sondages montrent que les Fran\u00e7ais sont assez r\u00e9ticents \u00e0 l&#8217;immigration et qu&#8217;ils sont pour emp\u00eacher l&#8217;arriv\u00e9e des \u00e9trangers. Ce r\u00e9sultat est la parfaite d\u00e9monstration que les discours tenus par les responsables politiques, qui n&#8217;h\u00e9sitent plus \u00e0 instrumentaliser la question de l&#8217;immigration, font \u00e9cho dans l&#8217;opinion publique. <\/p>\n<p><em> <strong>Malgr\u00e9 les vives protestations des politiques fran\u00e7ais, l&#8217;Union europ\u00e9enne, la France, n&#8217;ont rien \u00e0 envier \u00e0 la Suisse en mati\u00e8re de politique d&#8217;immigration&#8230;<br \/>\n<\/strong> <\/em><\/p>\n<p>En France, il n&#8217;y a pas de quota, mais le d\u00e9bat est venu sur la table \u00e0 plusieurs reprises. La derni\u00e8re fois, je crois que c&#8217;est Malek Boutih qui s&#8217;\u00e9tait d\u00e9clar\u00e9 favorable \u00e0 cette politique de quotas. \u00c0 ce jour, le droit existant ne permet pas de le faire, mais avec ou sans quotas on maintient des \u00e9trangers aux fronti\u00e8res externes de l&#8217;UE. On emp\u00eache la venue de nouveaux migrants. Le cas des Syriens par exemple est assez d\u00e9monstratif de ce qui se passe \u00e0 l&#8217;\u00e9gard de personnes qui ont besoin d&#8217;une protection internationale que l&#8217;UE ne leur offre pas. Beaucoup de dispositifs europ\u00e9ens ont \u00e9t\u00e9 cr\u00e9\u00e9s pour maintenir en dehors de nos fronti\u00e8res les \u00e9trangers &#8220;ind\u00e9sirables&#8221;. <\/p>\n<p><em> <strong>Frontex par exemple ?<br \/>\n<\/strong> <\/em><\/p>\n<p>Oui. Frontex est une agence qui a son si\u00e8ge \u00e0 Varsovie. Elle est charg\u00e9e de mettre en place des op\u00e9rations conjointes de contr\u00f4les aux fronti\u00e8res et d&#8217;emp\u00eacher l&#8217;arriv\u00e9e des migrants. Normalement, ses objectifs sont aussi de venir au secours des migrants en danger de mort, mais on a bien vu que dans ce domaine, Frontex s&#8217;av\u00e8re tr\u00e8s inefficace. Elle travaille beaucoup avec les pays tiers comme la Mauritanie, le Maroc, la Libye, l&#8217;Ukraine, afin que ces \u00e9tats bloquent les migrants \u00e0 leurs fronti\u00e8res int\u00e9rieures. En Turquie, par exemple, il y a eu \u00e9norm\u00e9ment d&#8217;op\u00e9rations de Frontex pour emp\u00eacher les migrants de rejoindre la Gr\u00e8ce. <\/p>\n<p><em> <strong>Existe-t-il d&#8217;autres dispositifs ?<br \/>\n<\/strong> <\/em><\/p>\n<p>Il y a Eurosur, un dispositif qui contr\u00f4le les travaux fait dans le cadre de Frontex. Ou encore les accords de r\u00e9admissions, c&#8217;est-\u00e0-dire qu&#8217;on n\u00e9gocie des accords avec des pays tiers pour que ces derniers r\u00e9admettent leurs ressortissants, mais aussi toutes les personnes pass\u00e9es par leur territoire pour rejoindre l&#8217;UE de mani\u00e8re irr\u00e9guli\u00e8re. Le syst\u00e8me des visas est \u00e9galement tr\u00e8s efficace, puisqu&#8217;il permet de construire des fronti\u00e8res virtuelles sur les pays tiers. Quand on impose des officiers de liaison dans les consulats et les a\u00e9roports internationaux pour v\u00e9rifier qu&#8217;il n&#8217;y a pas de demandeurs d&#8217;asile ou de personnes sans visa, on transpose une fronti\u00e8re virtuelle dans d&#8217;autres pays. Les officiers de liaison de l&#8217;UE constituent encore un autre dispositif, permettant de contr\u00f4ler l&#8217;arriv\u00e9e des \u00e9trangers. Ils op\u00e8rent dans des pays tiers, pour contribuer \u00e0 la formation des agents de ces pays-l\u00e0 \u00e0 contr\u00f4ler les passeports, rep\u00e9rer les faux documents, d\u00e9tecter dans les a\u00e9roports les personnes qui pourraient devenir des demandeurs d&#8217;asile ou d\u00e9munis de visa. On ne les laisse m\u00eame pas monter dans l&#8217;avion.<\/p>\n<p><em> <strong>Pour une fois, les Fran\u00e7ais se retrouvent du mauvais c\u00f4t\u00e9 de la fronti\u00e8re\u2026<br \/>\n<\/strong> <\/em><\/p>\n<p>Ce vote concerne tous les \u00e9trangers mais parmi les ressortissants europ\u00e9ens les Fran\u00e7ais sont les premiers concern\u00e9s, notamment les travailleurs transfrontaliers, avec les Roumains et les Bulgares, sauf que ces derniers sont habitu\u00e9s \u00e0 \u00eatre du mauvais c\u00f4t\u00e9. Par ailleurs, ce vote remet en cause les accords de la Suisse avec l&#8217;UE, qui pr\u00e9voyait la libre circulation des personnes. Il va \u00eatre int\u00e9ressant, maintenant, de voir quelle sera la r\u00e9action de la Commission europ\u00e9enne : les accords avec la Suisse seront-ils d\u00e9nonc\u00e9s ? Et quelles en seront les cons\u00e9quences juridiques, politiques et \u00e9conomiques ? Tout cela risque fort d&#8217;\u00eatre pr\u00e9judiciable&#8230; y compris pour la Suisse. <\/p>\n","protected":false},"excerpt":{"rendered":"<p>Le r\u00e9sultat de la votation en Suisse sur la situation des migrants d\u00e9clenche en France de vives critiques de la part des grands m\u00e9dias et des personnalit\u00e9s politiques. Pourtant, la France et l&#8217;Union europ\u00e9enne n&#8217;ont rien \u00e0 envier \u00e0 la Suisse en mati\u00e8re de politique migratoire. Entretien avec Claudia Charles, juriste, charg\u00e9e d&#8217;\u00e9tudes au GISTI (groupe d&#8217;information et de soutien des immigr\u00e9s).<\/p>\n","protected":false},"author":1,"featured_media":0,"comment_status":"open","ping_status":"open","sticky":false,"template":"","format":"standard","meta":{"_themeisle_gutenberg_block_has_review":false,"footnotes":""},"categories":[157],"tags":[293,375],"class_list":["post-7463","post","type-post","status-publish","format-standard","hentry","category-web","tag-entretien","tag-immigration"],"_links":{"self":[{"href":"https:\/\/archives.regards.fr\/index.php?rest_route=\/wp\/v2\/posts\/7463","targetHints":{"allow":["GET"]}}],"collection":[{"href":"https:\/\/archives.regards.fr\/index.php?rest_route=\/wp\/v2\/posts"}],"about":[{"href":"https:\/\/archives.regards.fr\/index.php?rest_route=\/wp\/v2\/types\/post"}],"author":[{"embeddable":true,"href":"https:\/\/archives.regards.fr\/index.php?rest_route=\/wp\/v2\/users\/1"}],"replies":[{"embeddable":true,"href":"https:\/\/archives.regards.fr\/index.php?rest_route=%2Fwp%2Fv2%2Fcomments&post=7463"}],"version-history":[{"count":0,"href":"https:\/\/archives.regards.fr\/index.php?rest_route=\/wp\/v2\/posts\/7463\/revisions"}],"wp:attachment":[{"href":"https:\/\/archives.regards.fr\/index.php?rest_route=%2Fwp%2Fv2%2Fmedia&parent=7463"}],"wp:term":[{"taxonomy":"category","embeddable":true,"href":"https:\/\/archives.regards.fr\/index.php?rest_route=%2Fwp%2Fv2%2Fcategories&post=7463"},{"taxonomy":"post_tag","embeddable":true,"href":"https:\/\/archives.regards.fr\/index.php?rest_route=%2Fwp%2Fv2%2Ftags&post=7463"}],"curies":[{"name":"wp","href":"https:\/\/api.w.org\/{rel}","templated":true}]}}