{"id":7451,"date":"2014-02-06T09:23:35","date_gmt":"2014-02-06T08:23:35","guid":{"rendered":"https:\/\/wp.muchomaas.com\/fevrier-1934-laissons-la-nostalgie7451\/"},"modified":"2023-06-23T23:16:30","modified_gmt":"2023-06-23T21:16:30","slug":"fevrier-1934-laissons-la-nostalgie7451","status":"publish","type":"post","link":"https:\/\/archives.regards.fr\/?p=7451","title":{"rendered":"F\u00e9vrier 1934. Laissons la nostalgie au vestiaire"},"content":{"rendered":"<p class=\"post_excerpt\">Il y a 80 ans jour pour jour, l&#8217;extr\u00eame droite tentait de renverser la R\u00e9publique et la gauche touchait le fond. Pour se relever en quelques mois, cette derni\u00e8re a d\u00fb se r\u00e9inventer et faire converger ses forces : aujourd&#8217;hui aussi, il faut radicalement changer de cap.<\/p>\n<p>Le 6 f\u00e9vrier 1934, la mobilisation de l\u2019extr\u00eame droite acc\u00e9l\u00e8re le cours de l\u2019histoire. Ce jour-l\u00e0, la R\u00e9publique est en berne et la gauche est atomis\u00e9e. Un peu plus d\u2019un an plus tard, le 14 juillet 1935, des centaines de milliers de manifestants de gauche battent le pav\u00e9 parisien. Ce changement est le r\u00e9sultat de la conjonction d\u2019\u00e9volutions internes au Parti communiste et au Parti socialiste de l\u2019\u00e9poque. Il est aussi et surtout l\u2019effet d\u2019une conjoncture marqu\u00e9e par la vieille aspiration \u00e0 l\u2019unit\u00e9 populaire, par le souci d\u2019effacer les \u00e9checs enregistr\u00e9s en Italie, en Allemagne ou en Autriche. Il est, enfin, le fruit d\u2019une dynamique culturelle qui reste stimul\u00e9e par l\u2019esprit r\u00e9volutionnaire et par le d\u00e9sir devenu majoritaire de moderniser une soci\u00e9t\u00e9 fran\u00e7aise qui est en train de s\u2019enkyster et de vieillir.<\/p>\n<p><strong><em>L&#8217;exigence transformatrice<br \/>\n<\/strong><\/em><\/p>\n<p>Mais la rencontre entre ce soubassement favorable et l\u2019initiative politique n\u2019a pu se faire que sur la base de la novation. Le rassemblement populaire qui atteint son apog\u00e9e le 14 juillet 1935 n\u2019est pas la simple continuation de la &#8220;concentration r\u00e9publicaine&#8221; de la fin du XIXe si\u00e8cle, il n\u2019est pas une reprise du &#8220;Cartel des gauches&#8221; de 1924, il n\u2019est pas une simple combinaison parlementaire ou partisane. Des dizaines d\u2019associations, de partis, de syndicats, de groupements d\u2019intellectuels, de structures de sociabilit\u00e9 convergent alors pour dessiner un authentique mouvement socio-politique, tr\u00e8s populaire, \u00e0 forte visibilit\u00e9, \u00e0 la symbolique entra\u00eenante. <\/p>\n<p>La force du Front populaire, c\u2019est d\u2019avoir r\u00e9alis\u00e9 la synth\u00e8se d\u2019un objectif et d\u2019une m\u00e9thode. Il fallait renforcer l\u2019esprit r\u00e9publicain pour faire face au fascisme en pleine expansion et il fallait moderniser la France par l\u2019affirmation de sa fibre sociale. En choisissant une forme plurielle \u2013 on dirait aujourd\u2019hui &#8220;citoyenne&#8221; \u2013, en travaillant ouvertement sa fibre pl\u00e9b\u00e9ienne, le rassemblement de 1934-1936 a \u00e9t\u00e9 l\u2019expression la plus achev\u00e9e de cette exigence transformatrice, \u00e0 la fois \u00e9conomique, sociale, politique, morale.<\/p>\n<p>Aujourd\u2019hui, l\u2019occupation de la rue par la droite radicalis\u00e9e doit \u00eatre per\u00e7ue comme le sympt\u00f4me d\u2019un d\u00e9s\u00e9quilibre. D\u2019un c\u00f4t\u00e9, l\u2019\u00e9paisseur et la globalit\u00e9 de la crise actuelle mettent au c\u0153ur de la vie sociale l\u2019exigence d\u2019un radical sursaut. Mais, dans le m\u00eame temps, le mouvement critique de gauche se trouve incertain, h\u00e9sitant sur ses objectifs et sur ses formes, ayant du mal \u00e0 dire de fa\u00e7on moderne ce que peuvent \u00eatre l\u2019id\u00e9al d\u2019\u00e9galit\u00e9 et la perspective d\u2019une transformation sociale ambitieuse. Quant \u00e0 la gauche politique, elle n\u2019est plus domin\u00e9e par l\u2019esprit de r\u00e9volution, mais par l\u2019esprit d\u2019adaptation et de renoncement, happ\u00e9e par un social-lib\u00e9ralisme \u00e0 l\u2019anglaise et par un d\u00e9mocratisme \u00e0 l\u2019am\u00e9ricaine.<\/p>\n<p><strong><em>Redonner du sens \u00e0 la gauche<br \/>\n<\/strong><\/em><\/p>\n<p>La nostalgie est moins que jamais de rigueur. Ce n\u2019est pas en r\u00e9p\u00e9tant les mots d\u2019hier, ce n\u2019est pas avec le l\u2019\u0153il fix\u00e9 sur le r\u00e9troviseur de l\u2019union de la gauche que l\u2019on pourra renverser la vapeur. La responsabilit\u00e9 est d\u2019innover, comme les forces les plus dynamiques de la R\u00e9publique ont su innover dans les ann\u00e9es 30. Il faut retisser le combat toujours actuel pour l\u2019\u00e9galit\u00e9, s\u2019appuyer sur tout ce qui cherche \u00e0 se sortir de l\u2019impasse, sur tout ce qui ne veut pas accepter le d\u00e9sordre existant, sur tout ce qui s\u2019attache \u00e0 inventer d\u2019autres voies. Il ne faut pas renoncer \u00e0 rassembler, au pr\u00e9texte que le Parti socialiste s\u2019enlise dans des voies inacceptables. Au contraire, il faut aspirer \u00e0 travailler les formes modernes du rassemblement, en cultivant les rapprochements du social, du politique, du culturel. Rassembler, mais autrement\u2026<\/p>\n<p>Car il ne suffit plus aujourd\u2019hui de rassembler la gauche : il faut pour cela lui redonner du sens. Or, autour de sa logique majoritaire actuelle, elle ne peut pas trouver de sens dynamique et donc elle n\u2019a pas l\u2019avenir. La voie trac\u00e9e aujourd\u2019hui par Fran\u00e7ois Hollande et par Manuel Valls est hors d\u2019\u00e9tat de relancer la gauche et de l\u2019unir. Pour qu\u2019elle se rassemble, il faut qu\u2019elle change radicalement de cap. Partout, \u00e0 toutes les \u00e9chelles de territoire, dans tous les secteurs de la soci\u00e9t\u00e9.<\/p>\n<p>La gauche de 1934 a su bouger pour pouvoir s\u2019unir. En 2014, elle doit r\u00e9investir l\u2019esprit de rupture avec le d\u00e9sordre existant, retrouver l\u2019envie de changer ce qui ne peut plus rester en l\u2019\u00e9tat. Pour changer les choses, la gauche doit se changer.<div id='gallery-1' class='gallery galleryid-7451 gallery-columns-3 gallery-size-thumbnail'><figure class='gallery-item'>\n\t\t\t<div class='gallery-icon landscape'>\n\t\t\t\t<a href='https:\/\/archives.regards.fr\/wp-content\/uploads\/2014\/02\/fevrier34-aaa.jpg'><img loading=\"lazy\" decoding=\"async\" width=\"150\" height=\"150\" src=\"https:\/\/archives.regards.fr\/wp-content\/uploads\/2014\/02\/fevrier34-aaa-150x150.jpg\" class=\"attachment-thumbnail size-thumbnail\" alt=\"Manifestation du 14 juillet 1935, place de la Bastille\" aria-describedby=\"gallery-1-19763\" \/><\/a>\n\t\t\t<\/div>\n\t\t\t\t<figcaption class='wp-caption-text gallery-caption' id='gallery-1-19763'>\n\t\t\t\tManifestation du 14 juillet 1935, place de la Bastille\n\t\t\t\t<\/figcaption><\/figure>\n\t\t<\/div>\n<\/p>\n","protected":false},"excerpt":{"rendered":"<p>Il y a 80 ans jour pour jour, l&#8217;extr\u00eame droite tentait de renverser la R\u00e9publique et la gauche touchait le fond. Pour se relever en quelques mois, cette derni\u00e8re a d\u00fb se r\u00e9inventer et faire converger ses forces : aujourd&#8217;hui aussi, il faut radicalement changer de cap.<\/p>\n","protected":false},"author":328,"featured_media":19763,"comment_status":"open","ping_status":"open","sticky":false,"template":"","format":"standard","meta":{"_themeisle_gutenberg_block_has_review":false,"footnotes":""},"categories":[157],"tags":[355,295],"class_list":["post-7451","post","type-post","status-publish","format-standard","has-post-thumbnail","hentry","category-web","tag-extreme-droite","tag-nupes"],"_links":{"self":[{"href":"https:\/\/archives.regards.fr\/index.php?rest_route=\/wp\/v2\/posts\/7451","targetHints":{"allow":["GET"]}}],"collection":[{"href":"https:\/\/archives.regards.fr\/index.php?rest_route=\/wp\/v2\/posts"}],"about":[{"href":"https:\/\/archives.regards.fr\/index.php?rest_route=\/wp\/v2\/types\/post"}],"author":[{"embeddable":true,"href":"https:\/\/archives.regards.fr\/index.php?rest_route=\/wp\/v2\/users\/328"}],"replies":[{"embeddable":true,"href":"https:\/\/archives.regards.fr\/index.php?rest_route=%2Fwp%2Fv2%2Fcomments&post=7451"}],"version-history":[{"count":0,"href":"https:\/\/archives.regards.fr\/index.php?rest_route=\/wp\/v2\/posts\/7451\/revisions"}],"wp:featuredmedia":[{"embeddable":true,"href":"https:\/\/archives.regards.fr\/index.php?rest_route=\/wp\/v2\/media\/19763"}],"wp:attachment":[{"href":"https:\/\/archives.regards.fr\/index.php?rest_route=%2Fwp%2Fv2%2Fmedia&parent=7451"}],"wp:term":[{"taxonomy":"category","embeddable":true,"href":"https:\/\/archives.regards.fr\/index.php?rest_route=%2Fwp%2Fv2%2Fcategories&post=7451"},{"taxonomy":"post_tag","embeddable":true,"href":"https:\/\/archives.regards.fr\/index.php?rest_route=%2Fwp%2Fv2%2Ftags&post=7451"}],"curies":[{"name":"wp","href":"https:\/\/api.w.org\/{rel}","templated":true}]}}