{"id":7447,"date":"2014-02-04T19:17:26","date_gmt":"2014-02-04T18:17:26","guid":{"rendered":"https:\/\/wp.muchomaas.com\/banques-bercy-deborde-par7447\/"},"modified":"2023-06-23T23:16:29","modified_gmt":"2023-06-23T21:16:29","slug":"banques-bercy-deborde-par7447","status":"publish","type":"post","link":"https:\/\/archives.regards.fr\/?p=7447","title":{"rendered":"Banques : Bercy &#8220;d\u00e9bord\u00e9&#8221; par Bruxelles&#8230; sur sa gauche"},"content":{"rendered":"<p class=\"post_excerpt\">Le projet de directive europ\u00e9enne sur la r\u00e9duction des risques li\u00e9s au secteur bancaire, et \u00e0 la s\u00e9paration des activit\u00e9s de d\u00e9tail et des activit\u00e9s sp\u00e9culatives, d\u00e9pla\u00eet au minist\u00e8re de l&#8217;\u00c9conomie qui d\u00e9fend sa loi de juillet dernier, plus complaisante avec les banques&#8230;\n<\/p>\n<p>Se faire doubler sur sa &#8220;gauche&#8221; par la Commission europ\u00e9enne, c&#8217;est l&#8217;exploit qu&#8217;a, une fois de plus, r\u00e9alis\u00e9 le gouvernement de Fran\u00e7ois Hollande. Le projet du commissaire europ\u00e9en au March\u00e9 int\u00e9rieur \u2013 et membre de l&#8217;UMP \u2013 Michel Barnier visant \u00e0 r\u00e9duire le risque dans le secteur bancaire a en effet \u00e9t\u00e9 tr\u00e8s mal accueilli par Bercy la semaine derni\u00e8re. Le ministre de l&#8217;\u00c9conomie Pierre Moscovici n\u2019a d\u2019ailleurs pas attendu la pr\u00e9sentation officielle des propositions, mercredi, pour mettre en garde contre toute vell\u00e9it\u00e9 de r\u00e9gulation un peu consistante. <em>\u00ab\u00a0La France et l&#8217;Allemagne ont d\u00e9j\u00e0 l\u00e9gif\u00e9r\u00e9 en la mati\u00e8re, avait-il rappel\u00e9 d\u00e8s lundi. Nous demandons que le texte respecte les l\u00e9gislations que nous avons prises\u00a0\u00bb<\/em>.<\/p>\n<h2>Des id\u00e9es \u00ab\u00a0irresponsables \u00bb<\/h2>\n<p>Mercredi, le gouverneur de la Banque de France Christian Noyer a \u00e9galement fait savoir sa d\u00e9sapprobation \u00e0 l&#8217;\u00e9gard de ce texte&#8230; il est vrai plus tranchant (ce n&#8217;\u00e9tait pas difficile) <a href=\"6261\">que celui vot\u00e9 par la France<\/a> : <em>\u00ab\u00a0Les id\u00e9es qui ont \u00e9t\u00e9 mises sur la table par le commissaire Barnier sont des id\u00e9es, je p\u00e8se mes mots, qui sont irresponsables et contraires aux int\u00e9r\u00eats de l&#8217;\u00e9conomie europ\u00e9enne \u00bb<\/em>.<\/p>\n<p>Quelles sont donc ces id\u00e9es <em>\u00ab\u00a0irresponsables\u00a0\u00bb<\/em> que balance ce fou furieux de Barnier\u00a0? Inspir\u00e9e de la &#8220;r\u00e8gle Volcker&#8221; adopt\u00e9e aux \u00c9tats-Unis, la premi\u00e8re mesure cl\u00e9 consiste \u00e0 interdire purement et simplement aux banques de faire du trading pour compte propre, alors que la loi fran\u00e7aise les oblige seulement \u00e0 filialiser ces op\u00e9rations. Toutefois, \u00e9tant donn\u00e9 que ce type de sp\u00e9culation repr\u00e9sente une part minime de leur activit\u00e9, ce n&#8217;est pas ce volet de la r\u00e9forme qui d\u00e9range le plus les financiers. C&#8217;est la deuxi\u00e8me mesure qui les affole, puisqu&#8217;elle donne aux r\u00e9gulateurs nationaux le\u00a0pouvoir d&#8217;imposer le cantonnement, dans une filiale s\u00e9par\u00e9e, de certaines activit\u00e9s de march\u00e9 jug\u00e9es risqu\u00e9es, y compris la &#8220;tenue de march\u00e9&#8221; \u2013 consistant officiellement\u00a0\u00e0 acheter des titres afin d&#8217;assurer la liquidit\u00e9 des march\u00e9s pour les clients, mais qui abrite le plus souvent des transactions sp\u00e9culatives.<\/p>\n<h2>Une s\u00e9paration douloureuse<\/h2>\n<p>Il faut dire que, du point de vue de Bercy, tout l&#8217;int\u00e9r\u00eat de l\u00e9gif\u00e9rer d\u00e8s juillet 2013 \u00e9tait pr\u00e9cis\u00e9ment de devancer la Commission et d&#8217;imposer une loi de &#8220;s\u00e9paration bancaire&#8221; qui ne s\u00e9pare rien, ou presque. Le lobby bancaire, qui avait commenc\u00e9 \u00e0 s&#8217;activer d\u00e8s le lendemain du discours du Bourget sur la finance<em> \u00ab adversaire sans visage \u00bb<\/em> du candidat Hollande, croyait avoir d\u00e9samorc\u00e9 pour de bon le risque d&#8217;une v\u00e9ritable r\u00e9gulation et n&#8217;appr\u00e9cie donc pas du tout ce regain de z\u00e8le de Bruxelles. Car en l&#8217;\u00e9tat, la r\u00e9forme de Barnier obligerait bel et bien les trente grandes banques europ\u00e9ennes, parmi lesquelles BNP Paribas et Soci\u00e9t\u00e9 g\u00e9n\u00e9rale, \u00e0 cr\u00e9er une filiale ad hoc, laquelle devrait disposer de co\u00fbteux fonds propres.<\/p>\n<p>Qu&#8217;on ne s&#8217;y m\u00e9prenne pas, les initiatives de Michel Barnier sont loin d&#8217;\u00eatre r\u00e9volutionnaires\u00a0: jamais il n&#8217;a \u00e9t\u00e9 question, pour lui, de vraiment s\u00e9parer les activit\u00e9s utiles de la banque de d\u00e9tail des activit\u00e9s sp\u00e9culatives de march\u00e9, comme <a href=\"http:\/\/www.les-crises.fr\/documents\/2012\/1-scinder-les-banques-verbatim-diacrisis.pdf\">le recommandent des gauchistes notoires<\/a> tels que Nicolas Baverez, Kenneth Rogoff ou Alan Greenspan. Il est donc d\u2019autant plus perturbant de voir Bercy s&#8217;empresser de prendre la d\u00e9fense des int\u00e9r\u00eats financiers face \u00e0 cette tentative \u2013 somme toute des plus modestes \u2013 d\u2019\u00e9viter ou plut\u00f4t de feindre d&#8217;\u00e9viter une r\u00e9p\u00e9tition du cataclysme financier de 2008.<\/p>\n<p>Ce n\u2019est cependant pas la premi\u00e8re fois que notre minist\u00e8re de l\u2019\u00c9conomie se r\u00e9v\u00e8le plus pro-finance que la Commission europ\u00e9enne de Manuel Barroso. Jugeant <em>\u00ab\u00a0excessive\u00a0\u00bb<\/em> la proposition de taxe Tobin sur les transactions financi\u00e8res de Bruxelles, Pierre Moscovici a pes\u00e9 de tout son poids en octobre dernier pour \u00e9pargner le trading de haute fr\u00e9quence lors du d\u00e9bat sur la loi de finances 2014.  Logiquement, nous devrions bient\u00f4t l&#8217;entendre demander le r\u00e9tablissement int\u00e9gral des bonus, et faire l&#8217;\u00e9loge de cette <em>\u00ab\u00a0juste r\u00e9mun\u00e9ration des talents \u00bb<\/em>.<\/p>\n<div id='gallery-1' class='gallery galleryid-7447 gallery-columns-3 gallery-size-thumbnail'><figure class='gallery-item'>\n\t\t\t<div class='gallery-icon landscape'>\n\t\t\t\t<a href='https:\/\/archives.regards.fr\/wp-content\/uploads\/2014\/02\/bercy-2-e16.jpg'><img loading=\"lazy\" decoding=\"async\" width=\"150\" height=\"150\" src=\"https:\/\/archives.regards.fr\/wp-content\/uploads\/2014\/02\/bercy-2-e16-150x150.jpg\" class=\"attachment-thumbnail size-thumbnail\" alt=\"bercy-2.jpg\" \/><\/a>\n\t\t\t<\/div><\/figure>\n\t\t<\/div>\n\n","protected":false},"excerpt":{"rendered":"<p>Le projet de directive europ\u00e9enne sur la r\u00e9duction des risques li\u00e9s au secteur bancaire, et \u00e0 la s\u00e9paration des activit\u00e9s de d\u00e9tail et des activit\u00e9s sp\u00e9culatives, d\u00e9pla\u00eet au minist\u00e8re de l&#8217;\u00c9conomie qui d\u00e9fend sa loi de juillet dernier, plus complaisante avec les banques&#8230; <\/p>\n","protected":false},"author":1098,"featured_media":19750,"comment_status":"open","ping_status":"open","sticky":false,"template":"","format":"standard","meta":{"_themeisle_gutenberg_block_has_review":false,"footnotes":""},"categories":[157],"tags":[352],"class_list":["post-7447","post","type-post","status-publish","format-standard","has-post-thumbnail","hentry","category-web","tag-europe"],"_links":{"self":[{"href":"https:\/\/archives.regards.fr\/index.php?rest_route=\/wp\/v2\/posts\/7447","targetHints":{"allow":["GET"]}}],"collection":[{"href":"https:\/\/archives.regards.fr\/index.php?rest_route=\/wp\/v2\/posts"}],"about":[{"href":"https:\/\/archives.regards.fr\/index.php?rest_route=\/wp\/v2\/types\/post"}],"author":[{"embeddable":true,"href":"https:\/\/archives.regards.fr\/index.php?rest_route=\/wp\/v2\/users\/1098"}],"replies":[{"embeddable":true,"href":"https:\/\/archives.regards.fr\/index.php?rest_route=%2Fwp%2Fv2%2Fcomments&post=7447"}],"version-history":[{"count":0,"href":"https:\/\/archives.regards.fr\/index.php?rest_route=\/wp\/v2\/posts\/7447\/revisions"}],"wp:featuredmedia":[{"embeddable":true,"href":"https:\/\/archives.regards.fr\/index.php?rest_route=\/wp\/v2\/media\/19750"}],"wp:attachment":[{"href":"https:\/\/archives.regards.fr\/index.php?rest_route=%2Fwp%2Fv2%2Fmedia&parent=7447"}],"wp:term":[{"taxonomy":"category","embeddable":true,"href":"https:\/\/archives.regards.fr\/index.php?rest_route=%2Fwp%2Fv2%2Fcategories&post=7447"},{"taxonomy":"post_tag","embeddable":true,"href":"https:\/\/archives.regards.fr\/index.php?rest_route=%2Fwp%2Fv2%2Ftags&post=7447"}],"curies":[{"name":"wp","href":"https:\/\/api.w.org\/{rel}","templated":true}]}}