{"id":7435,"date":"2014-01-31T19:03:03","date_gmt":"2014-01-31T18:03:03","guid":{"rendered":"https:\/\/wp.muchomaas.com\/l-extreme-droite-a-mauvais-genre7435\/"},"modified":"2023-06-23T23:16:28","modified_gmt":"2023-06-23T21:16:28","slug":"l-extreme-droite-a-mauvais-genre7435","status":"publish","type":"post","link":"https:\/\/archives.regards.fr\/?p=7435","title":{"rendered":"L&#8217;extr\u00eame droite a mauvais genre"},"content":{"rendered":"<p><em>\u00ab\u00a0La th\u00e9orie du genre n&#8217;existe pas.\u00a0\u00bb<\/em> Telle est la premi\u00e8re phrase du document <a href=\"http:\/\/femmes.gouv.fr\/abcd-de-legalite-face-aux-rumeurs-retablissez-la-verite\/\"><em>\u00ab\u00a0D\u00e9sintox\u00a0\u00bb<\/em><\/a> publi\u00e9 en ligne hier soir sur le site du minist\u00e8re des Droits des femmes. Il \u00e9tait temps. C&#8217;est sans doute par l\u00e0 qu&#8217;il fallait commencer, c&#8217;est-\u00e0-dire par expliquer. Tordre le coup \u00e0 la vaste op\u00e9ration de d\u00e9sinformation lanc\u00e9e la semaine derni\u00e8re par la Bande \u00e0 Soral, via Farida Belghoul, et reprise en choeur par Civitas, la Manif pour tous, le Printemps Fran\u00e7ais et autres joyeux drilles qui barbotent dans les marigots de l&#8217;extr\u00eame droite. Une relecture tordue du programme \u00e9ducatif  nomm\u00e9 \u00ab\u00a0Les ABCD de l&#8217;\u00e9galit\u00e9\u00a0\u00bb  dont l&#8217;objectif est de favoriser une \u00e9galit\u00e9 entre les filles et les gar\u00e7ons \u00e0 l&#8217;\u00e9cole. Parce que, le saviez-vous,  <em>\u00ab\u00a0depuis 1989, le code de  l&#8217;\u00e9ducation donne pour mission \u00e0 l&#8217;\u00e9cole de favoriser l&#8217;\u00e9galit\u00e9 entre hommes et femmes\u00a0\u00bb<\/em>, et qu&#8217;au vue de la persistance desdites in\u00e9galit\u00e9s dans la soci\u00e9t\u00e9 fran\u00e7aise, il serait grand temps qu&#8217;elle s&#8217;y colle, l&#8217;\u00e9cole. Et son ministre aussi. Lui qui d\u00e9clare en pleine pol\u00e9mique <em>\u00ab\u00a0ce n&#8217;est pas la th\u00e9orie du genre que nous faisons. Je la refuse\u00a0\u00bb<\/em>. Une d\u00e9claration qui n&#8217;est pas sans cons\u00e9quence, puisqu&#8217;ainsi que l&#8217;<a href=\"http:\/\/leplus.nouvelobs.com\/contribution\/1138212-peillon-dans-le-piege-de-la-theorie-du-genre-une-maladresse-linguistique-et-politique.html\">explique<\/a> le linguiste Thomas Godard : <em>\u00ab\u00a0Lorsque Peillon proclame qu\u2019il &#8220;refuse la th\u00e9orie du genre&#8221;, il commet donc une double erreur. Il valide l\u2019existence d\u2019une th\u00e9orie pourtant imaginaire, et donne corps \u00e0 une menace inexistante.\u00a0\u00bb<\/em> En clair, au lieu de rassurer les parents d&#8217;\u00e9l\u00e8ves, il agite lui aussi le chiffon rouge, tiss\u00e9 fil \u00e0 fil par Soral et Boutin, ravis de confisquer une fois de plus l&#8217;agenda politique, au profit d&#8217;une campagne naus\u00e9abonde aux forts relents homophobes. Parce que telle serait \u00ab\u00a0la menace\u00a0\u00bb larv\u00e9e dans le fameux SMS envoy\u00e9 aux parents d&#8217;\u00e9l\u00e8ves : troubler l&#8217;identit\u00e9 sexu\u00e9e des enfants et de fait, \u00ab\u00a0risquer\u00a0\u00bb qu&#8217;ils deviennent homosexuels. Nous y revoil\u00e0. Et qu&#8217;on se le dise pour \u00e9viter de tomber dans les pi\u00e8ges tendus par ses ennemis, il ne faut pas trainer sur leur terrain, notamment dans leur champ lexical. Bref, Peillon ferait bien de r\u00e9viser sa copie, et au lieu de communiquer largement sur sa volont\u00e9 de faire convoquer les parents d&#8217;\u00e9l\u00e8ves <em>\u00ab\u00a0individuellement ou collectivement\u00a0\u00bb<\/em> en vue de leur rappeler que <em>\u00ab\u00a0l&#8217;obligation d&#8217;assiduit\u00e9 scolaire est inscrite dans la loi\u00a0\u00bb<\/em>, on pr\u00e9f\u00e9rerait qu&#8217;il explique que l&#8217;\u00e9galit\u00e9 entre les hommes et les femmes est une valeur forte de la R\u00e9publique. Car la strat\u00e9gie du \u00ab\u00a0rappel \u00e0 l&#8217;ordre\u00a0\u00bb risquent de repousser certains parents, parfois d\u00e9j\u00e0 \u00e9loign\u00e9s de l&#8217;\u00e9cole, du c\u00f4t\u00e9 des lignes obscures\u2026 Un peu plus loin sur la droite.<div id='gallery-1' class='gallery galleryid-7435 gallery-columns-3 gallery-size-thumbnail'><figure class='gallery-item'>\n\t\t\t<div class='gallery-icon landscape'>\n\t\t\t\t<a href='https:\/\/archives.regards.fr\/wp-content\/uploads\/2014\/01\/abcd-88c.jpg'><img loading=\"lazy\" decoding=\"async\" width=\"150\" height=\"150\" src=\"https:\/\/archives.regards.fr\/wp-content\/uploads\/2014\/01\/abcd-88c-150x150.jpg\" class=\"attachment-thumbnail size-thumbnail\" alt=\"abcd.jpg\" \/><\/a>\n\t\t\t<\/div><\/figure>\n\t\t<\/div>\n<\/p>\n","protected":false},"excerpt":{"rendered":"<p>\u00ab\u00a0La th\u00e9orie du genre n&#8217;existe pas.\u00a0\u00bb Telle est la premi\u00e8re phrase du document \u00ab\u00a0D\u00e9sintox\u00a0\u00bb publi\u00e9 en ligne hier soir sur le site du minist\u00e8re des Droits des femmes. Il \u00e9tait temps. C&#8217;est sans doute par l\u00e0 qu&#8217;il fallait commencer, c&#8217;est-\u00e0-dire par expliquer. Tordre le coup \u00e0 la vaste op\u00e9ration de d\u00e9sinformation lanc\u00e9e la semaine derni\u00e8re [&hellip;]<\/p>\n","protected":false},"author":643,"featured_media":19730,"comment_status":"open","ping_status":"open","sticky":false,"template":"","format":"standard","meta":{"_themeisle_gutenberg_block_has_review":false,"footnotes":""},"categories":[157],"tags":[355],"class_list":["post-7435","post","type-post","status-publish","format-standard","has-post-thumbnail","hentry","category-web","tag-extreme-droite"],"_links":{"self":[{"href":"https:\/\/archives.regards.fr\/index.php?rest_route=\/wp\/v2\/posts\/7435","targetHints":{"allow":["GET"]}}],"collection":[{"href":"https:\/\/archives.regards.fr\/index.php?rest_route=\/wp\/v2\/posts"}],"about":[{"href":"https:\/\/archives.regards.fr\/index.php?rest_route=\/wp\/v2\/types\/post"}],"author":[{"embeddable":true,"href":"https:\/\/archives.regards.fr\/index.php?rest_route=\/wp\/v2\/users\/643"}],"replies":[{"embeddable":true,"href":"https:\/\/archives.regards.fr\/index.php?rest_route=%2Fwp%2Fv2%2Fcomments&post=7435"}],"version-history":[{"count":0,"href":"https:\/\/archives.regards.fr\/index.php?rest_route=\/wp\/v2\/posts\/7435\/revisions"}],"wp:featuredmedia":[{"embeddable":true,"href":"https:\/\/archives.regards.fr\/index.php?rest_route=\/wp\/v2\/media\/19730"}],"wp:attachment":[{"href":"https:\/\/archives.regards.fr\/index.php?rest_route=%2Fwp%2Fv2%2Fmedia&parent=7435"}],"wp:term":[{"taxonomy":"category","embeddable":true,"href":"https:\/\/archives.regards.fr\/index.php?rest_route=%2Fwp%2Fv2%2Fcategories&post=7435"},{"taxonomy":"post_tag","embeddable":true,"href":"https:\/\/archives.regards.fr\/index.php?rest_route=%2Fwp%2Fv2%2Ftags&post=7435"}],"curies":[{"name":"wp","href":"https:\/\/api.w.org\/{rel}","templated":true}]}}