{"id":7433,"date":"2014-01-31T18:44:13","date_gmt":"2014-01-31T17:44:13","guid":{"rendered":"https:\/\/wp.muchomaas.com\/manifestations-pour-la-defense-du7433\/"},"modified":"2023-06-23T23:16:28","modified_gmt":"2023-06-23T21:16:28","slug":"manifestations-pour-la-defense-du7433","status":"publish","type":"post","link":"https:\/\/archives.regards.fr\/?p=7433","title":{"rendered":"Manifestations pour la d\u00e9fense du droit \u00e0 l&#8217;avortement en Espagne"},"content":{"rendered":"<p class=\"post_excerpt\">Une forte mobilisation est attendue demain dans les rues de Madrid pour d\u00e9noncer la remise en cause du droit \u00e0 l&#8217;avortement par le gouvernement Rajoy. Des manifestations et des rassemblements solidaires sont \u00e9galement pr\u00e9vus dans de nombreuses villes de France. Pour ceux qui h\u00e9siteraient encore, sachez que les militants de la Manif pour tous, eux, seront dans le rue dimanche prochain\u2026 Pour en savoir plus sur le projet de loi espagnol, <a href=\"7353\">cliquez ici<\/a>.<\/p>\n<ul>\n<li> \u2022 <strong>ALBI\u00a0:<\/strong> 11h30 Place du Vigan<\/li>\n<li> \u2022 <strong>AMIENS\u00a0:<\/strong> fait du co voiturage pour venir sur Paris<\/li>\n<li> \u2022 <strong>ANGOUL\u00caME\u00a0:<\/strong> midi place Herg\u00e9.<\/li>\n<li> \u2022 <strong>ANGERS\u00a0:<\/strong> Rassemblement samedi 1er f\u00e9vrier \u00e0 16h00 Place du ralliement<\/li>\n<li> \u2022 <strong>AVIGNON\u00a0:<\/strong> rassemblement samedi 1er f\u00e9vrier \u00e0 14h00 rue de la R\u00e9publique devant le Mus\u00e9e Lapidaire<\/li>\n<li> \u2022 <strong>BAYONNE\u00a0:<\/strong> \u00e0 11h00 devant le Consulat d\u2019Espagne (R\u00e9sidence du Parc 4 &#8211; avenue du B.A.B \u00e0 Bayonne)<\/li>\n<li> \u2022 <strong>BESAN\u00c7ON\u00a0:<\/strong> 15h30 Place Pasteur<\/li>\n<li> \u2022 <strong>B\u00c9ZIERS :<\/strong> samedi 1er f\u00e9vrier \u00e0 11h, Place du G\u00e9n\u00e9ral De GAULLE devant la sous-pr\u00e9fecture<\/li>\n<li> \u2022 <strong>BORDEAUX\u00a0:<\/strong> manifester pour la d\u00e9fense du droit \u00e0 l\u2019avortement en Espagne samedi 1er f\u00e9vrier \u00e0 partir de 14h00. RDV \u00e0 14h00 devant le Grand Th\u00eaatre &#8211; Place de la Com\u00e9die &#8211; \u00e0 Bordeaux puis d\u00e9part en manifestation en direction du Consulat d\u2019Espagne.<\/li>\n<li> \u2022 <strong>BOURG EN BRESSE\u00a0:<\/strong> rassemblement 10h devant la mairie samedi 1er f\u00e9vrier\u00a0!<\/li>\n<li> \u2022 <strong>BREST :<\/strong> Manifestation 14 heures, place de la Citoyen Libert\u00e9<\/li>\n<li> \u2022 <strong>CAEN\u00a0:<\/strong> le 1er f\u00e9vrier \u00e0 14h, place Bouchard<\/li>\n<li> \u2022 <strong>CLERMONT-FERRAND\u00a0:<\/strong> le 1er f\u00e9vrier, r\u00e9union publique \u00e0 15h au centre associatif Jean Richepin salle 7 &#8211; 21 rue Jean Richepin qui aura pour but de faire un point sur le droit \u00e0 l\u2019IVG en Europe avec la pr\u00e9sence de f\u00e9ministes de diff\u00e9rents pays\u00a0: Suisse, Portugal, de Roumanie, d\u2019Arm\u00e9nie et d\u2019Espagne (\u00e0 confirmer pour l\u2019Espagne). Cette r\u00e9union est organis\u00e9e par OLF 63, le R\u00e9seau de Jeunes F\u00e9ministes d\u2019Europe Marche Mondiale des Femmes, et le Planning Familial.<\/li>\n<li> \u2022 <strong>DIJON\u00a0:<\/strong> samedi 1 er f\u00e9vrier Rdv 14h pr\u00e9fecture de Dijon<\/li>\n<li> \u2022 <strong>GRENOBLE\u00a0:<\/strong> samedi 1er f\u00e9vrier \u00e0 14h00 place F\u00e9lix Poullat (en face de la Fnac).<\/li>\n<li> \u2022 <strong>Le HAVRE\u00a0:<\/strong> Rassemblement le samedi 1er f\u00e9vrier 14H ZAC Coty<\/li>\n<li> \u2022 <strong>LILLE\u00a0:<\/strong> 14h00 Place Richeb\u00e9 (pr\u00e8s de R\u00e9publique Beaux-Arts).<\/li>\n<li> \u2022 <strong>LIMOGES\u00a0:<\/strong> manifestation le samedi 1er F\u00e9vrier 2014 \u00e0 15 h Place de la Motte.<\/li>\n<li> \u2022 <strong>LYON\u00a0:<\/strong> \u00e0 14h30 Place des Terreaux samedi 1er f\u00e9vrier<\/li>\n<li> \u2022 <strong>MARSEILLE :<\/strong> 1er F\u00e9vrier 15h au vieux port<\/li>\n<li> \u2022 <strong>MONTPELLIER\u00a0:<\/strong> 14h30 place de la Com\u00e9die devant l\u2019office du tourisme<\/li>\n<li> \u2022 <strong>NANTES\u00a0:<\/strong> manifestation le samedi 1er F\u00e9vrier 2014 \u00e0 15 h Place Royale pour le soutien de l\u2019IVG en Espagne<\/li>\n<li> \u2022 <strong>NICE :<\/strong> 1er f\u00e9vrier 14 H devant le Consulat d\u2019Espagne Bd Jean Jaur\u00e8s \u00e0 Nice<\/li>\n<li> Appel \u00e0 manifester contre la loi anti-avortement en Espagne<\/li>\n<li> \u2022 <strong>NIMES\u00a0:<\/strong> 11h, place de la Maison Carr\u00e9e.<\/li>\n<li> \u2022 <strong>ORL\u00c9ANS\u00a0:<\/strong> Un car, voire 2, partent pour la manif de Paris<\/li>\n<li> \u2022 <strong>PAU\u00a0:<\/strong> 11h00 devant le Consulat d\u2019Espagne, 6 Place Royale.<\/li>\n<li> \u2022 <strong>PERPIGNAN :<\/strong> 14h devant le Consulat d\u2019Espagne, rue Franklin<\/li>\n<li> \u2022 <strong>RENNES\u00a0:<\/strong> 15 heures, place de la Mairie<\/li>\n<li> \u2022 <strong>LA ROCHELLE :<\/strong> 14h00 Place de Verdun<\/li>\n<li> \u2022 <strong>LA ROCHE SUR YON\u00a0:<\/strong> 11 heures devant la Pr\u00e9fecture.<\/li>\n<li> \u2022 <strong>RODEZ\u00a0:<\/strong> LE 1er F\u00c9VRIER 2014 \u00e0 11H PLACE PR\u00c9FECTURE<\/li>\n<li> \u2022 <strong>SAINT BRIEUC\u00a0:<\/strong> 1er f\u00e9vrier, \u00e0 midi, rassemblement Rue Sainte-Barbe (le long du centre commercial &#8220;Les Champs&#8221;)<\/li>\n<li> \u2022 <strong>STRASBOURG\u00a0:<\/strong> 14 h place de la Bourse<\/li>\n<li> \u2022 <strong>TARBES :<\/strong>\u00a0: rassemblement le 1er f\u00e9vrier \u00e0 16h, place de la Mairie<\/li>\n<li> \u2022 <strong>TOURS :<\/strong> \u00e0 14h00 devant la Mairie, Place Jean Jaur\u00e8s.<\/li>\n<li> \u2022 <strong>TOULOUSE\u00a0:<\/strong> \u00e0 14h D\u00e9part du Square Charles de Gaulle (derri\u00e8re la place du Capitole)<\/li>\n<\/ul>\n<div id='gallery-1' class='gallery galleryid-7433 gallery-columns-3 gallery-size-thumbnail'><figure class='gallery-item'>\n\t\t\t<div class='gallery-icon landscape'>\n\t\t\t\t<a href='https:\/\/archives.regards.fr\/wp-content\/uploads\/2014\/01\/ivg-228.jpg'><img loading=\"lazy\" decoding=\"async\" width=\"150\" height=\"150\" src=\"https:\/\/archives.regards.fr\/wp-content\/uploads\/2014\/01\/ivg-228-150x150.jpg\" class=\"attachment-thumbnail size-thumbnail\" alt=\"ivg.jpg\" \/><\/a>\n\t\t\t<\/div><\/figure>\n\t\t<\/div>\n\n","protected":false},"excerpt":{"rendered":"<p>Une forte mobilisation est attendue demain dans les rues de Madrid pour d\u00e9noncer la remise en cause du droit \u00e0 l&#8217;avortement par le gouvernement Rajoy. Des manifestations et des rassemblements solidaires sont \u00e9galement pr\u00e9vus dans de nombreuses villes de France. Pour ceux qui h\u00e9siteraient encore, sachez que les militants de la Manif pour tous, eux, seront dans le rue dimanche prochain\u2026 Pour en savoir plus sur le projet de loi espagnol, <a href=\"7353\">cliquez ici<\/a>.<\/p>\n","protected":false},"author":643,"featured_media":19728,"comment_status":"open","ping_status":"open","sticky":false,"template":"","format":"standard","meta":{"_themeisle_gutenberg_block_has_review":false,"footnotes":""},"categories":[157],"tags":[419],"class_list":["post-7433","post","type-post","status-publish","format-standard","has-post-thumbnail","hentry","category-web","tag-espagne"],"_links":{"self":[{"href":"https:\/\/archives.regards.fr\/index.php?rest_route=\/wp\/v2\/posts\/7433","targetHints":{"allow":["GET"]}}],"collection":[{"href":"https:\/\/archives.regards.fr\/index.php?rest_route=\/wp\/v2\/posts"}],"about":[{"href":"https:\/\/archives.regards.fr\/index.php?rest_route=\/wp\/v2\/types\/post"}],"author":[{"embeddable":true,"href":"https:\/\/archives.regards.fr\/index.php?rest_route=\/wp\/v2\/users\/643"}],"replies":[{"embeddable":true,"href":"https:\/\/archives.regards.fr\/index.php?rest_route=%2Fwp%2Fv2%2Fcomments&post=7433"}],"version-history":[{"count":0,"href":"https:\/\/archives.regards.fr\/index.php?rest_route=\/wp\/v2\/posts\/7433\/revisions"}],"wp:featuredmedia":[{"embeddable":true,"href":"https:\/\/archives.regards.fr\/index.php?rest_route=\/wp\/v2\/media\/19728"}],"wp:attachment":[{"href":"https:\/\/archives.regards.fr\/index.php?rest_route=%2Fwp%2Fv2%2Fmedia&parent=7433"}],"wp:term":[{"taxonomy":"category","embeddable":true,"href":"https:\/\/archives.regards.fr\/index.php?rest_route=%2Fwp%2Fv2%2Fcategories&post=7433"},{"taxonomy":"post_tag","embeddable":true,"href":"https:\/\/archives.regards.fr\/index.php?rest_route=%2Fwp%2Fv2%2Ftags&post=7433"}],"curies":[{"name":"wp","href":"https:\/\/api.w.org\/{rel}","templated":true}]}}