{"id":7430,"date":"2014-01-29T21:37:24","date_gmt":"2014-01-29T20:37:24","guid":{"rendered":"https:\/\/wp.muchomaas.com\/courteline-a-l-inspection-du7430\/"},"modified":"2023-06-23T23:16:27","modified_gmt":"2023-06-23T21:16:27","slug":"courteline-a-l-inspection-du7430","status":"publish","type":"post","link":"https:\/\/archives.regards.fr\/?p=7430","title":{"rendered":"Courteline \u00e0 l&#8217;Inspection du travail"},"content":{"rendered":"<p>Les missions de l&#8217;Inspection du travail relevaient d\u00e9j\u00e0 de la mission impossible. Avec 2250 agents de contr\u00f4le pour 1,8 million d&#8217;entreprises, soit 800 par personne, on mesure l&#8217;ampleur de la t\u00e2che. Cette situation est, d\u00e9j\u00e0, un quasi encouragement pour tous ceux qui veulent contourner une l\u00e9gislation qui prot\u00e8ge les salari\u00e9s tant la probabilit\u00e9 d&#8217;un contr\u00f4le est faible. Pourtant, au yeux du ministre du travail, Michel Sapin, il semble que ce soit encore trop.<\/p>\n<p>Une r\u00e9forme de l&#8217;Inspection du travail, curieusement int\u00e9gr\u00e9e au projet de loi relatif \u00e0 la formation professionnelle (myst\u00e8re ?), propose de r\u00e9duire encore le nombre d&#8217;agents sur le terrain. L&#8217;organisation actuelle repose sur les sections d&#8217;inspection\u00a0: une entit\u00e9 disposant d&#8217;un territoire g\u00e9ographique et compos\u00e9e d&#8217;un inspecteur du travail et de deux contr\u00f4leurs. La r\u00e9forme, elle, propose de cr\u00e9er \u00e0 la place une unit\u00e9 de contr\u00f4le comprenant 8 \u00e0 12 agents avec \u00e0 sa t\u00eate un DUC (directeur d&#8217;unit\u00e9 de contr\u00f4le). Ceux-ci formeront une nouvelle couche hi\u00e9rarchique entre les directeurs adjoints et les inspecteurs du travail. Et comme ils seront recrut\u00e9s pour une bonne partie parmi les inspecteurs du travail, ce seront autant de personnels en moins sur le terrain. Moins de monde pour assurer les missions mais plus de petits chefs, managers on dit maintenant, voil\u00e0 qui donne envie de relire Messieurs les ronds-de-cuirs de Georges Courteline.<\/p>\n<p>Le minist\u00e8re, qui soir et matin nous vante ses capacit\u00e9s en mati\u00e8re de dialogue social, n&#8217;a pas re\u00e7u le soutien d&#8217;un seul syndicat. Qu&#8217;\u00e0 cela ne tienne, la r\u00e9forme se fera quand m\u00eame et en urgence s&#8217;il vous pla\u00eet. Une <a href=\"http:\/\/www.liberation.fr\/economie\/2014\/01\/29\/inspection-du-travail-les-comptes-de-fees-de-monsieur-sapin_975833\">tribune<\/a> parue dans <em>Lib\u00e9ration<\/em> indique ainsi\u00a0: <em>\u00ab\u00a0la priorit\u00e9 de Michel Sapin ne va pas au renforcement des contr\u00f4les, mais au \u00abpilotage\u00bb de l\u2019activit\u00e9 des inspecteurs et contr\u00f4leurs du travail\u00a0\u00bb<\/em>. Concr\u00e8tement c&#8217;est tout un pan de l&#8217;activit\u00e9 des agents de l&#8217;inspection du travail qui va \u00eatre en jach\u00e8re. Si des axes prioritaires demeureront, notamment dans le secteur du BTP (s\u00e9curit\u00e9, travail ill\u00e9gal), en revanche le non paiement des heures suppl\u00e9mentaires, le non respect des minima pour les salaires devraient largement passer au second plan.<\/p>\n<p>Le ministre du travail avait d\u00e9j\u00e0 \u00e0 son actif deux prouesses pour un membre du Parti socialiste\u00a0:<a href=\"https:\/\/wp.muchomaas.com\/web\/Le-ministre-du-travail-supprime,7233\"> la suppression des \u00e9lections prud&#8217;homales<\/a> et l&#8217;Accord National Interprofessionnel (ANI) qui accentue le d\u00e9mant\u00e8lement du code du travail. En r\u00e9duisant les contr\u00f4les effectu\u00e9s dans les entreprises, il d\u00e9montre, avec z\u00e8le, qu&#8217;il a bien compris la quintessence des derni\u00e8res allocutions de Fran\u00e7ois Hollande. On savait d\u00e9j\u00e0 que Michel Sapin n&#8217;\u00e9tait pas le ministre pour trouver du travail, il n&#8217;est pas non plus celui des conditions de travail.<div id='gallery-1' class='gallery galleryid-7430 gallery-columns-3 gallery-size-thumbnail'><figure class='gallery-item'>\n\t\t\t<div class='gallery-icon landscape'>\n\t\t\t\t<a href='https:\/\/archives.regards.fr\/wp-content\/uploads\/2014\/01\/sapin-b31.png'><img loading=\"lazy\" decoding=\"async\" width=\"150\" height=\"150\" src=\"https:\/\/archives.regards.fr\/wp-content\/uploads\/2014\/01\/sapin-b31-150x150.png\" class=\"attachment-thumbnail size-thumbnail\" alt=\"sapin.png\" \/><\/a>\n\t\t\t<\/div><\/figure>\n\t\t<\/div>\n<\/p>\n","protected":false},"excerpt":{"rendered":"<p>Les missions de l&#8217;Inspection du travail relevaient d\u00e9j\u00e0 de la mission impossible. Avec 2250 agents de contr\u00f4le pour 1,8 million d&#8217;entreprises, soit 800 par personne, on mesure l&#8217;ampleur de la t\u00e2che. Cette situation est, d\u00e9j\u00e0, un quasi encouragement pour tous ceux qui veulent contourner une l\u00e9gislation qui prot\u00e8ge les salari\u00e9s tant la probabilit\u00e9 d&#8217;un contr\u00f4le [&hellip;]<\/p>\n","protected":false},"author":1097,"featured_media":19724,"comment_status":"open","ping_status":"open","sticky":false,"template":"","format":"standard","meta":{"_themeisle_gutenberg_block_has_review":false,"footnotes":""},"categories":[157],"tags":[343],"class_list":["post-7430","post","type-post","status-publish","format-standard","has-post-thumbnail","hentry","category-web","tag-inspection-du-travail"],"_links":{"self":[{"href":"https:\/\/archives.regards.fr\/index.php?rest_route=\/wp\/v2\/posts\/7430","targetHints":{"allow":["GET"]}}],"collection":[{"href":"https:\/\/archives.regards.fr\/index.php?rest_route=\/wp\/v2\/posts"}],"about":[{"href":"https:\/\/archives.regards.fr\/index.php?rest_route=\/wp\/v2\/types\/post"}],"author":[{"embeddable":true,"href":"https:\/\/archives.regards.fr\/index.php?rest_route=\/wp\/v2\/users\/1097"}],"replies":[{"embeddable":true,"href":"https:\/\/archives.regards.fr\/index.php?rest_route=%2Fwp%2Fv2%2Fcomments&post=7430"}],"version-history":[{"count":0,"href":"https:\/\/archives.regards.fr\/index.php?rest_route=\/wp\/v2\/posts\/7430\/revisions"}],"wp:featuredmedia":[{"embeddable":true,"href":"https:\/\/archives.regards.fr\/index.php?rest_route=\/wp\/v2\/media\/19724"}],"wp:attachment":[{"href":"https:\/\/archives.regards.fr\/index.php?rest_route=%2Fwp%2Fv2%2Fmedia&parent=7430"}],"wp:term":[{"taxonomy":"category","embeddable":true,"href":"https:\/\/archives.regards.fr\/index.php?rest_route=%2Fwp%2Fv2%2Fcategories&post=7430"},{"taxonomy":"post_tag","embeddable":true,"href":"https:\/\/archives.regards.fr\/index.php?rest_route=%2Fwp%2Fv2%2Ftags&post=7430"}],"curies":[{"name":"wp","href":"https:\/\/api.w.org\/{rel}","templated":true}]}}